{"id":1363,"date":"2024-11-30T18:40:48","date_gmt":"2024-11-30T18:40:48","guid":{"rendered":"https:\/\/www.diario21.tv\/noticias\/tiktok-elimina-filtros-de-belleza-para-adolescentes-prevencion-de-problemas-de-salud-mental\/"},"modified":"2024-11-30T18:40:52","modified_gmt":"2024-11-30T18:40:52","slug":"tiktok-elimina-filtros-de-belleza-para-adolescentes-prevencion-de-problemas-de-salud-mental","status":"publish","type":"post","link":"https:\/\/www.diario21.tv\/noticias\/tiktok-elimina-filtros-de-belleza-para-adolescentes-prevencion-de-problemas-de-salud-mental\/","title":{"rendered":"TikTok elimina filtros de belleza para adolescentes: prevenci\u00f3n de problemas de salud mental"},"content":{"rendered":"<h2>TikTok implementar\u00e1 restricciones en filtros de belleza para j\u00f3venes<\/h2>\n<p>En un intento por abordar las preocupaciones crecientes sobre el impacto de las redes sociales en la salud mental de los adolescentes, TikTok ha anunciado que limitar\u00e1 el acceso a los filtros de belleza para los usuarios menores de edad. Esta medida busca prevenir los problemas de autoestima y ansiedad que pueden surgir del uso constante de estas herramientas de edici\u00f3n que alteran la apariencia f\u00edsica.<\/p>\n<h3>Detalles de la nueva pol\u00edtica<\/h3>\n<p>TikTok, la plataforma popular entre los j\u00f3venes por sus videos cortos y entretenidos, ha observado c\u00f3mo el uso excesivo de filtros de belleza puede afectar negativamente la percepci\u00f3n que los adolescentes tienen de s\u00ed mismos. En respuesta, la compa\u00f1\u00eda ha decidido que los filtros que modifican caracter\u00edsticas faciales, como la forma del rostro, el tama\u00f1o de los ojos o la textura de la piel, no estar\u00e1n disponibles para los usuarios que registren su edad como menores de 18 a\u00f1os.<\/p>\n<p>Adem\u00e1s de restringir estos filtros, TikTok tambi\u00e9n est\u00e1 introduciendo una serie de herramientas educativas dise\u00f1adas para fomentar una imagen corporal positiva entre sus usuarios m\u00e1s j\u00f3venes. Estas incluyen mensajes y videos que promueven la aceptaci\u00f3n del cuerpo y el reconocimiento de la diversidad de formas y tama\u00f1os humanos como algo normal y saludable.<\/p>\n<h3>Reacciones de la comunidad<\/h3>\n<p>La decisi\u00f3n de TikTok ha sido recibida con aplausos por parte de padres, educadores y expertos en salud mental, quienes han expresado su preocupaci\u00f3n por el impacto de las redes sociales en la juventud. Sin embargo, algunos usuarios j\u00f3venes han mostrado su descontento, argumentando que los filtros de belleza son una forma de expresi\u00f3n creativa y una herramienta para mejorar la confianza en uno mismo.<\/p>\n<p>A pesar de estas opiniones encontradas, la mayor\u00eda coincide en que la salud mental de los adolescentes debe ser una prioridad, especialmente en una era donde la presi\u00f3n por cumplir con ciertos est\u00e1ndares de belleza es intensificada por las redes sociales.<\/p>\n<h3>Impacto esperado y pasos a seguir<\/h3>\n<p>Con estas nuevas pol\u00edticas, TikTok espera no solo proteger a los adolescentes de los efectos negativos de los filtros de belleza, sino tambi\u00e9n educarlos sobre la importancia de una autoimagen saludable. Esta es una de varias iniciativas que la plataforma est\u00e1 implementando para crear un ambiente m\u00e1s seguro y saludable para sus usuarios m\u00e1s j\u00f3venes.<\/p>\n<p>A medida que estas restricciones entran en vigor, ser\u00e1 crucial observar su efectividad y ajustar las estrategias seg\u00fan sea necesario para asegurar que se alcanzan los objetivos de bienestar emocional y mental de los adolescentes. TikTok, al igual que otras redes sociales, contin\u00faa enfrentando el desaf\u00edo de equilibrar la innovaci\u00f3n y la creatividad con la responsabilidad social.<\/p>\n\n\n<div class=\"kk-star-ratings kksr-auto kksr-align-left kksr-valign-bottom\"\n    data-payload='{&quot;align&quot;:&quot;left&quot;,&quot;id&quot;:&quot;1363&quot;,&quot;slug&quot;:&quot;default&quot;,&quot;valign&quot;:&quot;bottom&quot;,&quot;ignore&quot;:&quot;&quot;,&quot;reference&quot;:&quot;auto&quot;,&quot;class&quot;:&quot;&quot;,&quot;count&quot;:&quot;0&quot;,&quot;legendonly&quot;:&quot;&quot;,&quot;readonly&quot;:&quot;&quot;,&quot;score&quot;:&quot;0&quot;,&quot;starsonly&quot;:&quot;&quot;,&quot;best&quot;:&quot;5&quot;,&quot;gap&quot;:&quot;5&quot;,&quot;greet&quot;:&quot;Valora este post&quot;,&quot;legend&quot;:&quot;0\\\/5 - (0 votes)&quot;,&quot;size&quot;:&quot;22&quot;,&quot;title&quot;:&quot;TikTok elimina filtros de belleza para adolescentes: prevenci\u00f3n de problemas de salud mental&quot;,&quot;width&quot;:&quot;0&quot;,&quot;_legend&quot;:&quot;{score}\\\/{best} - ({count} {votes})&quot;,&quot;font_factor&quot;:&quot;1.25&quot;}'>\n            \n<div class=\"kksr-stars\">\n    \n<div class=\"kksr-stars-inactive\">\n            <div class=\"kksr-star\" data-star=\"1\" style=\"padding-right: 5px\">\n            \n\n<div class=\"kksr-icon\" style=\"width: 22px; height: 22px;\"><\/div>\n        <\/div>\n            <div class=\"kksr-star\" data-star=\"2\" style=\"padding-right: 5px\">\n            \n\n<div class=\"kksr-icon\" style=\"width: 22px; height: 22px;\"><\/div>\n        <\/div>\n            <div class=\"kksr-star\" data-star=\"3\" style=\"padding-right: 5px\">\n            \n\n<div class=\"kksr-icon\" style=\"width: 22px; height: 22px;\"><\/div>\n        <\/div>\n            <div class=\"kksr-star\" data-star=\"4\" style=\"padding-right: 5px\">\n            \n\n<div class=\"kksr-icon\" style=\"width: 22px; height: 22px;\"><\/div>\n        <\/div>\n            <div class=\"kksr-star\" data-star=\"5\" style=\"padding-right: 5px\">\n            \n\n<div class=\"kksr-icon\" style=\"width: 22px; height: 22px;\"><\/div>\n        <\/div>\n    <\/div>\n    \n<div class=\"kksr-stars-active\" style=\"width: 0px;\">\n            <div class=\"kksr-star\" style=\"padding-right: 5px\">\n            \n\n<div class=\"kksr-icon\" style=\"width: 22px; height: 22px;\"><\/div>\n        <\/div>\n            <div class=\"kksr-star\" style=\"padding-right: 5px\">\n            \n\n<div class=\"kksr-icon\" style=\"width: 22px; height: 22px;\"><\/div>\n        <\/div>\n            <div class=\"kksr-star\" style=\"padding-right: 5px\">\n            \n\n<div class=\"kksr-icon\" style=\"width: 22px; height: 22px;\"><\/div>\n        <\/div>\n            <div class=\"kksr-star\" style=\"padding-right: 5px\">\n            \n\n<div class=\"kksr-icon\" style=\"width: 22px; height: 22px;\"><\/div>\n        <\/div>\n            <div class=\"kksr-star\" style=\"padding-right: 5px\">\n            \n\n<div class=\"kksr-icon\" style=\"width: 22px; height: 22px;\"><\/div>\n        <\/div>\n    <\/div>\n<\/div>\n                \n\n<div class=\"kksr-legend\" style=\"font-size: 17.6px;\">\n            <span class=\"kksr-muted\">Valora este post<\/span>\n    <\/div>\n    <\/div>\n","protected":false},"excerpt":{"rendered":"<p>TikTok implementar\u00e1 restricciones en filtros de belleza para j\u00f3venes En un intento por abordar las preocupaciones crecientes sobre el impacto de las redes sociales en la &#8230; <a title=\"TikTok elimina filtros de belleza para adolescentes: prevenci\u00f3n de problemas de salud mental\" class=\"read-more\" href=\"https:\/\/www.diario21.tv\/noticias\/tiktok-elimina-filtros-de-belleza-para-adolescentes-prevencion-de-problemas-de-salud-mental\/\" aria-label=\"Leer m\u00e1s sobre TikTok elimina filtros de belleza para adolescentes: prevenci\u00f3n de problemas de salud mental\">Seguir leyendo &rarr;<\/a><\/p>\n","protected":false},"author":20,"featured_media":1364,"comment_status":"open","ping_status":"open","sticky":false,"template":"","format":"standard","meta":{"footnotes":""},"categories":[13],"tags":[],"class_list":["post-1363","post","type-post","status-publish","format-standard","has-post-thumbnail","hentry","category-portada"],"yoast_head":"<!-- This site is optimized with the Yoast SEO plugin v25.6 - https:\/\/yoast.com\/wordpress\/plugins\/seo\/ -->\n<title>TikTok elimina filtros de belleza para adolescentes: prevenci\u00f3n de problemas de salud mental - Diario 21<\/title>\n<meta name=\"robots\" content=\"index, follow, max-snippet:-1, max-image-preview:large, max-video-preview:-1\" \/>\n<link rel=\"canonical\" href=\"https:\/\/www.diario21.tv\/noticias\/tiktok-elimina-filtros-de-belleza-para-adolescentes-prevencion-de-problemas-de-salud-mental\/\" \/>\n<meta property=\"og:locale\" content=\"es_ES\" \/>\n<meta property=\"og:type\" content=\"article\" \/>\n<meta property=\"og:title\" content=\"TikTok elimina filtros de belleza para adolescentes: prevenci\u00f3n de problemas de salud mental - Diario 21\" \/>\n<meta property=\"og:description\" content=\"TikTok implementar\u00e1 restricciones en filtros de belleza para j\u00f3venes En un intento por abordar las preocupaciones crecientes sobre el impacto de las redes sociales en la ... Seguir leyendo &rarr;\" \/>\n<meta property=\"og:url\" content=\"https:\/\/www.diario21.tv\/noticias\/tiktok-elimina-filtros-de-belleza-para-adolescentes-prevencion-de-problemas-de-salud-mental\/\" \/>\n<meta property=\"og:site_name\" content=\"Diario 21\" \/>\n<meta property=\"article:published_time\" content=\"2024-11-30T18:40:48+00:00\" \/>\n<meta property=\"article:modified_time\" content=\"2024-11-30T18:40:52+00:00\" \/>\n<meta property=\"og:image\" content=\"https:\/\/www.diario21.tv\/noticias\/wp-content\/uploads\/2024\/11\/TikTok-elimina-filtros-de-belleza-para-adolescentes-prevencion-de-problemas.jpg\" \/>\n\t<meta property=\"og:image:width\" content=\"1600\" \/>\n\t<meta property=\"og:image:height\" content=\"1066\" \/>\n\t<meta property=\"og:image:type\" content=\"image\/jpeg\" \/>\n<meta name=\"author\" content=\"Juan P\u00e9rez\" \/>\n<meta name=\"twitter:card\" content=\"summary_large_image\" \/>\n<meta name=\"twitter:label1\" content=\"Escrito por\" \/>\n\t<meta name=\"twitter:data1\" content=\"Juan P\u00e9rez\" \/>\n\t<meta name=\"twitter:label2\" content=\"Tiempo de lectura\" \/>\n\t<meta name=\"twitter:data2\" content=\"2 minutos\" \/>\n<script type=\"application\/ld+json\" class=\"yoast-schema-graph\">{\"@context\":\"https:\/\/schema.org\",\"@graph\":[{\"@type\":\"WebPage\",\"@id\":\"https:\/\/www.diario21.tv\/noticias\/tiktok-elimina-filtros-de-belleza-para-adolescentes-prevencion-de-problemas-de-salud-mental\/\",\"url\":\"https:\/\/www.diario21.tv\/noticias\/tiktok-elimina-filtros-de-belleza-para-adolescentes-prevencion-de-problemas-de-salud-mental\/\",\"name\":\"TikTok elimina filtros de belleza para adolescentes: prevenci\u00f3n de problemas de salud mental - Diario 21\",\"isPartOf\":{\"@id\":\"https:\/\/www.diario21.tv\/noticias\/#website\"},\"primaryImageOfPage\":{\"@id\":\"https:\/\/www.diario21.tv\/noticias\/tiktok-elimina-filtros-de-belleza-para-adolescentes-prevencion-de-problemas-de-salud-mental\/#primaryimage\"},\"image\":{\"@id\":\"https:\/\/www.diario21.tv\/noticias\/tiktok-elimina-filtros-de-belleza-para-adolescentes-prevencion-de-problemas-de-salud-mental\/#primaryimage\"},\"thumbnailUrl\":\"https:\/\/www.diario21.tv\/noticias\/wp-content\/uploads\/2024\/11\/TikTok-elimina-filtros-de-belleza-para-adolescentes-prevencion-de-problemas.jpg\",\"datePublished\":\"2024-11-30T18:40:48+00:00\",\"dateModified\":\"2024-11-30T18:40:52+00:00\",\"author\":{\"@id\":\"https:\/\/www.diario21.tv\/noticias\/#\/schema\/person\/dfb778f73814d8f09f302618446a526b\"},\"breadcrumb\":{\"@id\":\"https:\/\/www.diario21.tv\/noticias\/tiktok-elimina-filtros-de-belleza-para-adolescentes-prevencion-de-problemas-de-salud-mental\/#breadcrumb\"},\"inLanguage\":\"es-AR\",\"potentialAction\":[{\"@type\":\"ReadAction\",\"target\":[\"https:\/\/www.diario21.tv\/noticias\/tiktok-elimina-filtros-de-belleza-para-adolescentes-prevencion-de-problemas-de-salud-mental\/\"]}]},{\"@type\":\"ImageObject\",\"inLanguage\":\"es-AR\",\"@id\":\"https:\/\/www.diario21.tv\/noticias\/tiktok-elimina-filtros-de-belleza-para-adolescentes-prevencion-de-problemas-de-salud-mental\/#primaryimage\",\"url\":\"https:\/\/www.diario21.tv\/noticias\/wp-content\/uploads\/2024\/11\/TikTok-elimina-filtros-de-belleza-para-adolescentes-prevencion-de-problemas.jpg\",\"contentUrl\":\"https:\/\/www.diario21.tv\/noticias\/wp-content\/uploads\/2024\/11\/TikTok-elimina-filtros-de-belleza-para-adolescentes-prevencion-de-problemas.jpg\",\"width\":1600,\"height\":1066,\"caption\":\"TikTok bloquear\u00e1 los filtros de belleza a los adolescentes para evitar problemas de salud mental\"},{\"@type\":\"BreadcrumbList\",\"@id\":\"https:\/\/www.diario21.tv\/noticias\/tiktok-elimina-filtros-de-belleza-para-adolescentes-prevencion-de-problemas-de-salud-mental\/#breadcrumb\",\"itemListElement\":[{\"@type\":\"ListItem\",\"position\":1,\"name\":\"Accueil\",\"item\":\"https:\/\/www.diario21.tv\/noticias\/\"},{\"@type\":\"ListItem\",\"position\":2,\"name\":\"TikTok elimina filtros de belleza para adolescentes: prevenci\u00f3n de problemas de salud mental\"}]},{\"@type\":\"WebSite\",\"@id\":\"https:\/\/www.diario21.tv\/noticias\/#website\",\"url\":\"https:\/\/www.diario21.tv\/noticias\/\",\"name\":\"Diario 21\",\"description\":\"\",\"potentialAction\":[{\"@type\":\"SearchAction\",\"target\":{\"@type\":\"EntryPoint\",\"urlTemplate\":\"https:\/\/www.diario21.tv\/noticias\/?s={search_term_string}\"},\"query-input\":{\"@type\":\"PropertyValueSpecification\",\"valueRequired\":true,\"valueName\":\"search_term_string\"}}],\"inLanguage\":\"es-AR\"},{\"@type\":\"Person\",\"@id\":\"https:\/\/www.diario21.tv\/noticias\/#\/schema\/person\/dfb778f73814d8f09f302618446a526b\",\"name\":\"Juan P\u00e9rez\",\"image\":{\"@type\":\"ImageObject\",\"inLanguage\":\"es-AR\",\"@id\":\"https:\/\/www.diario21.tv\/noticias\/#\/schema\/person\/image\/\",\"url\":\"https:\/\/secure.gravatar.com\/avatar\/c478a405bd10621167f4c3167cc770f5?s=96&d=mm&r=g\",\"contentUrl\":\"https:\/\/secure.gravatar.com\/avatar\/c478a405bd10621167f4c3167cc770f5?s=96&d=mm&r=g\",\"caption\":\"Juan P\u00e9rez\"},\"description\":\"Juan P\u00e9rez es el redactor en jefe de Diario 21. Con m\u00e1s de 10 a\u00f1os de experiencia en el periodismo, se especializa en pol\u00edtica nacional y an\u00e1lisis socioecon\u00f3mico. Su enfoque cr\u00edtico y riguroso aporta una perspectiva \u00fanica a cada art\u00edculo.\",\"sameAs\":[\"https:\/\/www.diario21.tv\/noticias\/\"],\"url\":\"https:\/\/www.diario21.tv\/noticias\/author\/juan-perez\/\"}]}<\/script>\n<!-- \/ Yoast SEO plugin. -->","yoast_head_json":{"title":"TikTok elimina filtros de belleza para adolescentes: prevenci\u00f3n de problemas de salud mental - Diario 21","robots":{"index":"index","follow":"follow","max-snippet":"max-snippet:-1","max-image-preview":"max-image-preview:large","max-video-preview":"max-video-preview:-1"},"canonical":"https:\/\/www.diario21.tv\/noticias\/tiktok-elimina-filtros-de-belleza-para-adolescentes-prevencion-de-problemas-de-salud-mental\/","og_locale":"es_ES","og_type":"article","og_title":"TikTok elimina filtros de belleza para adolescentes: prevenci\u00f3n de problemas de salud mental - Diario 21","og_description":"TikTok implementar\u00e1 restricciones en filtros de belleza para j\u00f3venes En un intento por abordar las preocupaciones crecientes sobre el impacto de las redes sociales en la ... Seguir leyendo &rarr;","og_url":"https:\/\/www.diario21.tv\/noticias\/tiktok-elimina-filtros-de-belleza-para-adolescentes-prevencion-de-problemas-de-salud-mental\/","og_site_name":"Diario 21","article_published_time":"2024-11-30T18:40:48+00:00","article_modified_time":"2024-11-30T18:40:52+00:00","og_image":[{"width":1600,"height":1066,"url":"https:\/\/www.diario21.tv\/noticias\/wp-content\/uploads\/2024\/11\/TikTok-elimina-filtros-de-belleza-para-adolescentes-prevencion-de-problemas.jpg","type":"image\/jpeg"}],"author":"Juan P\u00e9rez","twitter_card":"summary_large_image","twitter_misc":{"Escrito por":"Juan P\u00e9rez","Tiempo de lectura":"2 minutos"},"schema":{"@context":"https:\/\/schema.org","@graph":[{"@type":"WebPage","@id":"https:\/\/www.diario21.tv\/noticias\/tiktok-elimina-filtros-de-belleza-para-adolescentes-prevencion-de-problemas-de-salud-mental\/","url":"https:\/\/www.diario21.tv\/noticias\/tiktok-elimina-filtros-de-belleza-para-adolescentes-prevencion-de-problemas-de-salud-mental\/","name":"TikTok elimina filtros de belleza para adolescentes: prevenci\u00f3n de problemas de salud mental - Diario 21","isPartOf":{"@id":"https:\/\/www.diario21.tv\/noticias\/#website"},"primaryImageOfPage":{"@id":"https:\/\/www.diario21.tv\/noticias\/tiktok-elimina-filtros-de-belleza-para-adolescentes-prevencion-de-problemas-de-salud-mental\/#primaryimage"},"image":{"@id":"https:\/\/www.diario21.tv\/noticias\/tiktok-elimina-filtros-de-belleza-para-adolescentes-prevencion-de-problemas-de-salud-mental\/#primaryimage"},"thumbnailUrl":"https:\/\/www.diario21.tv\/noticias\/wp-content\/uploads\/2024\/11\/TikTok-elimina-filtros-de-belleza-para-adolescentes-prevencion-de-problemas.jpg","datePublished":"2024-11-30T18:40:48+00:00","dateModified":"2024-11-30T18:40:52+00:00","author":{"@id":"https:\/\/www.diario21.tv\/noticias\/#\/schema\/person\/dfb778f73814d8f09f302618446a526b"},"breadcrumb":{"@id":"https:\/\/www.diario21.tv\/noticias\/tiktok-elimina-filtros-de-belleza-para-adolescentes-prevencion-de-problemas-de-salud-mental\/#breadcrumb"},"inLanguage":"es-AR","potentialAction":[{"@type":"ReadAction","target":["https:\/\/www.diario21.tv\/noticias\/tiktok-elimina-filtros-de-belleza-para-adolescentes-prevencion-de-problemas-de-salud-mental\/"]}]},{"@type":"ImageObject","inLanguage":"es-AR","@id":"https:\/\/www.diario21.tv\/noticias\/tiktok-elimina-filtros-de-belleza-para-adolescentes-prevencion-de-problemas-de-salud-mental\/#primaryimage","url":"https:\/\/www.diario21.tv\/noticias\/wp-content\/uploads\/2024\/11\/TikTok-elimina-filtros-de-belleza-para-adolescentes-prevencion-de-problemas.jpg","contentUrl":"https:\/\/www.diario21.tv\/noticias\/wp-content\/uploads\/2024\/11\/TikTok-elimina-filtros-de-belleza-para-adolescentes-prevencion-de-problemas.jpg","width":1600,"height":1066,"caption":"TikTok bloquear\u00e1 los filtros de belleza a los adolescentes para evitar problemas de salud mental"},{"@type":"BreadcrumbList","@id":"https:\/\/www.diario21.tv\/noticias\/tiktok-elimina-filtros-de-belleza-para-adolescentes-prevencion-de-problemas-de-salud-mental\/#breadcrumb","itemListElement":[{"@type":"ListItem","position":1,"name":"Accueil","item":"https:\/\/www.diario21.tv\/noticias\/"},{"@type":"ListItem","position":2,"name":"TikTok elimina filtros de belleza para adolescentes: prevenci\u00f3n de problemas de salud mental"}]},{"@type":"WebSite","@id":"https:\/\/www.diario21.tv\/noticias\/#website","url":"https:\/\/www.diario21.tv\/noticias\/","name":"Diario 21","description":"","potentialAction":[{"@type":"SearchAction","target":{"@type":"EntryPoint","urlTemplate":"https:\/\/www.diario21.tv\/noticias\/?s={search_term_string}"},"query-input":{"@type":"PropertyValueSpecification","valueRequired":true,"valueName":"search_term_string"}}],"inLanguage":"es-AR"},{"@type":"Person","@id":"https:\/\/www.diario21.tv\/noticias\/#\/schema\/person\/dfb778f73814d8f09f302618446a526b","name":"Juan P\u00e9rez","image":{"@type":"ImageObject","inLanguage":"es-AR","@id":"https:\/\/www.diario21.tv\/noticias\/#\/schema\/person\/image\/","url":"https:\/\/secure.gravatar.com\/avatar\/c478a405bd10621167f4c3167cc770f5?s=96&d=mm&r=g","contentUrl":"https:\/\/secure.gravatar.com\/avatar\/c478a405bd10621167f4c3167cc770f5?s=96&d=mm&r=g","caption":"Juan P\u00e9rez"},"description":"Juan P\u00e9rez es el redactor en jefe de Diario 21. Con m\u00e1s de 10 a\u00f1os de experiencia en el periodismo, se especializa en pol\u00edtica nacional y an\u00e1lisis socioecon\u00f3mico. Su enfoque cr\u00edtico y riguroso aporta una perspectiva \u00fanica a cada art\u00edculo.","sameAs":["https:\/\/www.diario21.tv\/noticias\/"],"url":"https:\/\/www.diario21.tv\/noticias\/author\/juan-perez\/"}]}},"_links":{"self":[{"href":"https:\/\/www.diario21.tv\/noticias\/wp-json\/wp\/v2\/posts\/1363"}],"collection":[{"href":"https:\/\/www.diario21.tv\/noticias\/wp-json\/wp\/v2\/posts"}],"about":[{"href":"https:\/\/www.diario21.tv\/noticias\/wp-json\/wp\/v2\/types\/post"}],"author":[{"embeddable":true,"href":"https:\/\/www.diario21.tv\/noticias\/wp-json\/wp\/v2\/users\/20"}],"replies":[{"embeddable":true,"href":"https:\/\/www.diario21.tv\/noticias\/wp-json\/wp\/v2\/comments?post=1363"}],"version-history":[{"count":1,"href":"https:\/\/www.diario21.tv\/noticias\/wp-json\/wp\/v2\/posts\/1363\/revisions"}],"predecessor-version":[{"id":1365,"href":"https:\/\/www.diario21.tv\/noticias\/wp-json\/wp\/v2\/posts\/1363\/revisions\/1365"}],"wp:featuredmedia":[{"embeddable":true,"href":"https:\/\/www.diario21.tv\/noticias\/wp-json\/wp\/v2\/media\/1364"}],"wp:attachment":[{"href":"https:\/\/www.diario21.tv\/noticias\/wp-json\/wp\/v2\/media?parent=1363"}],"wp:term":[{"taxonomy":"category","embeddable":true,"href":"https:\/\/www.diario21.tv\/noticias\/wp-json\/wp\/v2\/categories?post=1363"},{"taxonomy":"post_tag","embeddable":true,"href":"https:\/\/www.diario21.tv\/noticias\/wp-json\/wp\/v2\/tags?post=1363"}],"curies":[{"name":"wp","href":"https:\/\/api.w.org\/{rel}","templated":true}]}}