{"id":1354,"date":"2024-11-29T18:05:36","date_gmt":"2024-11-29T18:05:36","guid":{"rendered":"https:\/\/www.diario21.tv\/noticias\/impactante-cazador-en-albacete-acusado-de-asesinar-a-24-aves-rapaces-a-tiros\/"},"modified":"2024-11-29T18:05:41","modified_gmt":"2024-11-29T18:05:41","slug":"impactante-cazador-en-albacete-acusado-de-asesinar-a-24-aves-rapaces-a-tiros","status":"publish","type":"post","link":"https:\/\/www.diario21.tv\/noticias\/impactante-cazador-en-albacete-acusado-de-asesinar-a-24-aves-rapaces-a-tiros\/","title":{"rendered":"\u00a1Impactante! Cazador en Albacete acusado de asesinar a 24 aves rapaces a tiros."},"content":{"rendered":"<h2>Un Cazador en Albacete Acusado de Abatir a 24 Aves Rapaces<\/h2>\n<p>En un suceso reciente ocurrido en Albacete, un cazador ha sido denunciado por las autoridades despu\u00e9s de que se descubriera que hab\u00eda disparado y matado a un total de 24 aves rapaces. Este acto, que ha generado una gran consternaci\u00f3n entre la comunidad local y los defensores de la vida silvestre, ha puesto de relieve la necesidad urgente de medidas m\u00e1s estrictas en la regulaci\u00f3n de la caza.<\/p>\n<h3>Detalles del Incidente<\/h3>\n<p>El incidente sali\u00f3 a la luz cuando varios testigos informaron haber visto al cazador disparando a las aves en un \u00e1rea conocida por ser un h\u00e1bitat vital para estas especies protegidas. Tras recibir estas alertas, las autoridades iniciaron una investigaci\u00f3n que culmin\u00f3 en la localizaci\u00f3n del sospechoso y en el hallazgo de pruebas que confirmaron sus acciones.<\/p>\n<p>Las aves rapaces, conocidas por su importancia en el ecosistema debido a su rol como controladores naturales de plagas, est\u00e1n protegidas por leyes nacionales e internacionales que proh\u00edben su caza y asesinato. La lista de especies abatidas incluye varios ejemplares de gran valor ecol\u00f3gico y conservacionista.<\/p>\n<h3>Reacciones y Consecuencias<\/h3>\n<p>La comunidad de Albacete y los grupos ambientalistas han expresado su indignaci\u00f3n y tristeza ante este acto de crueldad hacia la vida silvestre. Este caso ha reavivado el debate sobre la eficacia de las leyes actuales relacionadas con la caza y la protecci\u00f3n de especies en peligro.<\/p>\n<p>Por parte de las autoridades, se ha iniciado un proceso legal contra el cazador, quien podr\u00eda enfrentar severas sanciones que incluyen multas significativas y la posible suspensi\u00f3n o revocaci\u00f3n de su licencia de caza. Adem\u00e1s, este caso podr\u00eda llevar a una revisi\u00f3n de las pol\u00edticas de caza en la regi\u00f3n, con el fin de fortalecer las protecciones para las especies vulnerables y evitar que se repitan incidentes similares en el futuro.<\/p>\n<p>Este lamentable suceso subraya la continua necesidad de vigilancia y educaci\u00f3n en temas de conservaci\u00f3n y respeto por la naturaleza. Tambi\u00e9n destaca la importancia de la colaboraci\u00f3n ciudadana en la denuncia de actos ilegales que atenten contra la biodiversidad y el bienestar de los ecosistemas.<\/p>\n\n\n<div class=\"kk-star-ratings kksr-auto kksr-align-left kksr-valign-bottom\"\n    data-payload='{&quot;align&quot;:&quot;left&quot;,&quot;id&quot;:&quot;1354&quot;,&quot;slug&quot;:&quot;default&quot;,&quot;valign&quot;:&quot;bottom&quot;,&quot;ignore&quot;:&quot;&quot;,&quot;reference&quot;:&quot;auto&quot;,&quot;class&quot;:&quot;&quot;,&quot;count&quot;:&quot;0&quot;,&quot;legendonly&quot;:&quot;&quot;,&quot;readonly&quot;:&quot;&quot;,&quot;score&quot;:&quot;0&quot;,&quot;starsonly&quot;:&quot;&quot;,&quot;best&quot;:&quot;5&quot;,&quot;gap&quot;:&quot;5&quot;,&quot;greet&quot;:&quot;Valora este post&quot;,&quot;legend&quot;:&quot;0\\\/5 - (0 votes)&quot;,&quot;size&quot;:&quot;22&quot;,&quot;title&quot;:&quot;\u00a1Impactante! Cazador en Albacete acusado de asesinar a 24 aves rapaces a tiros.&quot;,&quot;width&quot;:&quot;0&quot;,&quot;_legend&quot;:&quot;{score}\\\/{best} - ({count} {votes})&quot;,&quot;font_factor&quot;:&quot;1.25&quot;}'>\n            \n<div class=\"kksr-stars\">\n    \n<div class=\"kksr-stars-inactive\">\n            <div class=\"kksr-star\" data-star=\"1\" style=\"padding-right: 5px\">\n            \n\n<div class=\"kksr-icon\" style=\"width: 22px; height: 22px;\"><\/div>\n        <\/div>\n            <div class=\"kksr-star\" data-star=\"2\" style=\"padding-right: 5px\">\n            \n\n<div class=\"kksr-icon\" style=\"width: 22px; height: 22px;\"><\/div>\n        <\/div>\n            <div class=\"kksr-star\" data-star=\"3\" style=\"padding-right: 5px\">\n            \n\n<div class=\"kksr-icon\" style=\"width: 22px; height: 22px;\"><\/div>\n        <\/div>\n            <div class=\"kksr-star\" data-star=\"4\" style=\"padding-right: 5px\">\n            \n\n<div class=\"kksr-icon\" style=\"width: 22px; height: 22px;\"><\/div>\n        <\/div>\n            <div class=\"kksr-star\" data-star=\"5\" style=\"padding-right: 5px\">\n            \n\n<div class=\"kksr-icon\" style=\"width: 22px; height: 22px;\"><\/div>\n        <\/div>\n    <\/div>\n    \n<div class=\"kksr-stars-active\" style=\"width: 0px;\">\n            <div class=\"kksr-star\" style=\"padding-right: 5px\">\n            \n\n<div class=\"kksr-icon\" style=\"width: 22px; height: 22px;\"><\/div>\n        <\/div>\n            <div class=\"kksr-star\" style=\"padding-right: 5px\">\n            \n\n<div class=\"kksr-icon\" style=\"width: 22px; height: 22px;\"><\/div>\n        <\/div>\n            <div class=\"kksr-star\" style=\"padding-right: 5px\">\n            \n\n<div class=\"kksr-icon\" style=\"width: 22px; height: 22px;\"><\/div>\n        <\/div>\n            <div class=\"kksr-star\" style=\"padding-right: 5px\">\n            \n\n<div class=\"kksr-icon\" style=\"width: 22px; height: 22px;\"><\/div>\n        <\/div>\n            <div class=\"kksr-star\" style=\"padding-right: 5px\">\n            \n\n<div class=\"kksr-icon\" style=\"width: 22px; height: 22px;\"><\/div>\n        <\/div>\n    <\/div>\n<\/div>\n                \n\n<div class=\"kksr-legend\" style=\"font-size: 17.6px;\">\n            <span class=\"kksr-muted\">Valora este post<\/span>\n    <\/div>\n    <\/div>\n","protected":false},"excerpt":{"rendered":"<p>Un Cazador en Albacete Acusado de Abatir a 24 Aves Rapaces En un suceso reciente ocurrido en Albacete, un cazador ha sido denunciado por las autoridades &#8230; <a title=\"\u00a1Impactante! Cazador en Albacete acusado de asesinar a 24 aves rapaces a tiros.\" class=\"read-more\" href=\"https:\/\/www.diario21.tv\/noticias\/impactante-cazador-en-albacete-acusado-de-asesinar-a-24-aves-rapaces-a-tiros\/\" aria-label=\"Leer m\u00e1s sobre \u00a1Impactante! Cazador en Albacete acusado de asesinar a 24 aves rapaces a tiros.\">Seguir leyendo &rarr;<\/a><\/p>\n","protected":false},"author":20,"featured_media":1355,"comment_status":"open","ping_status":"open","sticky":false,"template":"","format":"standard","meta":{"footnotes":""},"categories":[13],"tags":[],"class_list":["post-1354","post","type-post","status-publish","format-standard","has-post-thumbnail","hentry","category-portada"],"yoast_head":"<!-- This site is optimized with the Yoast SEO plugin v25.6 - https:\/\/yoast.com\/wordpress\/plugins\/seo\/ -->\n<title>\u00a1Impactante! Cazador en Albacete acusado de asesinar a 24 aves rapaces a tiros. - Diario 21<\/title>\n<meta name=\"robots\" content=\"index, follow, max-snippet:-1, max-image-preview:large, max-video-preview:-1\" \/>\n<link rel=\"canonical\" href=\"https:\/\/www.diario21.tv\/noticias\/impactante-cazador-en-albacete-acusado-de-asesinar-a-24-aves-rapaces-a-tiros\/\" \/>\n<meta property=\"og:locale\" content=\"es_ES\" \/>\n<meta property=\"og:type\" content=\"article\" \/>\n<meta property=\"og:title\" content=\"\u00a1Impactante! Cazador en Albacete acusado de asesinar a 24 aves rapaces a tiros. - Diario 21\" \/>\n<meta property=\"og:description\" content=\"Un Cazador en Albacete Acusado de Abatir a 24 Aves Rapaces En un suceso reciente ocurrido en Albacete, un cazador ha sido denunciado por las autoridades ... Seguir leyendo &rarr;\" \/>\n<meta property=\"og:url\" content=\"https:\/\/www.diario21.tv\/noticias\/impactante-cazador-en-albacete-acusado-de-asesinar-a-24-aves-rapaces-a-tiros\/\" \/>\n<meta property=\"og:site_name\" content=\"Diario 21\" \/>\n<meta property=\"article:published_time\" content=\"2024-11-29T18:05:36+00:00\" \/>\n<meta property=\"article:modified_time\" content=\"2024-11-29T18:05:41+00:00\" \/>\n<meta property=\"og:image\" content=\"https:\/\/www.diario21.tv\/noticias\/wp-content\/uploads\/2024\/11\/\u00a1Impactante-Cazador-en-Albacete-acusado-de-asesinar-a-24-aves.jpg\" \/>\n\t<meta property=\"og:image:width\" content=\"1920\" \/>\n\t<meta property=\"og:image:height\" content=\"1080\" \/>\n\t<meta property=\"og:image:type\" content=\"image\/jpeg\" \/>\n<meta name=\"author\" content=\"Juan P\u00e9rez\" \/>\n<meta name=\"twitter:card\" content=\"summary_large_image\" \/>\n<meta name=\"twitter:label1\" content=\"Escrito por\" \/>\n\t<meta name=\"twitter:data1\" content=\"Juan P\u00e9rez\" \/>\n\t<meta name=\"twitter:label2\" content=\"Tiempo de lectura\" \/>\n\t<meta name=\"twitter:data2\" content=\"2 minutos\" \/>\n<script type=\"application\/ld+json\" class=\"yoast-schema-graph\">{\"@context\":\"https:\/\/schema.org\",\"@graph\":[{\"@type\":\"WebPage\",\"@id\":\"https:\/\/www.diario21.tv\/noticias\/impactante-cazador-en-albacete-acusado-de-asesinar-a-24-aves-rapaces-a-tiros\/\",\"url\":\"https:\/\/www.diario21.tv\/noticias\/impactante-cazador-en-albacete-acusado-de-asesinar-a-24-aves-rapaces-a-tiros\/\",\"name\":\"\u00a1Impactante! Cazador en Albacete acusado de asesinar a 24 aves rapaces a tiros. - Diario 21\",\"isPartOf\":{\"@id\":\"https:\/\/www.diario21.tv\/noticias\/#website\"},\"primaryImageOfPage\":{\"@id\":\"https:\/\/www.diario21.tv\/noticias\/impactante-cazador-en-albacete-acusado-de-asesinar-a-24-aves-rapaces-a-tiros\/#primaryimage\"},\"image\":{\"@id\":\"https:\/\/www.diario21.tv\/noticias\/impactante-cazador-en-albacete-acusado-de-asesinar-a-24-aves-rapaces-a-tiros\/#primaryimage\"},\"thumbnailUrl\":\"https:\/\/www.diario21.tv\/noticias\/wp-content\/uploads\/2024\/11\/\u00a1Impactante-Cazador-en-Albacete-acusado-de-asesinar-a-24-aves.jpg\",\"datePublished\":\"2024-11-29T18:05:36+00:00\",\"dateModified\":\"2024-11-29T18:05:41+00:00\",\"author\":{\"@id\":\"https:\/\/www.diario21.tv\/noticias\/#\/schema\/person\/dfb778f73814d8f09f302618446a526b\"},\"breadcrumb\":{\"@id\":\"https:\/\/www.diario21.tv\/noticias\/impactante-cazador-en-albacete-acusado-de-asesinar-a-24-aves-rapaces-a-tiros\/#breadcrumb\"},\"inLanguage\":\"es-AR\",\"potentialAction\":[{\"@type\":\"ReadAction\",\"target\":[\"https:\/\/www.diario21.tv\/noticias\/impactante-cazador-en-albacete-acusado-de-asesinar-a-24-aves-rapaces-a-tiros\/\"]}]},{\"@type\":\"ImageObject\",\"inLanguage\":\"es-AR\",\"@id\":\"https:\/\/www.diario21.tv\/noticias\/impactante-cazador-en-albacete-acusado-de-asesinar-a-24-aves-rapaces-a-tiros\/#primaryimage\",\"url\":\"https:\/\/www.diario21.tv\/noticias\/wp-content\/uploads\/2024\/11\/\u00a1Impactante-Cazador-en-Albacete-acusado-de-asesinar-a-24-aves.jpg\",\"contentUrl\":\"https:\/\/www.diario21.tv\/noticias\/wp-content\/uploads\/2024\/11\/\u00a1Impactante-Cazador-en-Albacete-acusado-de-asesinar-a-24-aves.jpg\",\"width\":1920,\"height\":1080,\"caption\":\"Denunciado en Albacete un cazador por matar a tiros a 24 rapaces\"},{\"@type\":\"BreadcrumbList\",\"@id\":\"https:\/\/www.diario21.tv\/noticias\/impactante-cazador-en-albacete-acusado-de-asesinar-a-24-aves-rapaces-a-tiros\/#breadcrumb\",\"itemListElement\":[{\"@type\":\"ListItem\",\"position\":1,\"name\":\"Accueil\",\"item\":\"https:\/\/www.diario21.tv\/noticias\/\"},{\"@type\":\"ListItem\",\"position\":2,\"name\":\"\u00a1Impactante! Cazador en Albacete acusado de asesinar a 24 aves rapaces a tiros.\"}]},{\"@type\":\"WebSite\",\"@id\":\"https:\/\/www.diario21.tv\/noticias\/#website\",\"url\":\"https:\/\/www.diario21.tv\/noticias\/\",\"name\":\"Diario 21\",\"description\":\"\",\"potentialAction\":[{\"@type\":\"SearchAction\",\"target\":{\"@type\":\"EntryPoint\",\"urlTemplate\":\"https:\/\/www.diario21.tv\/noticias\/?s={search_term_string}\"},\"query-input\":{\"@type\":\"PropertyValueSpecification\",\"valueRequired\":true,\"valueName\":\"search_term_string\"}}],\"inLanguage\":\"es-AR\"},{\"@type\":\"Person\",\"@id\":\"https:\/\/www.diario21.tv\/noticias\/#\/schema\/person\/dfb778f73814d8f09f302618446a526b\",\"name\":\"Juan P\u00e9rez\",\"image\":{\"@type\":\"ImageObject\",\"inLanguage\":\"es-AR\",\"@id\":\"https:\/\/www.diario21.tv\/noticias\/#\/schema\/person\/image\/\",\"url\":\"https:\/\/secure.gravatar.com\/avatar\/c478a405bd10621167f4c3167cc770f5?s=96&d=mm&r=g\",\"contentUrl\":\"https:\/\/secure.gravatar.com\/avatar\/c478a405bd10621167f4c3167cc770f5?s=96&d=mm&r=g\",\"caption\":\"Juan P\u00e9rez\"},\"description\":\"Juan P\u00e9rez es el redactor en jefe de Diario 21. Con m\u00e1s de 10 a\u00f1os de experiencia en el periodismo, se especializa en pol\u00edtica nacional y an\u00e1lisis socioecon\u00f3mico. Su enfoque cr\u00edtico y riguroso aporta una perspectiva \u00fanica a cada art\u00edculo.\",\"sameAs\":[\"https:\/\/www.diario21.tv\/noticias\/\"],\"url\":\"https:\/\/www.diario21.tv\/noticias\/author\/juan-perez\/\"}]}<\/script>\n<!-- \/ Yoast SEO plugin. -->","yoast_head_json":{"title":"\u00a1Impactante! Cazador en Albacete acusado de asesinar a 24 aves rapaces a tiros. - Diario 21","robots":{"index":"index","follow":"follow","max-snippet":"max-snippet:-1","max-image-preview":"max-image-preview:large","max-video-preview":"max-video-preview:-1"},"canonical":"https:\/\/www.diario21.tv\/noticias\/impactante-cazador-en-albacete-acusado-de-asesinar-a-24-aves-rapaces-a-tiros\/","og_locale":"es_ES","og_type":"article","og_title":"\u00a1Impactante! Cazador en Albacete acusado de asesinar a 24 aves rapaces a tiros. - Diario 21","og_description":"Un Cazador en Albacete Acusado de Abatir a 24 Aves Rapaces En un suceso reciente ocurrido en Albacete, un cazador ha sido denunciado por las autoridades ... Seguir leyendo &rarr;","og_url":"https:\/\/www.diario21.tv\/noticias\/impactante-cazador-en-albacete-acusado-de-asesinar-a-24-aves-rapaces-a-tiros\/","og_site_name":"Diario 21","article_published_time":"2024-11-29T18:05:36+00:00","article_modified_time":"2024-11-29T18:05:41+00:00","og_image":[{"width":1920,"height":1080,"url":"https:\/\/www.diario21.tv\/noticias\/wp-content\/uploads\/2024\/11\/\u00a1Impactante-Cazador-en-Albacete-acusado-de-asesinar-a-24-aves.jpg","type":"image\/jpeg"}],"author":"Juan P\u00e9rez","twitter_card":"summary_large_image","twitter_misc":{"Escrito por":"Juan P\u00e9rez","Tiempo de lectura":"2 minutos"},"schema":{"@context":"https:\/\/schema.org","@graph":[{"@type":"WebPage","@id":"https:\/\/www.diario21.tv\/noticias\/impactante-cazador-en-albacete-acusado-de-asesinar-a-24-aves-rapaces-a-tiros\/","url":"https:\/\/www.diario21.tv\/noticias\/impactante-cazador-en-albacete-acusado-de-asesinar-a-24-aves-rapaces-a-tiros\/","name":"\u00a1Impactante! Cazador en Albacete acusado de asesinar a 24 aves rapaces a tiros. - Diario 21","isPartOf":{"@id":"https:\/\/www.diario21.tv\/noticias\/#website"},"primaryImageOfPage":{"@id":"https:\/\/www.diario21.tv\/noticias\/impactante-cazador-en-albacete-acusado-de-asesinar-a-24-aves-rapaces-a-tiros\/#primaryimage"},"image":{"@id":"https:\/\/www.diario21.tv\/noticias\/impactante-cazador-en-albacete-acusado-de-asesinar-a-24-aves-rapaces-a-tiros\/#primaryimage"},"thumbnailUrl":"https:\/\/www.diario21.tv\/noticias\/wp-content\/uploads\/2024\/11\/\u00a1Impactante-Cazador-en-Albacete-acusado-de-asesinar-a-24-aves.jpg","datePublished":"2024-11-29T18:05:36+00:00","dateModified":"2024-11-29T18:05:41+00:00","author":{"@id":"https:\/\/www.diario21.tv\/noticias\/#\/schema\/person\/dfb778f73814d8f09f302618446a526b"},"breadcrumb":{"@id":"https:\/\/www.diario21.tv\/noticias\/impactante-cazador-en-albacete-acusado-de-asesinar-a-24-aves-rapaces-a-tiros\/#breadcrumb"},"inLanguage":"es-AR","potentialAction":[{"@type":"ReadAction","target":["https:\/\/www.diario21.tv\/noticias\/impactante-cazador-en-albacete-acusado-de-asesinar-a-24-aves-rapaces-a-tiros\/"]}]},{"@type":"ImageObject","inLanguage":"es-AR","@id":"https:\/\/www.diario21.tv\/noticias\/impactante-cazador-en-albacete-acusado-de-asesinar-a-24-aves-rapaces-a-tiros\/#primaryimage","url":"https:\/\/www.diario21.tv\/noticias\/wp-content\/uploads\/2024\/11\/\u00a1Impactante-Cazador-en-Albacete-acusado-de-asesinar-a-24-aves.jpg","contentUrl":"https:\/\/www.diario21.tv\/noticias\/wp-content\/uploads\/2024\/11\/\u00a1Impactante-Cazador-en-Albacete-acusado-de-asesinar-a-24-aves.jpg","width":1920,"height":1080,"caption":"Denunciado en Albacete un cazador por matar a tiros a 24 rapaces"},{"@type":"BreadcrumbList","@id":"https:\/\/www.diario21.tv\/noticias\/impactante-cazador-en-albacete-acusado-de-asesinar-a-24-aves-rapaces-a-tiros\/#breadcrumb","itemListElement":[{"@type":"ListItem","position":1,"name":"Accueil","item":"https:\/\/www.diario21.tv\/noticias\/"},{"@type":"ListItem","position":2,"name":"\u00a1Impactante! Cazador en Albacete acusado de asesinar a 24 aves rapaces a tiros."}]},{"@type":"WebSite","@id":"https:\/\/www.diario21.tv\/noticias\/#website","url":"https:\/\/www.diario21.tv\/noticias\/","name":"Diario 21","description":"","potentialAction":[{"@type":"SearchAction","target":{"@type":"EntryPoint","urlTemplate":"https:\/\/www.diario21.tv\/noticias\/?s={search_term_string}"},"query-input":{"@type":"PropertyValueSpecification","valueRequired":true,"valueName":"search_term_string"}}],"inLanguage":"es-AR"},{"@type":"Person","@id":"https:\/\/www.diario21.tv\/noticias\/#\/schema\/person\/dfb778f73814d8f09f302618446a526b","name":"Juan P\u00e9rez","image":{"@type":"ImageObject","inLanguage":"es-AR","@id":"https:\/\/www.diario21.tv\/noticias\/#\/schema\/person\/image\/","url":"https:\/\/secure.gravatar.com\/avatar\/c478a405bd10621167f4c3167cc770f5?s=96&d=mm&r=g","contentUrl":"https:\/\/secure.gravatar.com\/avatar\/c478a405bd10621167f4c3167cc770f5?s=96&d=mm&r=g","caption":"Juan P\u00e9rez"},"description":"Juan P\u00e9rez es el redactor en jefe de Diario 21. Con m\u00e1s de 10 a\u00f1os de experiencia en el periodismo, se especializa en pol\u00edtica nacional y an\u00e1lisis socioecon\u00f3mico. Su enfoque cr\u00edtico y riguroso aporta una perspectiva \u00fanica a cada art\u00edculo.","sameAs":["https:\/\/www.diario21.tv\/noticias\/"],"url":"https:\/\/www.diario21.tv\/noticias\/author\/juan-perez\/"}]}},"_links":{"self":[{"href":"https:\/\/www.diario21.tv\/noticias\/wp-json\/wp\/v2\/posts\/1354"}],"collection":[{"href":"https:\/\/www.diario21.tv\/noticias\/wp-json\/wp\/v2\/posts"}],"about":[{"href":"https:\/\/www.diario21.tv\/noticias\/wp-json\/wp\/v2\/types\/post"}],"author":[{"embeddable":true,"href":"https:\/\/www.diario21.tv\/noticias\/wp-json\/wp\/v2\/users\/20"}],"replies":[{"embeddable":true,"href":"https:\/\/www.diario21.tv\/noticias\/wp-json\/wp\/v2\/comments?post=1354"}],"version-history":[{"count":1,"href":"https:\/\/www.diario21.tv\/noticias\/wp-json\/wp\/v2\/posts\/1354\/revisions"}],"predecessor-version":[{"id":1356,"href":"https:\/\/www.diario21.tv\/noticias\/wp-json\/wp\/v2\/posts\/1354\/revisions\/1356"}],"wp:featuredmedia":[{"embeddable":true,"href":"https:\/\/www.diario21.tv\/noticias\/wp-json\/wp\/v2\/media\/1355"}],"wp:attachment":[{"href":"https:\/\/www.diario21.tv\/noticias\/wp-json\/wp\/v2\/media?parent=1354"}],"wp:term":[{"taxonomy":"category","embeddable":true,"href":"https:\/\/www.diario21.tv\/noticias\/wp-json\/wp\/v2\/categories?post=1354"},{"taxonomy":"post_tag","embeddable":true,"href":"https:\/\/www.diario21.tv\/noticias\/wp-json\/wp\/v2\/tags?post=1354"}],"curies":[{"name":"wp","href":"https:\/\/api.w.org\/{rel}","templated":true}]}}