{"id":1340,"date":"2024-11-28T05:24:43","date_gmt":"2024-11-28T05:24:43","guid":{"rendered":"https:\/\/www.diario21.tv\/noticias\/tragedia-en-sevilla-hombre-asesina-a-su-esposa-y-luego-se-suicida-en-estepa\/"},"modified":"2024-11-28T05:24:46","modified_gmt":"2024-11-28T05:24:46","slug":"tragedia-en-sevilla-hombre-asesina-a-su-esposa-y-luego-se-suicida-en-estepa","status":"publish","type":"post","link":"https:\/\/www.diario21.tv\/noticias\/tragedia-en-sevilla-hombre-asesina-a-su-esposa-y-luego-se-suicida-en-estepa\/","title":{"rendered":"Tragedia en Sevilla: hombre asesina a su esposa y luego se suicida en Estepa"},"content":{"rendered":"<h2>Tragedia Dom\u00e9stica en Estepa: Un Suicidio y un Homicidio Conmocionan Sevilla<\/h2>\n<p>En un lamentable suceso que sacudi\u00f3 la localidad de Estepa, en Sevilla, un hombre cometi\u00f3 un acto irreparable al quitarle la vida a su esposa antes de quitarse la vida. Este tr\u00e1gico evento ha dejado a la comunidad en estado de shock y ha provocado una profunda consternaci\u00f3n entre los vecinos y las autoridades locales.<\/p>\n<h3>Detalles del Incidente<\/h3>\n<p>Seg\u00fan los informes preliminares de la polic\u00eda, el suceso ocurri\u00f3 en el domicilio de la pareja. El hombre, cuya identidad no ha sido divulgada p\u00fablicamente por respeto a las familias afectadas, aparentemente agredi\u00f3 a su mujer caus\u00e1ndole la muerte y, posteriormente, se suicid\u00f3. Los cuerpos fueron descubiertos despu\u00e9s de que vecinos alertaran a las autoridades sobre un posible caso de violencia dom\u00e9stica.<\/p>\n<h3>Reacci\u00f3n de la Comunidad y Autoridades<\/h3>\n<p>La noticia ha generado una ola de reacciones entre los habitantes de Estepa, quienes est\u00e1n profundamente conmovidos y preocupados por la seguridad en su comunidad. Las autoridades, por su parte, han iniciado una investigaci\u00f3n exhaustiva para esclarecer los pormenores de este tr\u00e1gico suceso. Se ha puesto especial \u00e9nfasis en entender las circunstancias que llevaron al individuo a cometer tal acto de violencia.<\/p>\n<h3>Medidas de Prevenci\u00f3n y Apoyo<\/h3>\n<p>En respuesta a este tr\u00e1gico acontecimiento, las autoridades locales junto con organizaciones de apoyo a v\u00edctimas de violencia dom\u00e9stica, han reforzado sus esfuerzos para ofrecer ayuda y recursos a quienes puedan estar en situaciones de riesgo. Se han establecido l\u00edneas directas de asistencia y se est\u00e1n organizando talleres y charlas para educar a la comunidad sobre c\u00f3mo detectar y actuar ante se\u00f1ales de violencia dom\u00e9stica.<\/p>\n<p>Este incidente ha resaltado la urgente necesidad de abordar la violencia intrafamiliar y de fomentar un ambiente seguro y solidario en todas las comunidades. La tragedia de Estepa es un doloroso recordatorio de las consecuencias devastadoras que puede tener la violencia dom\u00e9stica no solo en las v\u00edctimas directas, sino tambi\u00e9n en toda una comunidad. Las autoridades contin\u00faan trabajando para prevenir futuros incidentes y asegurar que se brinde el apoyo necesario a aquellos en situaci\u00f3n de vulnerabilidad.<\/p>\n\n\n<div class=\"kk-star-ratings kksr-auto kksr-align-left kksr-valign-bottom\"\n    data-payload='{&quot;align&quot;:&quot;left&quot;,&quot;id&quot;:&quot;1340&quot;,&quot;slug&quot;:&quot;default&quot;,&quot;valign&quot;:&quot;bottom&quot;,&quot;ignore&quot;:&quot;&quot;,&quot;reference&quot;:&quot;auto&quot;,&quot;class&quot;:&quot;&quot;,&quot;count&quot;:&quot;0&quot;,&quot;legendonly&quot;:&quot;&quot;,&quot;readonly&quot;:&quot;&quot;,&quot;score&quot;:&quot;0&quot;,&quot;starsonly&quot;:&quot;&quot;,&quot;best&quot;:&quot;5&quot;,&quot;gap&quot;:&quot;5&quot;,&quot;greet&quot;:&quot;Valora este post&quot;,&quot;legend&quot;:&quot;0\\\/5 - (0 votes)&quot;,&quot;size&quot;:&quot;22&quot;,&quot;title&quot;:&quot;Tragedia en Sevilla: hombre asesina a su esposa y luego se suicida en Estepa&quot;,&quot;width&quot;:&quot;0&quot;,&quot;_legend&quot;:&quot;{score}\\\/{best} - ({count} {votes})&quot;,&quot;font_factor&quot;:&quot;1.25&quot;}'>\n            \n<div class=\"kksr-stars\">\n    \n<div class=\"kksr-stars-inactive\">\n            <div class=\"kksr-star\" data-star=\"1\" style=\"padding-right: 5px\">\n            \n\n<div class=\"kksr-icon\" style=\"width: 22px; height: 22px;\"><\/div>\n        <\/div>\n            <div class=\"kksr-star\" data-star=\"2\" style=\"padding-right: 5px\">\n            \n\n<div class=\"kksr-icon\" style=\"width: 22px; height: 22px;\"><\/div>\n        <\/div>\n            <div class=\"kksr-star\" data-star=\"3\" style=\"padding-right: 5px\">\n            \n\n<div class=\"kksr-icon\" style=\"width: 22px; height: 22px;\"><\/div>\n        <\/div>\n            <div class=\"kksr-star\" data-star=\"4\" style=\"padding-right: 5px\">\n            \n\n<div class=\"kksr-icon\" style=\"width: 22px; height: 22px;\"><\/div>\n        <\/div>\n            <div class=\"kksr-star\" data-star=\"5\" style=\"padding-right: 5px\">\n            \n\n<div class=\"kksr-icon\" style=\"width: 22px; height: 22px;\"><\/div>\n        <\/div>\n    <\/div>\n    \n<div class=\"kksr-stars-active\" style=\"width: 0px;\">\n            <div class=\"kksr-star\" style=\"padding-right: 5px\">\n            \n\n<div class=\"kksr-icon\" style=\"width: 22px; height: 22px;\"><\/div>\n        <\/div>\n            <div class=\"kksr-star\" style=\"padding-right: 5px\">\n            \n\n<div class=\"kksr-icon\" style=\"width: 22px; height: 22px;\"><\/div>\n        <\/div>\n            <div class=\"kksr-star\" style=\"padding-right: 5px\">\n            \n\n<div class=\"kksr-icon\" style=\"width: 22px; height: 22px;\"><\/div>\n        <\/div>\n            <div class=\"kksr-star\" style=\"padding-right: 5px\">\n            \n\n<div class=\"kksr-icon\" style=\"width: 22px; height: 22px;\"><\/div>\n        <\/div>\n            <div class=\"kksr-star\" style=\"padding-right: 5px\">\n            \n\n<div class=\"kksr-icon\" style=\"width: 22px; height: 22px;\"><\/div>\n        <\/div>\n    <\/div>\n<\/div>\n                \n\n<div class=\"kksr-legend\" style=\"font-size: 17.6px;\">\n            <span class=\"kksr-muted\">Valora este post<\/span>\n    <\/div>\n    <\/div>\n","protected":false},"excerpt":{"rendered":"<p>Tragedia Dom\u00e9stica en Estepa: Un Suicidio y un Homicidio Conmocionan Sevilla En un lamentable suceso que sacudi\u00f3 la localidad de Estepa, en Sevilla, un hombre cometi\u00f3 &#8230; <a title=\"Tragedia en Sevilla: hombre asesina a su esposa y luego se suicida en Estepa\" class=\"read-more\" href=\"https:\/\/www.diario21.tv\/noticias\/tragedia-en-sevilla-hombre-asesina-a-su-esposa-y-luego-se-suicida-en-estepa\/\" aria-label=\"Leer m\u00e1s sobre Tragedia en Sevilla: hombre asesina a su esposa y luego se suicida en Estepa\">Seguir leyendo &rarr;<\/a><\/p>\n","protected":false},"author":20,"featured_media":1341,"comment_status":"open","ping_status":"open","sticky":false,"template":"","format":"standard","meta":{"footnotes":""},"categories":[13],"tags":[],"class_list":["post-1340","post","type-post","status-publish","format-standard","has-post-thumbnail","hentry","category-portada"],"yoast_head":"<!-- This site is optimized with the Yoast SEO plugin v25.6 - https:\/\/yoast.com\/wordpress\/plugins\/seo\/ -->\n<title>Tragedia en Sevilla: hombre asesina a su esposa y luego se suicida en Estepa - Diario 21<\/title>\n<meta name=\"robots\" content=\"index, follow, max-snippet:-1, max-image-preview:large, max-video-preview:-1\" \/>\n<link rel=\"canonical\" href=\"https:\/\/www.diario21.tv\/noticias\/tragedia-en-sevilla-hombre-asesina-a-su-esposa-y-luego-se-suicida-en-estepa\/\" \/>\n<meta property=\"og:locale\" content=\"es_ES\" \/>\n<meta property=\"og:type\" content=\"article\" \/>\n<meta property=\"og:title\" content=\"Tragedia en Sevilla: hombre asesina a su esposa y luego se suicida en Estepa - Diario 21\" \/>\n<meta property=\"og:description\" content=\"Tragedia Dom\u00e9stica en Estepa: Un Suicidio y un Homicidio Conmocionan Sevilla En un lamentable suceso que sacudi\u00f3 la localidad de Estepa, en Sevilla, un hombre cometi\u00f3 ... Seguir leyendo &rarr;\" \/>\n<meta property=\"og:url\" content=\"https:\/\/www.diario21.tv\/noticias\/tragedia-en-sevilla-hombre-asesina-a-su-esposa-y-luego-se-suicida-en-estepa\/\" \/>\n<meta property=\"og:site_name\" content=\"Diario 21\" \/>\n<meta property=\"article:published_time\" content=\"2024-11-28T05:24:43+00:00\" \/>\n<meta property=\"article:modified_time\" content=\"2024-11-28T05:24:46+00:00\" \/>\n<meta property=\"og:image\" content=\"https:\/\/www.diario21.tv\/noticias\/wp-content\/uploads\/2024\/11\/Tragedia-en-Sevilla-hombre-asesina-a-su-esposa-y-luego.jpg\" \/>\n\t<meta property=\"og:image:width\" content=\"1920\" \/>\n\t<meta property=\"og:image:height\" content=\"1080\" \/>\n\t<meta property=\"og:image:type\" content=\"image\/jpeg\" \/>\n<meta name=\"author\" content=\"Juan P\u00e9rez\" \/>\n<meta name=\"twitter:card\" content=\"summary_large_image\" \/>\n<meta name=\"twitter:label1\" content=\"Escrito por\" \/>\n\t<meta name=\"twitter:data1\" content=\"Juan P\u00e9rez\" \/>\n\t<meta name=\"twitter:label2\" content=\"Tiempo de lectura\" \/>\n\t<meta name=\"twitter:data2\" content=\"2 minutos\" \/>\n<script type=\"application\/ld+json\" class=\"yoast-schema-graph\">{\"@context\":\"https:\/\/schema.org\",\"@graph\":[{\"@type\":\"WebPage\",\"@id\":\"https:\/\/www.diario21.tv\/noticias\/tragedia-en-sevilla-hombre-asesina-a-su-esposa-y-luego-se-suicida-en-estepa\/\",\"url\":\"https:\/\/www.diario21.tv\/noticias\/tragedia-en-sevilla-hombre-asesina-a-su-esposa-y-luego-se-suicida-en-estepa\/\",\"name\":\"Tragedia en Sevilla: hombre asesina a su esposa y luego se suicida en Estepa - Diario 21\",\"isPartOf\":{\"@id\":\"https:\/\/www.diario21.tv\/noticias\/#website\"},\"primaryImageOfPage\":{\"@id\":\"https:\/\/www.diario21.tv\/noticias\/tragedia-en-sevilla-hombre-asesina-a-su-esposa-y-luego-se-suicida-en-estepa\/#primaryimage\"},\"image\":{\"@id\":\"https:\/\/www.diario21.tv\/noticias\/tragedia-en-sevilla-hombre-asesina-a-su-esposa-y-luego-se-suicida-en-estepa\/#primaryimage\"},\"thumbnailUrl\":\"https:\/\/www.diario21.tv\/noticias\/wp-content\/uploads\/2024\/11\/Tragedia-en-Sevilla-hombre-asesina-a-su-esposa-y-luego.jpg\",\"datePublished\":\"2024-11-28T05:24:43+00:00\",\"dateModified\":\"2024-11-28T05:24:46+00:00\",\"author\":{\"@id\":\"https:\/\/www.diario21.tv\/noticias\/#\/schema\/person\/dfb778f73814d8f09f302618446a526b\"},\"breadcrumb\":{\"@id\":\"https:\/\/www.diario21.tv\/noticias\/tragedia-en-sevilla-hombre-asesina-a-su-esposa-y-luego-se-suicida-en-estepa\/#breadcrumb\"},\"inLanguage\":\"es-AR\",\"potentialAction\":[{\"@type\":\"ReadAction\",\"target\":[\"https:\/\/www.diario21.tv\/noticias\/tragedia-en-sevilla-hombre-asesina-a-su-esposa-y-luego-se-suicida-en-estepa\/\"]}]},{\"@type\":\"ImageObject\",\"inLanguage\":\"es-AR\",\"@id\":\"https:\/\/www.diario21.tv\/noticias\/tragedia-en-sevilla-hombre-asesina-a-su-esposa-y-luego-se-suicida-en-estepa\/#primaryimage\",\"url\":\"https:\/\/www.diario21.tv\/noticias\/wp-content\/uploads\/2024\/11\/Tragedia-en-Sevilla-hombre-asesina-a-su-esposa-y-luego.jpg\",\"contentUrl\":\"https:\/\/www.diario21.tv\/noticias\/wp-content\/uploads\/2024\/11\/Tragedia-en-Sevilla-hombre-asesina-a-su-esposa-y-luego.jpg\",\"width\":1920,\"height\":1080,\"caption\":\"Un hombre mata a su mujer y despu\u00e9s se suicida en Estepa, Sevilla\"},{\"@type\":\"BreadcrumbList\",\"@id\":\"https:\/\/www.diario21.tv\/noticias\/tragedia-en-sevilla-hombre-asesina-a-su-esposa-y-luego-se-suicida-en-estepa\/#breadcrumb\",\"itemListElement\":[{\"@type\":\"ListItem\",\"position\":1,\"name\":\"Accueil\",\"item\":\"https:\/\/www.diario21.tv\/noticias\/\"},{\"@type\":\"ListItem\",\"position\":2,\"name\":\"Tragedia en Sevilla: hombre asesina a su esposa y luego se suicida en Estepa\"}]},{\"@type\":\"WebSite\",\"@id\":\"https:\/\/www.diario21.tv\/noticias\/#website\",\"url\":\"https:\/\/www.diario21.tv\/noticias\/\",\"name\":\"Diario 21\",\"description\":\"\",\"potentialAction\":[{\"@type\":\"SearchAction\",\"target\":{\"@type\":\"EntryPoint\",\"urlTemplate\":\"https:\/\/www.diario21.tv\/noticias\/?s={search_term_string}\"},\"query-input\":{\"@type\":\"PropertyValueSpecification\",\"valueRequired\":true,\"valueName\":\"search_term_string\"}}],\"inLanguage\":\"es-AR\"},{\"@type\":\"Person\",\"@id\":\"https:\/\/www.diario21.tv\/noticias\/#\/schema\/person\/dfb778f73814d8f09f302618446a526b\",\"name\":\"Juan P\u00e9rez\",\"image\":{\"@type\":\"ImageObject\",\"inLanguage\":\"es-AR\",\"@id\":\"https:\/\/www.diario21.tv\/noticias\/#\/schema\/person\/image\/\",\"url\":\"https:\/\/secure.gravatar.com\/avatar\/c478a405bd10621167f4c3167cc770f5?s=96&d=mm&r=g\",\"contentUrl\":\"https:\/\/secure.gravatar.com\/avatar\/c478a405bd10621167f4c3167cc770f5?s=96&d=mm&r=g\",\"caption\":\"Juan P\u00e9rez\"},\"description\":\"Juan P\u00e9rez es el redactor en jefe de Diario 21. Con m\u00e1s de 10 a\u00f1os de experiencia en el periodismo, se especializa en pol\u00edtica nacional y an\u00e1lisis socioecon\u00f3mico. Su enfoque cr\u00edtico y riguroso aporta una perspectiva \u00fanica a cada art\u00edculo.\",\"sameAs\":[\"https:\/\/www.diario21.tv\/noticias\/\"],\"url\":\"https:\/\/www.diario21.tv\/noticias\/author\/juan-perez\/\"}]}<\/script>\n<!-- \/ Yoast SEO plugin. -->","yoast_head_json":{"title":"Tragedia en Sevilla: hombre asesina a su esposa y luego se suicida en Estepa - Diario 21","robots":{"index":"index","follow":"follow","max-snippet":"max-snippet:-1","max-image-preview":"max-image-preview:large","max-video-preview":"max-video-preview:-1"},"canonical":"https:\/\/www.diario21.tv\/noticias\/tragedia-en-sevilla-hombre-asesina-a-su-esposa-y-luego-se-suicida-en-estepa\/","og_locale":"es_ES","og_type":"article","og_title":"Tragedia en Sevilla: hombre asesina a su esposa y luego se suicida en Estepa - Diario 21","og_description":"Tragedia Dom\u00e9stica en Estepa: Un Suicidio y un Homicidio Conmocionan Sevilla En un lamentable suceso que sacudi\u00f3 la localidad de Estepa, en Sevilla, un hombre cometi\u00f3 ... Seguir leyendo &rarr;","og_url":"https:\/\/www.diario21.tv\/noticias\/tragedia-en-sevilla-hombre-asesina-a-su-esposa-y-luego-se-suicida-en-estepa\/","og_site_name":"Diario 21","article_published_time":"2024-11-28T05:24:43+00:00","article_modified_time":"2024-11-28T05:24:46+00:00","og_image":[{"width":1920,"height":1080,"url":"https:\/\/www.diario21.tv\/noticias\/wp-content\/uploads\/2024\/11\/Tragedia-en-Sevilla-hombre-asesina-a-su-esposa-y-luego.jpg","type":"image\/jpeg"}],"author":"Juan P\u00e9rez","twitter_card":"summary_large_image","twitter_misc":{"Escrito por":"Juan P\u00e9rez","Tiempo de lectura":"2 minutos"},"schema":{"@context":"https:\/\/schema.org","@graph":[{"@type":"WebPage","@id":"https:\/\/www.diario21.tv\/noticias\/tragedia-en-sevilla-hombre-asesina-a-su-esposa-y-luego-se-suicida-en-estepa\/","url":"https:\/\/www.diario21.tv\/noticias\/tragedia-en-sevilla-hombre-asesina-a-su-esposa-y-luego-se-suicida-en-estepa\/","name":"Tragedia en Sevilla: hombre asesina a su esposa y luego se suicida en Estepa - Diario 21","isPartOf":{"@id":"https:\/\/www.diario21.tv\/noticias\/#website"},"primaryImageOfPage":{"@id":"https:\/\/www.diario21.tv\/noticias\/tragedia-en-sevilla-hombre-asesina-a-su-esposa-y-luego-se-suicida-en-estepa\/#primaryimage"},"image":{"@id":"https:\/\/www.diario21.tv\/noticias\/tragedia-en-sevilla-hombre-asesina-a-su-esposa-y-luego-se-suicida-en-estepa\/#primaryimage"},"thumbnailUrl":"https:\/\/www.diario21.tv\/noticias\/wp-content\/uploads\/2024\/11\/Tragedia-en-Sevilla-hombre-asesina-a-su-esposa-y-luego.jpg","datePublished":"2024-11-28T05:24:43+00:00","dateModified":"2024-11-28T05:24:46+00:00","author":{"@id":"https:\/\/www.diario21.tv\/noticias\/#\/schema\/person\/dfb778f73814d8f09f302618446a526b"},"breadcrumb":{"@id":"https:\/\/www.diario21.tv\/noticias\/tragedia-en-sevilla-hombre-asesina-a-su-esposa-y-luego-se-suicida-en-estepa\/#breadcrumb"},"inLanguage":"es-AR","potentialAction":[{"@type":"ReadAction","target":["https:\/\/www.diario21.tv\/noticias\/tragedia-en-sevilla-hombre-asesina-a-su-esposa-y-luego-se-suicida-en-estepa\/"]}]},{"@type":"ImageObject","inLanguage":"es-AR","@id":"https:\/\/www.diario21.tv\/noticias\/tragedia-en-sevilla-hombre-asesina-a-su-esposa-y-luego-se-suicida-en-estepa\/#primaryimage","url":"https:\/\/www.diario21.tv\/noticias\/wp-content\/uploads\/2024\/11\/Tragedia-en-Sevilla-hombre-asesina-a-su-esposa-y-luego.jpg","contentUrl":"https:\/\/www.diario21.tv\/noticias\/wp-content\/uploads\/2024\/11\/Tragedia-en-Sevilla-hombre-asesina-a-su-esposa-y-luego.jpg","width":1920,"height":1080,"caption":"Un hombre mata a su mujer y despu\u00e9s se suicida en Estepa, Sevilla"},{"@type":"BreadcrumbList","@id":"https:\/\/www.diario21.tv\/noticias\/tragedia-en-sevilla-hombre-asesina-a-su-esposa-y-luego-se-suicida-en-estepa\/#breadcrumb","itemListElement":[{"@type":"ListItem","position":1,"name":"Accueil","item":"https:\/\/www.diario21.tv\/noticias\/"},{"@type":"ListItem","position":2,"name":"Tragedia en Sevilla: hombre asesina a su esposa y luego se suicida en Estepa"}]},{"@type":"WebSite","@id":"https:\/\/www.diario21.tv\/noticias\/#website","url":"https:\/\/www.diario21.tv\/noticias\/","name":"Diario 21","description":"","potentialAction":[{"@type":"SearchAction","target":{"@type":"EntryPoint","urlTemplate":"https:\/\/www.diario21.tv\/noticias\/?s={search_term_string}"},"query-input":{"@type":"PropertyValueSpecification","valueRequired":true,"valueName":"search_term_string"}}],"inLanguage":"es-AR"},{"@type":"Person","@id":"https:\/\/www.diario21.tv\/noticias\/#\/schema\/person\/dfb778f73814d8f09f302618446a526b","name":"Juan P\u00e9rez","image":{"@type":"ImageObject","inLanguage":"es-AR","@id":"https:\/\/www.diario21.tv\/noticias\/#\/schema\/person\/image\/","url":"https:\/\/secure.gravatar.com\/avatar\/c478a405bd10621167f4c3167cc770f5?s=96&d=mm&r=g","contentUrl":"https:\/\/secure.gravatar.com\/avatar\/c478a405bd10621167f4c3167cc770f5?s=96&d=mm&r=g","caption":"Juan P\u00e9rez"},"description":"Juan P\u00e9rez es el redactor en jefe de Diario 21. Con m\u00e1s de 10 a\u00f1os de experiencia en el periodismo, se especializa en pol\u00edtica nacional y an\u00e1lisis socioecon\u00f3mico. Su enfoque cr\u00edtico y riguroso aporta una perspectiva \u00fanica a cada art\u00edculo.","sameAs":["https:\/\/www.diario21.tv\/noticias\/"],"url":"https:\/\/www.diario21.tv\/noticias\/author\/juan-perez\/"}]}},"_links":{"self":[{"href":"https:\/\/www.diario21.tv\/noticias\/wp-json\/wp\/v2\/posts\/1340"}],"collection":[{"href":"https:\/\/www.diario21.tv\/noticias\/wp-json\/wp\/v2\/posts"}],"about":[{"href":"https:\/\/www.diario21.tv\/noticias\/wp-json\/wp\/v2\/types\/post"}],"author":[{"embeddable":true,"href":"https:\/\/www.diario21.tv\/noticias\/wp-json\/wp\/v2\/users\/20"}],"replies":[{"embeddable":true,"href":"https:\/\/www.diario21.tv\/noticias\/wp-json\/wp\/v2\/comments?post=1340"}],"version-history":[{"count":1,"href":"https:\/\/www.diario21.tv\/noticias\/wp-json\/wp\/v2\/posts\/1340\/revisions"}],"predecessor-version":[{"id":1342,"href":"https:\/\/www.diario21.tv\/noticias\/wp-json\/wp\/v2\/posts\/1340\/revisions\/1342"}],"wp:featuredmedia":[{"embeddable":true,"href":"https:\/\/www.diario21.tv\/noticias\/wp-json\/wp\/v2\/media\/1341"}],"wp:attachment":[{"href":"https:\/\/www.diario21.tv\/noticias\/wp-json\/wp\/v2\/media?parent=1340"}],"wp:term":[{"taxonomy":"category","embeddable":true,"href":"https:\/\/www.diario21.tv\/noticias\/wp-json\/wp\/v2\/categories?post=1340"},{"taxonomy":"post_tag","embeddable":true,"href":"https:\/\/www.diario21.tv\/noticias\/wp-json\/wp\/v2\/tags?post=1340"}],"curies":[{"name":"wp","href":"https:\/\/api.w.org\/{rel}","templated":true}]}}