{"id":1334,"date":"2024-11-27T17:05:29","date_gmt":"2024-11-27T17:05:29","guid":{"rendered":"https:\/\/www.diario21.tv\/noticias\/impactante-dominique-pelicot-intento-de-violacion-y-posible-asesinato-en-su-historial\/"},"modified":"2024-11-27T17:05:31","modified_gmt":"2024-11-27T17:05:31","slug":"impactante-dominique-pelicot-intento-de-violacion-y-posible-asesinato-en-su-historial","status":"publish","type":"post","link":"https:\/\/www.diario21.tv\/noticias\/impactante-dominique-pelicot-intento-de-violacion-y-posible-asesinato-en-su-historial\/","title":{"rendered":"\u00a1Impactante! Dominique Pelicot: intento de violaci\u00f3n y posible asesinato en su historial"},"content":{"rendered":"<h2>Intento de Agresi\u00f3n Sexual y un Probable Homicidio: El Historial Oscuro de Dominique Pelicot<\/h2>\n<p>El caso de Dominique Pelicot ha conmovido y perturbado a la sociedad debido a sus actos horrendos, que incluyen un intento de violaci\u00f3n y la sospecha de estar involucrado en un asesinato. Estos eventos anteriores revelan un patr\u00f3n de comportamiento violento y despiadado que ha culminado en cr\u00edmenes que han capturado la atenci\u00f3n nacional.<\/p>\n<h3>El Caso del Intento de Violaci\u00f3n<\/h3>\n<p>Los informes indican que Dominique Pelicot estuvo implicado en un grave incidente de intento de violaci\u00f3n hace varios a\u00f1os. Este delito se caracteriz\u00f3 por la brutalidad con la que intent\u00f3 agredir a su v\u00edctima, una joven que logr\u00f3 escapar de sus garras tras una lucha desesperada. El suceso dej\u00f3 secuelas psicol\u00f3gicas y f\u00edsicas en la v\u00edctima, quien desde entonces ha luchado por recuperar su vida normal.<\/p>\n<h3>La Sospecha de Asesinato<\/h3>\n<p>Adem\u00e1s del intento de violaci\u00f3n, Pelicot est\u00e1 bajo la lupa por la desaparici\u00f3n misteriosa de una persona con la que ten\u00eda conexiones previas. Aunque el cuerpo nunca fue encontrado, las circunstancias alrededor de la desaparici\u00f3n son suficientes para que las autoridades lo consideren un sospechoso en un posible caso de homicidio. Los detalles espec\u00edficos del caso son escasos, pero la gravedad de la acusaci\u00f3n ha a\u00f1adido una capa m\u00e1s de infamia a su ya manchado historial.<\/p>\n<h3>Conclusi\u00f3n<\/h3>\n<p>El perfil criminal de Dominique Pelicot es alarmante y destaca la necesidad de una vigilancia constante y de procesos judiciales efectivos para prevenir que individuos con tendencias violentas puedan continuar haciendo da\u00f1o a la sociedad. Los delitos de los que se le acusa no solo han causado da\u00f1o a las v\u00edctimas directas, sino que tambi\u00e9n han instaurado un clima de miedo y desconfianza en la comunidad. A medida que el caso contin\u00faa desarroll\u00e1ndose, la comunidad espera que se haga justicia y que se puedan prevenir futuros actos de violencia por parte de individuos como Pelicot.<\/p>\n\n\n<div class=\"kk-star-ratings kksr-auto kksr-align-left kksr-valign-bottom\"\n    data-payload='{&quot;align&quot;:&quot;left&quot;,&quot;id&quot;:&quot;1334&quot;,&quot;slug&quot;:&quot;default&quot;,&quot;valign&quot;:&quot;bottom&quot;,&quot;ignore&quot;:&quot;&quot;,&quot;reference&quot;:&quot;auto&quot;,&quot;class&quot;:&quot;&quot;,&quot;count&quot;:&quot;0&quot;,&quot;legendonly&quot;:&quot;&quot;,&quot;readonly&quot;:&quot;&quot;,&quot;score&quot;:&quot;0&quot;,&quot;starsonly&quot;:&quot;&quot;,&quot;best&quot;:&quot;5&quot;,&quot;gap&quot;:&quot;5&quot;,&quot;greet&quot;:&quot;Valora este post&quot;,&quot;legend&quot;:&quot;0\\\/5 - (0 votes)&quot;,&quot;size&quot;:&quot;22&quot;,&quot;title&quot;:&quot;\u00a1Impactante! Dominique Pelicot: intento de violaci\u00f3n y posible asesinato en su historial&quot;,&quot;width&quot;:&quot;0&quot;,&quot;_legend&quot;:&quot;{score}\\\/{best} - ({count} {votes})&quot;,&quot;font_factor&quot;:&quot;1.25&quot;}'>\n            \n<div class=\"kksr-stars\">\n    \n<div class=\"kksr-stars-inactive\">\n            <div class=\"kksr-star\" data-star=\"1\" style=\"padding-right: 5px\">\n            \n\n<div class=\"kksr-icon\" style=\"width: 22px; height: 22px;\"><\/div>\n        <\/div>\n            <div class=\"kksr-star\" data-star=\"2\" style=\"padding-right: 5px\">\n            \n\n<div class=\"kksr-icon\" style=\"width: 22px; height: 22px;\"><\/div>\n        <\/div>\n            <div class=\"kksr-star\" data-star=\"3\" style=\"padding-right: 5px\">\n            \n\n<div class=\"kksr-icon\" style=\"width: 22px; height: 22px;\"><\/div>\n        <\/div>\n            <div class=\"kksr-star\" data-star=\"4\" style=\"padding-right: 5px\">\n            \n\n<div class=\"kksr-icon\" style=\"width: 22px; height: 22px;\"><\/div>\n        <\/div>\n            <div class=\"kksr-star\" data-star=\"5\" style=\"padding-right: 5px\">\n            \n\n<div class=\"kksr-icon\" style=\"width: 22px; height: 22px;\"><\/div>\n        <\/div>\n    <\/div>\n    \n<div class=\"kksr-stars-active\" style=\"width: 0px;\">\n            <div class=\"kksr-star\" style=\"padding-right: 5px\">\n            \n\n<div class=\"kksr-icon\" style=\"width: 22px; height: 22px;\"><\/div>\n        <\/div>\n            <div class=\"kksr-star\" style=\"padding-right: 5px\">\n            \n\n<div class=\"kksr-icon\" style=\"width: 22px; height: 22px;\"><\/div>\n        <\/div>\n            <div class=\"kksr-star\" style=\"padding-right: 5px\">\n            \n\n<div class=\"kksr-icon\" style=\"width: 22px; height: 22px;\"><\/div>\n        <\/div>\n            <div class=\"kksr-star\" style=\"padding-right: 5px\">\n            \n\n<div class=\"kksr-icon\" style=\"width: 22px; height: 22px;\"><\/div>\n        <\/div>\n            <div class=\"kksr-star\" style=\"padding-right: 5px\">\n            \n\n<div class=\"kksr-icon\" style=\"width: 22px; height: 22px;\"><\/div>\n        <\/div>\n    <\/div>\n<\/div>\n                \n\n<div class=\"kksr-legend\" style=\"font-size: 17.6px;\">\n            <span class=\"kksr-muted\">Valora este post<\/span>\n    <\/div>\n    <\/div>\n","protected":false},"excerpt":{"rendered":"<p>Intento de Agresi\u00f3n Sexual y un Probable Homicidio: El Historial Oscuro de Dominique Pelicot El caso de Dominique Pelicot ha conmovido y perturbado a la sociedad &#8230; <a title=\"\u00a1Impactante! Dominique Pelicot: intento de violaci\u00f3n y posible asesinato en su historial\" class=\"read-more\" href=\"https:\/\/www.diario21.tv\/noticias\/impactante-dominique-pelicot-intento-de-violacion-y-posible-asesinato-en-su-historial\/\" aria-label=\"Leer m\u00e1s sobre \u00a1Impactante! Dominique Pelicot: intento de violaci\u00f3n y posible asesinato en su historial\">Seguir leyendo &rarr;<\/a><\/p>\n","protected":false},"author":20,"featured_media":1335,"comment_status":"open","ping_status":"open","sticky":false,"template":"","format":"standard","meta":{"footnotes":""},"categories":[13],"tags":[],"class_list":["post-1334","post","type-post","status-publish","format-standard","has-post-thumbnail","hentry","category-portada"],"yoast_head":"<!-- This site is optimized with the Yoast SEO plugin v25.6 - https:\/\/yoast.com\/wordpress\/plugins\/seo\/ -->\n<title>\u00a1Impactante! Dominique Pelicot: intento de violaci\u00f3n y posible asesinato en su historial - Diario 21<\/title>\n<meta name=\"robots\" content=\"index, follow, max-snippet:-1, max-image-preview:large, max-video-preview:-1\" \/>\n<link rel=\"canonical\" href=\"https:\/\/www.diario21.tv\/noticias\/impactante-dominique-pelicot-intento-de-violacion-y-posible-asesinato-en-su-historial\/\" \/>\n<meta property=\"og:locale\" content=\"es_ES\" \/>\n<meta property=\"og:type\" content=\"article\" \/>\n<meta property=\"og:title\" content=\"\u00a1Impactante! Dominique Pelicot: intento de violaci\u00f3n y posible asesinato en su historial - Diario 21\" \/>\n<meta property=\"og:description\" content=\"Intento de Agresi\u00f3n Sexual y un Probable Homicidio: El Historial Oscuro de Dominique Pelicot El caso de Dominique Pelicot ha conmovido y perturbado a la sociedad ... Seguir leyendo &rarr;\" \/>\n<meta property=\"og:url\" content=\"https:\/\/www.diario21.tv\/noticias\/impactante-dominique-pelicot-intento-de-violacion-y-posible-asesinato-en-su-historial\/\" \/>\n<meta property=\"og:site_name\" content=\"Diario 21\" \/>\n<meta property=\"article:published_time\" content=\"2024-11-27T17:05:29+00:00\" \/>\n<meta property=\"article:modified_time\" content=\"2024-11-27T17:05:31+00:00\" \/>\n<meta property=\"og:image\" content=\"https:\/\/www.diario21.tv\/noticias\/wp-content\/uploads\/2024\/11\/\u00a1Impactante-Dominique-Pelicot-intento-de-violacion-y-posible-asesinato-en.jpg\" \/>\n\t<meta property=\"og:image:width\" content=\"1920\" \/>\n\t<meta property=\"og:image:height\" content=\"1080\" \/>\n\t<meta property=\"og:image:type\" content=\"image\/jpeg\" \/>\n<meta name=\"author\" content=\"Juan P\u00e9rez\" \/>\n<meta name=\"twitter:card\" content=\"summary_large_image\" \/>\n<meta name=\"twitter:label1\" content=\"Escrito por\" \/>\n\t<meta name=\"twitter:data1\" content=\"Juan P\u00e9rez\" \/>\n\t<meta name=\"twitter:label2\" content=\"Tiempo de lectura\" \/>\n\t<meta name=\"twitter:data2\" content=\"2 minutos\" \/>\n<script type=\"application\/ld+json\" class=\"yoast-schema-graph\">{\"@context\":\"https:\/\/schema.org\",\"@graph\":[{\"@type\":\"WebPage\",\"@id\":\"https:\/\/www.diario21.tv\/noticias\/impactante-dominique-pelicot-intento-de-violacion-y-posible-asesinato-en-su-historial\/\",\"url\":\"https:\/\/www.diario21.tv\/noticias\/impactante-dominique-pelicot-intento-de-violacion-y-posible-asesinato-en-su-historial\/\",\"name\":\"\u00a1Impactante! Dominique Pelicot: intento de violaci\u00f3n y posible asesinato en su historial - Diario 21\",\"isPartOf\":{\"@id\":\"https:\/\/www.diario21.tv\/noticias\/#website\"},\"primaryImageOfPage\":{\"@id\":\"https:\/\/www.diario21.tv\/noticias\/impactante-dominique-pelicot-intento-de-violacion-y-posible-asesinato-en-su-historial\/#primaryimage\"},\"image\":{\"@id\":\"https:\/\/www.diario21.tv\/noticias\/impactante-dominique-pelicot-intento-de-violacion-y-posible-asesinato-en-su-historial\/#primaryimage\"},\"thumbnailUrl\":\"https:\/\/www.diario21.tv\/noticias\/wp-content\/uploads\/2024\/11\/\u00a1Impactante-Dominique-Pelicot-intento-de-violacion-y-posible-asesinato-en.jpg\",\"datePublished\":\"2024-11-27T17:05:29+00:00\",\"dateModified\":\"2024-11-27T17:05:31+00:00\",\"author\":{\"@id\":\"https:\/\/www.diario21.tv\/noticias\/#\/schema\/person\/dfb778f73814d8f09f302618446a526b\"},\"breadcrumb\":{\"@id\":\"https:\/\/www.diario21.tv\/noticias\/impactante-dominique-pelicot-intento-de-violacion-y-posible-asesinato-en-su-historial\/#breadcrumb\"},\"inLanguage\":\"es-AR\",\"potentialAction\":[{\"@type\":\"ReadAction\",\"target\":[\"https:\/\/www.diario21.tv\/noticias\/impactante-dominique-pelicot-intento-de-violacion-y-posible-asesinato-en-su-historial\/\"]}]},{\"@type\":\"ImageObject\",\"inLanguage\":\"es-AR\",\"@id\":\"https:\/\/www.diario21.tv\/noticias\/impactante-dominique-pelicot-intento-de-violacion-y-posible-asesinato-en-su-historial\/#primaryimage\",\"url\":\"https:\/\/www.diario21.tv\/noticias\/wp-content\/uploads\/2024\/11\/\u00a1Impactante-Dominique-Pelicot-intento-de-violacion-y-posible-asesinato-en.jpg\",\"contentUrl\":\"https:\/\/www.diario21.tv\/noticias\/wp-content\/uploads\/2024\/11\/\u00a1Impactante-Dominique-Pelicot-intento-de-violacion-y-posible-asesinato-en.jpg\",\"width\":1920,\"height\":1080,\"caption\":\"Un intento de violaci\u00f3n y un posible asesinato: los antecedentes de los horrores cometidos por Dominique Pelicot\"},{\"@type\":\"BreadcrumbList\",\"@id\":\"https:\/\/www.diario21.tv\/noticias\/impactante-dominique-pelicot-intento-de-violacion-y-posible-asesinato-en-su-historial\/#breadcrumb\",\"itemListElement\":[{\"@type\":\"ListItem\",\"position\":1,\"name\":\"Accueil\",\"item\":\"https:\/\/www.diario21.tv\/noticias\/\"},{\"@type\":\"ListItem\",\"position\":2,\"name\":\"\u00a1Impactante! Dominique Pelicot: intento de violaci\u00f3n y posible asesinato en su historial\"}]},{\"@type\":\"WebSite\",\"@id\":\"https:\/\/www.diario21.tv\/noticias\/#website\",\"url\":\"https:\/\/www.diario21.tv\/noticias\/\",\"name\":\"Diario 21\",\"description\":\"\",\"potentialAction\":[{\"@type\":\"SearchAction\",\"target\":{\"@type\":\"EntryPoint\",\"urlTemplate\":\"https:\/\/www.diario21.tv\/noticias\/?s={search_term_string}\"},\"query-input\":{\"@type\":\"PropertyValueSpecification\",\"valueRequired\":true,\"valueName\":\"search_term_string\"}}],\"inLanguage\":\"es-AR\"},{\"@type\":\"Person\",\"@id\":\"https:\/\/www.diario21.tv\/noticias\/#\/schema\/person\/dfb778f73814d8f09f302618446a526b\",\"name\":\"Juan P\u00e9rez\",\"image\":{\"@type\":\"ImageObject\",\"inLanguage\":\"es-AR\",\"@id\":\"https:\/\/www.diario21.tv\/noticias\/#\/schema\/person\/image\/\",\"url\":\"https:\/\/secure.gravatar.com\/avatar\/c478a405bd10621167f4c3167cc770f5?s=96&d=mm&r=g\",\"contentUrl\":\"https:\/\/secure.gravatar.com\/avatar\/c478a405bd10621167f4c3167cc770f5?s=96&d=mm&r=g\",\"caption\":\"Juan P\u00e9rez\"},\"description\":\"Juan P\u00e9rez es el redactor en jefe de Diario 21. Con m\u00e1s de 10 a\u00f1os de experiencia en el periodismo, se especializa en pol\u00edtica nacional y an\u00e1lisis socioecon\u00f3mico. Su enfoque cr\u00edtico y riguroso aporta una perspectiva \u00fanica a cada art\u00edculo.\",\"sameAs\":[\"https:\/\/www.diario21.tv\/noticias\/\"],\"url\":\"https:\/\/www.diario21.tv\/noticias\/author\/juan-perez\/\"}]}<\/script>\n<!-- \/ Yoast SEO plugin. -->","yoast_head_json":{"title":"\u00a1Impactante! Dominique Pelicot: intento de violaci\u00f3n y posible asesinato en su historial - Diario 21","robots":{"index":"index","follow":"follow","max-snippet":"max-snippet:-1","max-image-preview":"max-image-preview:large","max-video-preview":"max-video-preview:-1"},"canonical":"https:\/\/www.diario21.tv\/noticias\/impactante-dominique-pelicot-intento-de-violacion-y-posible-asesinato-en-su-historial\/","og_locale":"es_ES","og_type":"article","og_title":"\u00a1Impactante! Dominique Pelicot: intento de violaci\u00f3n y posible asesinato en su historial - Diario 21","og_description":"Intento de Agresi\u00f3n Sexual y un Probable Homicidio: El Historial Oscuro de Dominique Pelicot El caso de Dominique Pelicot ha conmovido y perturbado a la sociedad ... Seguir leyendo &rarr;","og_url":"https:\/\/www.diario21.tv\/noticias\/impactante-dominique-pelicot-intento-de-violacion-y-posible-asesinato-en-su-historial\/","og_site_name":"Diario 21","article_published_time":"2024-11-27T17:05:29+00:00","article_modified_time":"2024-11-27T17:05:31+00:00","og_image":[{"width":1920,"height":1080,"url":"https:\/\/www.diario21.tv\/noticias\/wp-content\/uploads\/2024\/11\/\u00a1Impactante-Dominique-Pelicot-intento-de-violacion-y-posible-asesinato-en.jpg","type":"image\/jpeg"}],"author":"Juan P\u00e9rez","twitter_card":"summary_large_image","twitter_misc":{"Escrito por":"Juan P\u00e9rez","Tiempo de lectura":"2 minutos"},"schema":{"@context":"https:\/\/schema.org","@graph":[{"@type":"WebPage","@id":"https:\/\/www.diario21.tv\/noticias\/impactante-dominique-pelicot-intento-de-violacion-y-posible-asesinato-en-su-historial\/","url":"https:\/\/www.diario21.tv\/noticias\/impactante-dominique-pelicot-intento-de-violacion-y-posible-asesinato-en-su-historial\/","name":"\u00a1Impactante! Dominique Pelicot: intento de violaci\u00f3n y posible asesinato en su historial - Diario 21","isPartOf":{"@id":"https:\/\/www.diario21.tv\/noticias\/#website"},"primaryImageOfPage":{"@id":"https:\/\/www.diario21.tv\/noticias\/impactante-dominique-pelicot-intento-de-violacion-y-posible-asesinato-en-su-historial\/#primaryimage"},"image":{"@id":"https:\/\/www.diario21.tv\/noticias\/impactante-dominique-pelicot-intento-de-violacion-y-posible-asesinato-en-su-historial\/#primaryimage"},"thumbnailUrl":"https:\/\/www.diario21.tv\/noticias\/wp-content\/uploads\/2024\/11\/\u00a1Impactante-Dominique-Pelicot-intento-de-violacion-y-posible-asesinato-en.jpg","datePublished":"2024-11-27T17:05:29+00:00","dateModified":"2024-11-27T17:05:31+00:00","author":{"@id":"https:\/\/www.diario21.tv\/noticias\/#\/schema\/person\/dfb778f73814d8f09f302618446a526b"},"breadcrumb":{"@id":"https:\/\/www.diario21.tv\/noticias\/impactante-dominique-pelicot-intento-de-violacion-y-posible-asesinato-en-su-historial\/#breadcrumb"},"inLanguage":"es-AR","potentialAction":[{"@type":"ReadAction","target":["https:\/\/www.diario21.tv\/noticias\/impactante-dominique-pelicot-intento-de-violacion-y-posible-asesinato-en-su-historial\/"]}]},{"@type":"ImageObject","inLanguage":"es-AR","@id":"https:\/\/www.diario21.tv\/noticias\/impactante-dominique-pelicot-intento-de-violacion-y-posible-asesinato-en-su-historial\/#primaryimage","url":"https:\/\/www.diario21.tv\/noticias\/wp-content\/uploads\/2024\/11\/\u00a1Impactante-Dominique-Pelicot-intento-de-violacion-y-posible-asesinato-en.jpg","contentUrl":"https:\/\/www.diario21.tv\/noticias\/wp-content\/uploads\/2024\/11\/\u00a1Impactante-Dominique-Pelicot-intento-de-violacion-y-posible-asesinato-en.jpg","width":1920,"height":1080,"caption":"Un intento de violaci\u00f3n y un posible asesinato: los antecedentes de los horrores cometidos por Dominique Pelicot"},{"@type":"BreadcrumbList","@id":"https:\/\/www.diario21.tv\/noticias\/impactante-dominique-pelicot-intento-de-violacion-y-posible-asesinato-en-su-historial\/#breadcrumb","itemListElement":[{"@type":"ListItem","position":1,"name":"Accueil","item":"https:\/\/www.diario21.tv\/noticias\/"},{"@type":"ListItem","position":2,"name":"\u00a1Impactante! Dominique Pelicot: intento de violaci\u00f3n y posible asesinato en su historial"}]},{"@type":"WebSite","@id":"https:\/\/www.diario21.tv\/noticias\/#website","url":"https:\/\/www.diario21.tv\/noticias\/","name":"Diario 21","description":"","potentialAction":[{"@type":"SearchAction","target":{"@type":"EntryPoint","urlTemplate":"https:\/\/www.diario21.tv\/noticias\/?s={search_term_string}"},"query-input":{"@type":"PropertyValueSpecification","valueRequired":true,"valueName":"search_term_string"}}],"inLanguage":"es-AR"},{"@type":"Person","@id":"https:\/\/www.diario21.tv\/noticias\/#\/schema\/person\/dfb778f73814d8f09f302618446a526b","name":"Juan P\u00e9rez","image":{"@type":"ImageObject","inLanguage":"es-AR","@id":"https:\/\/www.diario21.tv\/noticias\/#\/schema\/person\/image\/","url":"https:\/\/secure.gravatar.com\/avatar\/c478a405bd10621167f4c3167cc770f5?s=96&d=mm&r=g","contentUrl":"https:\/\/secure.gravatar.com\/avatar\/c478a405bd10621167f4c3167cc770f5?s=96&d=mm&r=g","caption":"Juan P\u00e9rez"},"description":"Juan P\u00e9rez es el redactor en jefe de Diario 21. Con m\u00e1s de 10 a\u00f1os de experiencia en el periodismo, se especializa en pol\u00edtica nacional y an\u00e1lisis socioecon\u00f3mico. Su enfoque cr\u00edtico y riguroso aporta una perspectiva \u00fanica a cada art\u00edculo.","sameAs":["https:\/\/www.diario21.tv\/noticias\/"],"url":"https:\/\/www.diario21.tv\/noticias\/author\/juan-perez\/"}]}},"_links":{"self":[{"href":"https:\/\/www.diario21.tv\/noticias\/wp-json\/wp\/v2\/posts\/1334"}],"collection":[{"href":"https:\/\/www.diario21.tv\/noticias\/wp-json\/wp\/v2\/posts"}],"about":[{"href":"https:\/\/www.diario21.tv\/noticias\/wp-json\/wp\/v2\/types\/post"}],"author":[{"embeddable":true,"href":"https:\/\/www.diario21.tv\/noticias\/wp-json\/wp\/v2\/users\/20"}],"replies":[{"embeddable":true,"href":"https:\/\/www.diario21.tv\/noticias\/wp-json\/wp\/v2\/comments?post=1334"}],"version-history":[{"count":1,"href":"https:\/\/www.diario21.tv\/noticias\/wp-json\/wp\/v2\/posts\/1334\/revisions"}],"predecessor-version":[{"id":1336,"href":"https:\/\/www.diario21.tv\/noticias\/wp-json\/wp\/v2\/posts\/1334\/revisions\/1336"}],"wp:featuredmedia":[{"embeddable":true,"href":"https:\/\/www.diario21.tv\/noticias\/wp-json\/wp\/v2\/media\/1335"}],"wp:attachment":[{"href":"https:\/\/www.diario21.tv\/noticias\/wp-json\/wp\/v2\/media?parent=1334"}],"wp:term":[{"taxonomy":"category","embeddable":true,"href":"https:\/\/www.diario21.tv\/noticias\/wp-json\/wp\/v2\/categories?post=1334"},{"taxonomy":"post_tag","embeddable":true,"href":"https:\/\/www.diario21.tv\/noticias\/wp-json\/wp\/v2\/tags?post=1334"}],"curies":[{"name":"wp","href":"https:\/\/api.w.org\/{rel}","templated":true}]}}