{"id":1308,"date":"2024-11-24T21:25:19","date_gmt":"2024-11-24T21:25:19","guid":{"rendered":"https:\/\/www.diario21.tv\/noticias\/increible-marieta-recibe-el-primer-corazon-artificial-intracorporeo-en-espana\/"},"modified":"2024-11-24T21:25:23","modified_gmt":"2024-11-24T21:25:23","slug":"increible-marieta-recibe-el-primer-corazon-artificial-intracorporeo-en-espana","status":"publish","type":"post","link":"https:\/\/www.diario21.tv\/noticias\/increible-marieta-recibe-el-primer-corazon-artificial-intracorporeo-en-espana\/","title":{"rendered":"\u00a1Incre\u00edble! Marieta recibe el primer &#8216;coraz\u00f3n artificial&#8217; intracorp\u00f3reo en Espa\u00f1a"},"content":{"rendered":"<h2>Marieta, pionera en Espa\u00f1a con un coraz\u00f3n mec\u00e1nico implantado<\/h2>\n<p>En un acontecimiento m\u00e9dico sin precedentes en Espa\u00f1a, Marieta ha sido la primera ni\u00f1a en el pa\u00eds en recibir un dispositivo de asistencia ventricular totalmente implantable. Este dispositivo, conocido com\u00fanmente como \u2018coraz\u00f3n artificial\u2019, representa un avance significativo en la medicina cardiovascular pedi\u00e1trica en Espa\u00f1a.<\/p>\n<h3>Un caso excepcional<\/h3>\n<p>Marieta, cuya verdadera identidad no se ha revelado por motivos de privacidad, enfrentaba una situaci\u00f3n cr\u00edtica debido a una enfermedad card\u00edaca severa que deterioraba r\u00e1pidamente su calidad de vida. Los m\u00e9dicos determinaron que la \u00fanica soluci\u00f3n viable a largo plazo para Marieta ser\u00eda la implantaci\u00f3n de un coraz\u00f3n artificial mientras espera un trasplante de coraz\u00f3n humano.<\/p>\n<h3>La operaci\u00f3n<\/h3>\n<p>El procedimiento quir\u00fargico, llevado a cabo en uno de los principales hospitales de Espa\u00f1a, fue un desaf\u00edo t\u00e9cnico y emocional para el equipo m\u00e9dico. El dispositivo implantado en Marieta es uno de los m\u00e1s avanzados de su tipo, dise\u00f1ado para mimetizar las funciones del coraz\u00f3n humano y mantener el flujo sangu\u00edneo adecuado en el cuerpo de la peque\u00f1a.<\/p>\n<h3>Implicaciones del dispositivo<\/h3>\n<p>Este tipo de tecnolog\u00eda, aunque ha sido utilizado en adultos con anterioridad, rara vez se implanta en ni\u00f1os debido a su complejidad y los requerimientos espec\u00edficos del organismo infantil. El dispositivo no solo ayuda a bombear la sangre de manera eficiente sino que tambi\u00e9n es vital para estabilizar la condici\u00f3n de la paciente mientras se encuentra en la lista de espera para un trasplante.<\/p>\n<h3>El impacto de la cirug\u00eda<\/h3>\n<p>La exitosa implantaci\u00f3n del coraz\u00f3n artificial en Marieta no solo marca un hito en la medicina pedi\u00e1trica espa\u00f1ola sino que tambi\u00e9n abre nuevas posibilidades para el tratamiento de enfermedades card\u00edacas severas en ni\u00f1os. Este avance permite a los pacientes llevar una vida relativamente normal mientras esperan un trasplante, lo cual puede tardar meses o incluso a\u00f1os.<\/p>\n<h3>El futuro de Marieta y otros ni\u00f1os<\/h3>\n<p>Tras la operaci\u00f3n, Marieta se recupera en el hospital, bajo la atenta supervisi\u00f3n de su equipo m\u00e9dico. La esperanza es que el dispositivo funcione sin inconvenientes hasta que pueda realizarse el trasplante de coraz\u00f3n. Adem\u00e1s, este caso podr\u00eda sentar un precedente para el uso de tecnolog\u00edas similares en otros j\u00f3venes pacientes que enfrentan desaf\u00edos m\u00e9dicos comparables.<\/p>\n<p>Este logro no solo subraya la importancia de la innovaci\u00f3n en el campo m\u00e9dico sino que tambi\u00e9n destaca la necesidad de continuar desarrollando soluciones que mejoren la calidad de vida de los pacientes m\u00e1s j\u00f3venes y vulnerables.<\/p>\n\n\n<div class=\"kk-star-ratings kksr-auto kksr-align-left kksr-valign-bottom\"\n    data-payload='{&quot;align&quot;:&quot;left&quot;,&quot;id&quot;:&quot;1308&quot;,&quot;slug&quot;:&quot;default&quot;,&quot;valign&quot;:&quot;bottom&quot;,&quot;ignore&quot;:&quot;&quot;,&quot;reference&quot;:&quot;auto&quot;,&quot;class&quot;:&quot;&quot;,&quot;count&quot;:&quot;0&quot;,&quot;legendonly&quot;:&quot;&quot;,&quot;readonly&quot;:&quot;&quot;,&quot;score&quot;:&quot;0&quot;,&quot;starsonly&quot;:&quot;&quot;,&quot;best&quot;:&quot;5&quot;,&quot;gap&quot;:&quot;5&quot;,&quot;greet&quot;:&quot;Valora este post&quot;,&quot;legend&quot;:&quot;0\\\/5 - (0 votes)&quot;,&quot;size&quot;:&quot;22&quot;,&quot;title&quot;:&quot;\u00a1Incre\u00edble! Marieta recibe el primer \\u0026#039;coraz\u00f3n artificial\\u0026#039; intracorp\u00f3reo en Espa\u00f1a&quot;,&quot;width&quot;:&quot;0&quot;,&quot;_legend&quot;:&quot;{score}\\\/{best} - ({count} {votes})&quot;,&quot;font_factor&quot;:&quot;1.25&quot;}'>\n            \n<div class=\"kksr-stars\">\n    \n<div class=\"kksr-stars-inactive\">\n            <div class=\"kksr-star\" data-star=\"1\" style=\"padding-right: 5px\">\n            \n\n<div class=\"kksr-icon\" style=\"width: 22px; height: 22px;\"><\/div>\n        <\/div>\n            <div class=\"kksr-star\" data-star=\"2\" style=\"padding-right: 5px\">\n            \n\n<div class=\"kksr-icon\" style=\"width: 22px; height: 22px;\"><\/div>\n        <\/div>\n            <div class=\"kksr-star\" data-star=\"3\" style=\"padding-right: 5px\">\n            \n\n<div class=\"kksr-icon\" style=\"width: 22px; height: 22px;\"><\/div>\n        <\/div>\n            <div class=\"kksr-star\" data-star=\"4\" style=\"padding-right: 5px\">\n            \n\n<div class=\"kksr-icon\" style=\"width: 22px; height: 22px;\"><\/div>\n        <\/div>\n            <div class=\"kksr-star\" data-star=\"5\" style=\"padding-right: 5px\">\n            \n\n<div class=\"kksr-icon\" style=\"width: 22px; height: 22px;\"><\/div>\n        <\/div>\n    <\/div>\n    \n<div class=\"kksr-stars-active\" style=\"width: 0px;\">\n            <div class=\"kksr-star\" style=\"padding-right: 5px\">\n            \n\n<div class=\"kksr-icon\" style=\"width: 22px; height: 22px;\"><\/div>\n        <\/div>\n            <div class=\"kksr-star\" style=\"padding-right: 5px\">\n            \n\n<div class=\"kksr-icon\" style=\"width: 22px; height: 22px;\"><\/div>\n        <\/div>\n            <div class=\"kksr-star\" style=\"padding-right: 5px\">\n            \n\n<div class=\"kksr-icon\" style=\"width: 22px; height: 22px;\"><\/div>\n        <\/div>\n            <div class=\"kksr-star\" style=\"padding-right: 5px\">\n            \n\n<div class=\"kksr-icon\" style=\"width: 22px; height: 22px;\"><\/div>\n        <\/div>\n            <div class=\"kksr-star\" style=\"padding-right: 5px\">\n            \n\n<div class=\"kksr-icon\" style=\"width: 22px; height: 22px;\"><\/div>\n        <\/div>\n    <\/div>\n<\/div>\n                \n\n<div class=\"kksr-legend\" style=\"font-size: 17.6px;\">\n            <span class=\"kksr-muted\">Valora este post<\/span>\n    <\/div>\n    <\/div>\n","protected":false},"excerpt":{"rendered":"<p>Marieta, pionera en Espa\u00f1a con un coraz\u00f3n mec\u00e1nico implantado En un acontecimiento m\u00e9dico sin precedentes en Espa\u00f1a, Marieta ha sido la primera ni\u00f1a en el pa\u00eds &#8230; <a title=\"\u00a1Incre\u00edble! Marieta recibe el primer &#8216;coraz\u00f3n artificial&#8217; intracorp\u00f3reo en Espa\u00f1a\" class=\"read-more\" href=\"https:\/\/www.diario21.tv\/noticias\/increible-marieta-recibe-el-primer-corazon-artificial-intracorporeo-en-espana\/\" aria-label=\"Leer m\u00e1s sobre \u00a1Incre\u00edble! Marieta recibe el primer &#8216;coraz\u00f3n artificial&#8217; intracorp\u00f3reo en Espa\u00f1a\">Seguir leyendo &rarr;<\/a><\/p>\n","protected":false},"author":20,"featured_media":1309,"comment_status":"open","ping_status":"open","sticky":false,"template":"","format":"standard","meta":{"footnotes":""},"categories":[13],"tags":[],"class_list":["post-1308","post","type-post","status-publish","format-standard","has-post-thumbnail","hentry","category-portada"],"yoast_head":"<!-- This site is optimized with the Yoast SEO plugin v25.6 - https:\/\/yoast.com\/wordpress\/plugins\/seo\/ -->\n<title>\u00a1Incre\u00edble! Marieta recibe el primer &#039;coraz\u00f3n artificial&#039; intracorp\u00f3reo en Espa\u00f1a - Diario 21<\/title>\n<meta name=\"robots\" content=\"index, follow, max-snippet:-1, max-image-preview:large, max-video-preview:-1\" \/>\n<link rel=\"canonical\" href=\"https:\/\/www.diario21.tv\/noticias\/increible-marieta-recibe-el-primer-corazon-artificial-intracorporeo-en-espana\/\" \/>\n<meta property=\"og:locale\" content=\"es_ES\" \/>\n<meta property=\"og:type\" content=\"article\" \/>\n<meta property=\"og:title\" content=\"\u00a1Incre\u00edble! Marieta recibe el primer &#039;coraz\u00f3n artificial&#039; intracorp\u00f3reo en Espa\u00f1a - Diario 21\" \/>\n<meta property=\"og:description\" content=\"Marieta, pionera en Espa\u00f1a con un coraz\u00f3n mec\u00e1nico implantado En un acontecimiento m\u00e9dico sin precedentes en Espa\u00f1a, Marieta ha sido la primera ni\u00f1a en el pa\u00eds ... Seguir leyendo &rarr;\" \/>\n<meta property=\"og:url\" content=\"https:\/\/www.diario21.tv\/noticias\/increible-marieta-recibe-el-primer-corazon-artificial-intracorporeo-en-espana\/\" \/>\n<meta property=\"og:site_name\" content=\"Diario 21\" \/>\n<meta property=\"article:published_time\" content=\"2024-11-24T21:25:19+00:00\" \/>\n<meta property=\"article:modified_time\" content=\"2024-11-24T21:25:23+00:00\" \/>\n<meta property=\"og:image\" content=\"https:\/\/www.diario21.tv\/noticias\/wp-content\/uploads\/2024\/11\/\u00a1Increible-Marieta-recibe-el-primer-corazon-artificial-intracorporeo-en-Espana.jpeg\" \/>\n\t<meta property=\"og:image:width\" content=\"1920\" \/>\n\t<meta property=\"og:image:height\" content=\"1080\" \/>\n\t<meta property=\"og:image:type\" content=\"image\/jpeg\" \/>\n<meta name=\"author\" content=\"Juan P\u00e9rez\" \/>\n<meta name=\"twitter:card\" content=\"summary_large_image\" \/>\n<meta name=\"twitter:label1\" content=\"Escrito por\" \/>\n\t<meta name=\"twitter:data1\" content=\"Juan P\u00e9rez\" \/>\n\t<meta name=\"twitter:label2\" content=\"Tiempo de lectura\" \/>\n\t<meta name=\"twitter:data2\" content=\"2 minutos\" \/>\n<script type=\"application\/ld+json\" class=\"yoast-schema-graph\">{\"@context\":\"https:\/\/schema.org\",\"@graph\":[{\"@type\":\"WebPage\",\"@id\":\"https:\/\/www.diario21.tv\/noticias\/increible-marieta-recibe-el-primer-corazon-artificial-intracorporeo-en-espana\/\",\"url\":\"https:\/\/www.diario21.tv\/noticias\/increible-marieta-recibe-el-primer-corazon-artificial-intracorporeo-en-espana\/\",\"name\":\"\u00a1Incre\u00edble! Marieta recibe el primer 'coraz\u00f3n artificial' intracorp\u00f3reo en Espa\u00f1a - Diario 21\",\"isPartOf\":{\"@id\":\"https:\/\/www.diario21.tv\/noticias\/#website\"},\"primaryImageOfPage\":{\"@id\":\"https:\/\/www.diario21.tv\/noticias\/increible-marieta-recibe-el-primer-corazon-artificial-intracorporeo-en-espana\/#primaryimage\"},\"image\":{\"@id\":\"https:\/\/www.diario21.tv\/noticias\/increible-marieta-recibe-el-primer-corazon-artificial-intracorporeo-en-espana\/#primaryimage\"},\"thumbnailUrl\":\"https:\/\/www.diario21.tv\/noticias\/wp-content\/uploads\/2024\/11\/\u00a1Increible-Marieta-recibe-el-primer-corazon-artificial-intracorporeo-en-Espana.jpeg\",\"datePublished\":\"2024-11-24T21:25:19+00:00\",\"dateModified\":\"2024-11-24T21:25:23+00:00\",\"author\":{\"@id\":\"https:\/\/www.diario21.tv\/noticias\/#\/schema\/person\/dfb778f73814d8f09f302618446a526b\"},\"breadcrumb\":{\"@id\":\"https:\/\/www.diario21.tv\/noticias\/increible-marieta-recibe-el-primer-corazon-artificial-intracorporeo-en-espana\/#breadcrumb\"},\"inLanguage\":\"es-AR\",\"potentialAction\":[{\"@type\":\"ReadAction\",\"target\":[\"https:\/\/www.diario21.tv\/noticias\/increible-marieta-recibe-el-primer-corazon-artificial-intracorporeo-en-espana\/\"]}]},{\"@type\":\"ImageObject\",\"inLanguage\":\"es-AR\",\"@id\":\"https:\/\/www.diario21.tv\/noticias\/increible-marieta-recibe-el-primer-corazon-artificial-intracorporeo-en-espana\/#primaryimage\",\"url\":\"https:\/\/www.diario21.tv\/noticias\/wp-content\/uploads\/2024\/11\/\u00a1Increible-Marieta-recibe-el-primer-corazon-artificial-intracorporeo-en-Espana.jpeg\",\"contentUrl\":\"https:\/\/www.diario21.tv\/noticias\/wp-content\/uploads\/2024\/11\/\u00a1Increible-Marieta-recibe-el-primer-corazon-artificial-intracorporeo-en-Espana.jpeg\",\"width\":1920,\"height\":1080,\"caption\":\"Marieta, la primera ni\u00f1a en recibir en Espa\u00f1a un &#039;coraz\u00f3n artificial&#039; intracorp\u00f3reo\"},{\"@type\":\"BreadcrumbList\",\"@id\":\"https:\/\/www.diario21.tv\/noticias\/increible-marieta-recibe-el-primer-corazon-artificial-intracorporeo-en-espana\/#breadcrumb\",\"itemListElement\":[{\"@type\":\"ListItem\",\"position\":1,\"name\":\"Accueil\",\"item\":\"https:\/\/www.diario21.tv\/noticias\/\"},{\"@type\":\"ListItem\",\"position\":2,\"name\":\"\u00a1Incre\u00edble! Marieta recibe el primer &#8216;coraz\u00f3n artificial&#8217; intracorp\u00f3reo en Espa\u00f1a\"}]},{\"@type\":\"WebSite\",\"@id\":\"https:\/\/www.diario21.tv\/noticias\/#website\",\"url\":\"https:\/\/www.diario21.tv\/noticias\/\",\"name\":\"Diario 21\",\"description\":\"\",\"potentialAction\":[{\"@type\":\"SearchAction\",\"target\":{\"@type\":\"EntryPoint\",\"urlTemplate\":\"https:\/\/www.diario21.tv\/noticias\/?s={search_term_string}\"},\"query-input\":{\"@type\":\"PropertyValueSpecification\",\"valueRequired\":true,\"valueName\":\"search_term_string\"}}],\"inLanguage\":\"es-AR\"},{\"@type\":\"Person\",\"@id\":\"https:\/\/www.diario21.tv\/noticias\/#\/schema\/person\/dfb778f73814d8f09f302618446a526b\",\"name\":\"Juan P\u00e9rez\",\"image\":{\"@type\":\"ImageObject\",\"inLanguage\":\"es-AR\",\"@id\":\"https:\/\/www.diario21.tv\/noticias\/#\/schema\/person\/image\/\",\"url\":\"https:\/\/secure.gravatar.com\/avatar\/c478a405bd10621167f4c3167cc770f5?s=96&d=mm&r=g\",\"contentUrl\":\"https:\/\/secure.gravatar.com\/avatar\/c478a405bd10621167f4c3167cc770f5?s=96&d=mm&r=g\",\"caption\":\"Juan P\u00e9rez\"},\"description\":\"Juan P\u00e9rez es el redactor en jefe de Diario 21. Con m\u00e1s de 10 a\u00f1os de experiencia en el periodismo, se especializa en pol\u00edtica nacional y an\u00e1lisis socioecon\u00f3mico. Su enfoque cr\u00edtico y riguroso aporta una perspectiva \u00fanica a cada art\u00edculo.\",\"sameAs\":[\"https:\/\/www.diario21.tv\/noticias\/\"],\"url\":\"https:\/\/www.diario21.tv\/noticias\/author\/juan-perez\/\"}]}<\/script>\n<!-- \/ Yoast SEO plugin. -->","yoast_head_json":{"title":"\u00a1Incre\u00edble! Marieta recibe el primer 'coraz\u00f3n artificial' intracorp\u00f3reo en Espa\u00f1a - Diario 21","robots":{"index":"index","follow":"follow","max-snippet":"max-snippet:-1","max-image-preview":"max-image-preview:large","max-video-preview":"max-video-preview:-1"},"canonical":"https:\/\/www.diario21.tv\/noticias\/increible-marieta-recibe-el-primer-corazon-artificial-intracorporeo-en-espana\/","og_locale":"es_ES","og_type":"article","og_title":"\u00a1Incre\u00edble! Marieta recibe el primer 'coraz\u00f3n artificial' intracorp\u00f3reo en Espa\u00f1a - Diario 21","og_description":"Marieta, pionera en Espa\u00f1a con un coraz\u00f3n mec\u00e1nico implantado En un acontecimiento m\u00e9dico sin precedentes en Espa\u00f1a, Marieta ha sido la primera ni\u00f1a en el pa\u00eds ... Seguir leyendo &rarr;","og_url":"https:\/\/www.diario21.tv\/noticias\/increible-marieta-recibe-el-primer-corazon-artificial-intracorporeo-en-espana\/","og_site_name":"Diario 21","article_published_time":"2024-11-24T21:25:19+00:00","article_modified_time":"2024-11-24T21:25:23+00:00","og_image":[{"width":1920,"height":1080,"url":"https:\/\/www.diario21.tv\/noticias\/wp-content\/uploads\/2024\/11\/\u00a1Increible-Marieta-recibe-el-primer-corazon-artificial-intracorporeo-en-Espana.jpeg","type":"image\/jpeg"}],"author":"Juan P\u00e9rez","twitter_card":"summary_large_image","twitter_misc":{"Escrito por":"Juan P\u00e9rez","Tiempo de lectura":"2 minutos"},"schema":{"@context":"https:\/\/schema.org","@graph":[{"@type":"WebPage","@id":"https:\/\/www.diario21.tv\/noticias\/increible-marieta-recibe-el-primer-corazon-artificial-intracorporeo-en-espana\/","url":"https:\/\/www.diario21.tv\/noticias\/increible-marieta-recibe-el-primer-corazon-artificial-intracorporeo-en-espana\/","name":"\u00a1Incre\u00edble! Marieta recibe el primer 'coraz\u00f3n artificial' intracorp\u00f3reo en Espa\u00f1a - Diario 21","isPartOf":{"@id":"https:\/\/www.diario21.tv\/noticias\/#website"},"primaryImageOfPage":{"@id":"https:\/\/www.diario21.tv\/noticias\/increible-marieta-recibe-el-primer-corazon-artificial-intracorporeo-en-espana\/#primaryimage"},"image":{"@id":"https:\/\/www.diario21.tv\/noticias\/increible-marieta-recibe-el-primer-corazon-artificial-intracorporeo-en-espana\/#primaryimage"},"thumbnailUrl":"https:\/\/www.diario21.tv\/noticias\/wp-content\/uploads\/2024\/11\/\u00a1Increible-Marieta-recibe-el-primer-corazon-artificial-intracorporeo-en-Espana.jpeg","datePublished":"2024-11-24T21:25:19+00:00","dateModified":"2024-11-24T21:25:23+00:00","author":{"@id":"https:\/\/www.diario21.tv\/noticias\/#\/schema\/person\/dfb778f73814d8f09f302618446a526b"},"breadcrumb":{"@id":"https:\/\/www.diario21.tv\/noticias\/increible-marieta-recibe-el-primer-corazon-artificial-intracorporeo-en-espana\/#breadcrumb"},"inLanguage":"es-AR","potentialAction":[{"@type":"ReadAction","target":["https:\/\/www.diario21.tv\/noticias\/increible-marieta-recibe-el-primer-corazon-artificial-intracorporeo-en-espana\/"]}]},{"@type":"ImageObject","inLanguage":"es-AR","@id":"https:\/\/www.diario21.tv\/noticias\/increible-marieta-recibe-el-primer-corazon-artificial-intracorporeo-en-espana\/#primaryimage","url":"https:\/\/www.diario21.tv\/noticias\/wp-content\/uploads\/2024\/11\/\u00a1Increible-Marieta-recibe-el-primer-corazon-artificial-intracorporeo-en-Espana.jpeg","contentUrl":"https:\/\/www.diario21.tv\/noticias\/wp-content\/uploads\/2024\/11\/\u00a1Increible-Marieta-recibe-el-primer-corazon-artificial-intracorporeo-en-Espana.jpeg","width":1920,"height":1080,"caption":"Marieta, la primera ni\u00f1a en recibir en Espa\u00f1a un &#039;coraz\u00f3n artificial&#039; intracorp\u00f3reo"},{"@type":"BreadcrumbList","@id":"https:\/\/www.diario21.tv\/noticias\/increible-marieta-recibe-el-primer-corazon-artificial-intracorporeo-en-espana\/#breadcrumb","itemListElement":[{"@type":"ListItem","position":1,"name":"Accueil","item":"https:\/\/www.diario21.tv\/noticias\/"},{"@type":"ListItem","position":2,"name":"\u00a1Incre\u00edble! Marieta recibe el primer &#8216;coraz\u00f3n artificial&#8217; intracorp\u00f3reo en Espa\u00f1a"}]},{"@type":"WebSite","@id":"https:\/\/www.diario21.tv\/noticias\/#website","url":"https:\/\/www.diario21.tv\/noticias\/","name":"Diario 21","description":"","potentialAction":[{"@type":"SearchAction","target":{"@type":"EntryPoint","urlTemplate":"https:\/\/www.diario21.tv\/noticias\/?s={search_term_string}"},"query-input":{"@type":"PropertyValueSpecification","valueRequired":true,"valueName":"search_term_string"}}],"inLanguage":"es-AR"},{"@type":"Person","@id":"https:\/\/www.diario21.tv\/noticias\/#\/schema\/person\/dfb778f73814d8f09f302618446a526b","name":"Juan P\u00e9rez","image":{"@type":"ImageObject","inLanguage":"es-AR","@id":"https:\/\/www.diario21.tv\/noticias\/#\/schema\/person\/image\/","url":"https:\/\/secure.gravatar.com\/avatar\/c478a405bd10621167f4c3167cc770f5?s=96&d=mm&r=g","contentUrl":"https:\/\/secure.gravatar.com\/avatar\/c478a405bd10621167f4c3167cc770f5?s=96&d=mm&r=g","caption":"Juan P\u00e9rez"},"description":"Juan P\u00e9rez es el redactor en jefe de Diario 21. Con m\u00e1s de 10 a\u00f1os de experiencia en el periodismo, se especializa en pol\u00edtica nacional y an\u00e1lisis socioecon\u00f3mico. Su enfoque cr\u00edtico y riguroso aporta una perspectiva \u00fanica a cada art\u00edculo.","sameAs":["https:\/\/www.diario21.tv\/noticias\/"],"url":"https:\/\/www.diario21.tv\/noticias\/author\/juan-perez\/"}]}},"_links":{"self":[{"href":"https:\/\/www.diario21.tv\/noticias\/wp-json\/wp\/v2\/posts\/1308"}],"collection":[{"href":"https:\/\/www.diario21.tv\/noticias\/wp-json\/wp\/v2\/posts"}],"about":[{"href":"https:\/\/www.diario21.tv\/noticias\/wp-json\/wp\/v2\/types\/post"}],"author":[{"embeddable":true,"href":"https:\/\/www.diario21.tv\/noticias\/wp-json\/wp\/v2\/users\/20"}],"replies":[{"embeddable":true,"href":"https:\/\/www.diario21.tv\/noticias\/wp-json\/wp\/v2\/comments?post=1308"}],"version-history":[{"count":1,"href":"https:\/\/www.diario21.tv\/noticias\/wp-json\/wp\/v2\/posts\/1308\/revisions"}],"predecessor-version":[{"id":1310,"href":"https:\/\/www.diario21.tv\/noticias\/wp-json\/wp\/v2\/posts\/1308\/revisions\/1310"}],"wp:featuredmedia":[{"embeddable":true,"href":"https:\/\/www.diario21.tv\/noticias\/wp-json\/wp\/v2\/media\/1309"}],"wp:attachment":[{"href":"https:\/\/www.diario21.tv\/noticias\/wp-json\/wp\/v2\/media?parent=1308"}],"wp:term":[{"taxonomy":"category","embeddable":true,"href":"https:\/\/www.diario21.tv\/noticias\/wp-json\/wp\/v2\/categories?post=1308"},{"taxonomy":"post_tag","embeddable":true,"href":"https:\/\/www.diario21.tv\/noticias\/wp-json\/wp\/v2\/tags?post=1308"}],"curies":[{"name":"wp","href":"https:\/\/api.w.org\/{rel}","templated":true}]}}