{"id":1305,"date":"2024-11-24T15:24:46","date_gmt":"2024-11-24T15:24:46","guid":{"rendered":"https:\/\/www.diario21.tv\/noticias\/impactante-reduccion-del-28-en-crimenes-de-genero-tras-20-anos-de-ley\/"},"modified":"2024-11-24T15:24:54","modified_gmt":"2024-11-24T15:24:54","slug":"impactante-reduccion-del-28-en-crimenes-de-genero-tras-20-anos-de-ley","status":"publish","type":"post","link":"https:\/\/www.diario21.tv\/noticias\/impactante-reduccion-del-28-en-crimenes-de-genero-tras-20-anos-de-ley\/","title":{"rendered":"\u00a1Impactante reducci\u00f3n del 28% en cr\u00edmenes de g\u00e9nero tras 20 a\u00f1os de ley!"},"content":{"rendered":"<h2>Veinte A\u00f1os de Legislaci\u00f3n Contra la Violencia de G\u00e9nero Marcan un Descenso del 28% en los Delitos<\/h2>\n<p>Desde la implementaci\u00f3n de la ley espec\u00edfica contra la violencia de g\u00e9nero hace veinte a\u00f1os, se ha observado una reducci\u00f3n significativa en los cr\u00edmenes relacionados con esta problem\u00e1tica. Estad\u00edsticas indican que los incidentes han disminuido en un 28%, lo que refleja el impacto positivo que ha tenido la legislaci\u00f3n en la protecci\u00f3n de las v\u00edctimas y la disuasi\u00f3n de los potenciales agresores.<\/p>\n<h3>Impacto de la Ley en la Sociedad<\/h3>\n<p>La ley, que se estableci\u00f3 con el objetivo de combatir la violencia de g\u00e9nero en todas sus formas, ha sido un pilar fundamental en la lucha contra este tipo de violencia. Ha proporcionado un marco legal robusto que no solo persigue a los agresores, sino que tambi\u00e9n ofrece medidas de protecci\u00f3n y apoyo a las v\u00edctimas. Este enfoque integral ha sido crucial para aumentar la conciencia sobre este grave problema y mejorar las respuestas institucionales.<\/p>\n<h3>Evoluci\u00f3n de los Casos y Respuesta Judicial<\/h3>\n<p>A lo largo de los a\u00f1os, hemos visto c\u00f3mo la aplicaci\u00f3n de la ley ha evolucionado. Los tribunales est\u00e1n ahora m\u00e1s equipados para manejar casos de violencia de g\u00e9nero, y existe una mayor sensibilizaci\u00f3n y formaci\u00f3n entre el personal judicial y policial. Esto ha contribuido significativamente a que las v\u00edctimas se sientan m\u00e1s seguras al denunciar los casos y confiar en el proceso judicial.<\/p>\n<p>La ley tambi\u00e9n ha promovido cambios en la sociedad, donde temas de g\u00e9nero y violencia dom\u00e9stica ya no son tab\u00faes, sino que se discuten abiertamente, promoviendo un cambio cultural que es vital para erradicar la violencia de g\u00e9nero. La educaci\u00f3n y las campa\u00f1as de sensibilizaci\u00f3n han jugado un papel clave en este cambio, educando a la poblaci\u00f3n sobre la importancia del respeto y la igualdad.<\/p>\n<h3>Desaf\u00edos y Perspectivas Futuras<\/h3>\n<p>A pesar de los logros, a\u00fan existen desaf\u00edos significativos. La violencia de g\u00e9nero sigue siendo una realidad para muchas mujeres, y los sistemas de apoyo deben fortalecerse a\u00fan m\u00e1s para ofrecer respuestas r\u00e1pidas y efectivas. Adem\u00e1s, la ley necesita adaptaciones constantes para enfrentar nuevas formas de violencia que emergen con los cambios sociales y tecnol\u00f3gicos.<\/p>\n<p>Mirando hacia el futuro, es crucial que continuemos fortaleciendo las pol\u00edticas y pr\u00e1cticas existentes, y que se implementen nuevas estrategias para abordar las ra\u00edces profundas de la violencia de g\u00e9nero. La colaboraci\u00f3n entre diferentes sectores de la sociedad, incluyendo educaci\u00f3n, justicia y servicios sociales, ser\u00e1 esencial para lograr una disminuci\u00f3n a\u00fan mayor en estos cr\u00edmenes.<\/p>\n<p>En conclusi\u00f3n, las dos d\u00e9cadas de ley contra la violencia de g\u00e9nero han marcado un antes y un despu\u00e9s en la lucha contra esta lacra social. Sin embargo, a pesar de los avances significativos, la batalla a\u00fan no est\u00e1 ganada, y el compromiso de todos los actores sociales es fundamental para continuar avanzando hacia una sociedad donde la igualdad y el respeto sean la norma.<\/p>\n\n\n<div class=\"kk-star-ratings kksr-auto kksr-align-left kksr-valign-bottom\"\n    data-payload='{&quot;align&quot;:&quot;left&quot;,&quot;id&quot;:&quot;1305&quot;,&quot;slug&quot;:&quot;default&quot;,&quot;valign&quot;:&quot;bottom&quot;,&quot;ignore&quot;:&quot;&quot;,&quot;reference&quot;:&quot;auto&quot;,&quot;class&quot;:&quot;&quot;,&quot;count&quot;:&quot;0&quot;,&quot;legendonly&quot;:&quot;&quot;,&quot;readonly&quot;:&quot;&quot;,&quot;score&quot;:&quot;0&quot;,&quot;starsonly&quot;:&quot;&quot;,&quot;best&quot;:&quot;5&quot;,&quot;gap&quot;:&quot;5&quot;,&quot;greet&quot;:&quot;Valora este post&quot;,&quot;legend&quot;:&quot;0\\\/5 - (0 votes)&quot;,&quot;size&quot;:&quot;22&quot;,&quot;title&quot;:&quot;\u00a1Impactante reducci\u00f3n del 28% en cr\u00edmenes de g\u00e9nero tras 20 a\u00f1os de ley!&quot;,&quot;width&quot;:&quot;0&quot;,&quot;_legend&quot;:&quot;{score}\\\/{best} - ({count} {votes})&quot;,&quot;font_factor&quot;:&quot;1.25&quot;}'>\n            \n<div class=\"kksr-stars\">\n    \n<div class=\"kksr-stars-inactive\">\n            <div class=\"kksr-star\" data-star=\"1\" style=\"padding-right: 5px\">\n            \n\n<div class=\"kksr-icon\" style=\"width: 22px; height: 22px;\"><\/div>\n        <\/div>\n            <div class=\"kksr-star\" data-star=\"2\" style=\"padding-right: 5px\">\n            \n\n<div class=\"kksr-icon\" style=\"width: 22px; height: 22px;\"><\/div>\n        <\/div>\n            <div class=\"kksr-star\" data-star=\"3\" style=\"padding-right: 5px\">\n            \n\n<div class=\"kksr-icon\" style=\"width: 22px; height: 22px;\"><\/div>\n        <\/div>\n            <div class=\"kksr-star\" data-star=\"4\" style=\"padding-right: 5px\">\n            \n\n<div class=\"kksr-icon\" style=\"width: 22px; height: 22px;\"><\/div>\n        <\/div>\n            <div class=\"kksr-star\" data-star=\"5\" style=\"padding-right: 5px\">\n            \n\n<div class=\"kksr-icon\" style=\"width: 22px; height: 22px;\"><\/div>\n        <\/div>\n    <\/div>\n    \n<div class=\"kksr-stars-active\" style=\"width: 0px;\">\n            <div class=\"kksr-star\" style=\"padding-right: 5px\">\n            \n\n<div class=\"kksr-icon\" style=\"width: 22px; height: 22px;\"><\/div>\n        <\/div>\n            <div class=\"kksr-star\" style=\"padding-right: 5px\">\n            \n\n<div class=\"kksr-icon\" style=\"width: 22px; height: 22px;\"><\/div>\n        <\/div>\n            <div class=\"kksr-star\" style=\"padding-right: 5px\">\n            \n\n<div class=\"kksr-icon\" style=\"width: 22px; height: 22px;\"><\/div>\n        <\/div>\n            <div class=\"kksr-star\" style=\"padding-right: 5px\">\n            \n\n<div class=\"kksr-icon\" style=\"width: 22px; height: 22px;\"><\/div>\n        <\/div>\n            <div class=\"kksr-star\" style=\"padding-right: 5px\">\n            \n\n<div class=\"kksr-icon\" style=\"width: 22px; height: 22px;\"><\/div>\n        <\/div>\n    <\/div>\n<\/div>\n                \n\n<div class=\"kksr-legend\" style=\"font-size: 17.6px;\">\n            <span class=\"kksr-muted\">Valora este post<\/span>\n    <\/div>\n    <\/div>\n","protected":false},"excerpt":{"rendered":"<p>Veinte A\u00f1os de Legislaci\u00f3n Contra la Violencia de G\u00e9nero Marcan un Descenso del 28% en los Delitos Desde la implementaci\u00f3n de la ley espec\u00edfica contra la &#8230; <a title=\"\u00a1Impactante reducci\u00f3n del 28% en cr\u00edmenes de g\u00e9nero tras 20 a\u00f1os de ley!\" class=\"read-more\" href=\"https:\/\/www.diario21.tv\/noticias\/impactante-reduccion-del-28-en-crimenes-de-genero-tras-20-anos-de-ley\/\" aria-label=\"Leer m\u00e1s sobre \u00a1Impactante reducci\u00f3n del 28% en cr\u00edmenes de g\u00e9nero tras 20 a\u00f1os de ley!\">Seguir leyendo &rarr;<\/a><\/p>\n","protected":false},"author":20,"featured_media":1306,"comment_status":"open","ping_status":"open","sticky":false,"template":"","format":"standard","meta":{"footnotes":""},"categories":[13],"tags":[],"class_list":["post-1305","post","type-post","status-publish","format-standard","has-post-thumbnail","hentry","category-portada"],"yoast_head":"<!-- This site is optimized with the Yoast SEO plugin v25.6 - https:\/\/yoast.com\/wordpress\/plugins\/seo\/ -->\n<title>\u00a1Impactante reducci\u00f3n del 28% en cr\u00edmenes de g\u00e9nero tras 20 a\u00f1os de ley! - Diario 21<\/title>\n<meta name=\"robots\" content=\"index, follow, max-snippet:-1, max-image-preview:large, max-video-preview:-1\" \/>\n<link rel=\"canonical\" href=\"https:\/\/www.diario21.tv\/noticias\/impactante-reduccion-del-28-en-crimenes-de-genero-tras-20-anos-de-ley\/\" \/>\n<meta property=\"og:locale\" content=\"es_ES\" \/>\n<meta property=\"og:type\" content=\"article\" \/>\n<meta property=\"og:title\" content=\"\u00a1Impactante reducci\u00f3n del 28% en cr\u00edmenes de g\u00e9nero tras 20 a\u00f1os de ley! - Diario 21\" \/>\n<meta property=\"og:description\" content=\"Veinte A\u00f1os de Legislaci\u00f3n Contra la Violencia de G\u00e9nero Marcan un Descenso del 28% en los Delitos Desde la implementaci\u00f3n de la ley espec\u00edfica contra la ... Seguir leyendo &rarr;\" \/>\n<meta property=\"og:url\" content=\"https:\/\/www.diario21.tv\/noticias\/impactante-reduccion-del-28-en-crimenes-de-genero-tras-20-anos-de-ley\/\" \/>\n<meta property=\"og:site_name\" content=\"Diario 21\" \/>\n<meta property=\"article:published_time\" content=\"2024-11-24T15:24:46+00:00\" \/>\n<meta property=\"article:modified_time\" content=\"2024-11-24T15:24:54+00:00\" \/>\n<meta property=\"og:image\" content=\"https:\/\/www.diario21.tv\/noticias\/wp-content\/uploads\/2024\/11\/\u00a1Impactante-reduccion-del-28-en-crimenes-de-genero-tras-20.JPG\" \/>\n\t<meta property=\"og:image:width\" content=\"1920\" \/>\n\t<meta property=\"og:image:height\" content=\"1080\" \/>\n\t<meta property=\"og:image:type\" content=\"image\/jpeg\" \/>\n<meta name=\"author\" content=\"Juan P\u00e9rez\" \/>\n<meta name=\"twitter:card\" content=\"summary_large_image\" \/>\n<meta name=\"twitter:label1\" content=\"Escrito por\" \/>\n\t<meta name=\"twitter:data1\" content=\"Juan P\u00e9rez\" \/>\n\t<meta name=\"twitter:label2\" content=\"Tiempo de lectura\" \/>\n\t<meta name=\"twitter:data2\" content=\"3 minutos\" \/>\n<script type=\"application\/ld+json\" class=\"yoast-schema-graph\">{\"@context\":\"https:\/\/schema.org\",\"@graph\":[{\"@type\":\"WebPage\",\"@id\":\"https:\/\/www.diario21.tv\/noticias\/impactante-reduccion-del-28-en-crimenes-de-genero-tras-20-anos-de-ley\/\",\"url\":\"https:\/\/www.diario21.tv\/noticias\/impactante-reduccion-del-28-en-crimenes-de-genero-tras-20-anos-de-ley\/\",\"name\":\"\u00a1Impactante reducci\u00f3n del 28% en cr\u00edmenes de g\u00e9nero tras 20 a\u00f1os de ley! - Diario 21\",\"isPartOf\":{\"@id\":\"https:\/\/www.diario21.tv\/noticias\/#website\"},\"primaryImageOfPage\":{\"@id\":\"https:\/\/www.diario21.tv\/noticias\/impactante-reduccion-del-28-en-crimenes-de-genero-tras-20-anos-de-ley\/#primaryimage\"},\"image\":{\"@id\":\"https:\/\/www.diario21.tv\/noticias\/impactante-reduccion-del-28-en-crimenes-de-genero-tras-20-anos-de-ley\/#primaryimage\"},\"thumbnailUrl\":\"https:\/\/www.diario21.tv\/noticias\/wp-content\/uploads\/2024\/11\/\u00a1Impactante-reduccion-del-28-en-crimenes-de-genero-tras-20.JPG\",\"datePublished\":\"2024-11-24T15:24:46+00:00\",\"dateModified\":\"2024-11-24T15:24:54+00:00\",\"author\":{\"@id\":\"https:\/\/www.diario21.tv\/noticias\/#\/schema\/person\/dfb778f73814d8f09f302618446a526b\"},\"breadcrumb\":{\"@id\":\"https:\/\/www.diario21.tv\/noticias\/impactante-reduccion-del-28-en-crimenes-de-genero-tras-20-anos-de-ley\/#breadcrumb\"},\"inLanguage\":\"es-AR\",\"potentialAction\":[{\"@type\":\"ReadAction\",\"target\":[\"https:\/\/www.diario21.tv\/noticias\/impactante-reduccion-del-28-en-crimenes-de-genero-tras-20-anos-de-ley\/\"]}]},{\"@type\":\"ImageObject\",\"inLanguage\":\"es-AR\",\"@id\":\"https:\/\/www.diario21.tv\/noticias\/impactante-reduccion-del-28-en-crimenes-de-genero-tras-20-anos-de-ley\/#primaryimage\",\"url\":\"https:\/\/www.diario21.tv\/noticias\/wp-content\/uploads\/2024\/11\/\u00a1Impactante-reduccion-del-28-en-crimenes-de-genero-tras-20.JPG\",\"contentUrl\":\"https:\/\/www.diario21.tv\/noticias\/wp-content\/uploads\/2024\/11\/\u00a1Impactante-reduccion-del-28-en-crimenes-de-genero-tras-20.JPG\",\"width\":1920,\"height\":1080,\"caption\":\"Dos d\u00e9cadas de ley contra la violencia de g\u00e9nero reducen los cr\u00edmenes un 28%\"},{\"@type\":\"BreadcrumbList\",\"@id\":\"https:\/\/www.diario21.tv\/noticias\/impactante-reduccion-del-28-en-crimenes-de-genero-tras-20-anos-de-ley\/#breadcrumb\",\"itemListElement\":[{\"@type\":\"ListItem\",\"position\":1,\"name\":\"Accueil\",\"item\":\"https:\/\/www.diario21.tv\/noticias\/\"},{\"@type\":\"ListItem\",\"position\":2,\"name\":\"\u00a1Impactante reducci\u00f3n del 28% en cr\u00edmenes de g\u00e9nero tras 20 a\u00f1os de ley!\"}]},{\"@type\":\"WebSite\",\"@id\":\"https:\/\/www.diario21.tv\/noticias\/#website\",\"url\":\"https:\/\/www.diario21.tv\/noticias\/\",\"name\":\"Diario 21\",\"description\":\"\",\"potentialAction\":[{\"@type\":\"SearchAction\",\"target\":{\"@type\":\"EntryPoint\",\"urlTemplate\":\"https:\/\/www.diario21.tv\/noticias\/?s={search_term_string}\"},\"query-input\":{\"@type\":\"PropertyValueSpecification\",\"valueRequired\":true,\"valueName\":\"search_term_string\"}}],\"inLanguage\":\"es-AR\"},{\"@type\":\"Person\",\"@id\":\"https:\/\/www.diario21.tv\/noticias\/#\/schema\/person\/dfb778f73814d8f09f302618446a526b\",\"name\":\"Juan P\u00e9rez\",\"image\":{\"@type\":\"ImageObject\",\"inLanguage\":\"es-AR\",\"@id\":\"https:\/\/www.diario21.tv\/noticias\/#\/schema\/person\/image\/\",\"url\":\"https:\/\/secure.gravatar.com\/avatar\/c478a405bd10621167f4c3167cc770f5?s=96&d=mm&r=g\",\"contentUrl\":\"https:\/\/secure.gravatar.com\/avatar\/c478a405bd10621167f4c3167cc770f5?s=96&d=mm&r=g\",\"caption\":\"Juan P\u00e9rez\"},\"description\":\"Juan P\u00e9rez es el redactor en jefe de Diario 21. Con m\u00e1s de 10 a\u00f1os de experiencia en el periodismo, se especializa en pol\u00edtica nacional y an\u00e1lisis socioecon\u00f3mico. Su enfoque cr\u00edtico y riguroso aporta una perspectiva \u00fanica a cada art\u00edculo.\",\"sameAs\":[\"https:\/\/www.diario21.tv\/noticias\/\"],\"url\":\"https:\/\/www.diario21.tv\/noticias\/author\/juan-perez\/\"}]}<\/script>\n<!-- \/ Yoast SEO plugin. -->","yoast_head_json":{"title":"\u00a1Impactante reducci\u00f3n del 28% en cr\u00edmenes de g\u00e9nero tras 20 a\u00f1os de ley! - Diario 21","robots":{"index":"index","follow":"follow","max-snippet":"max-snippet:-1","max-image-preview":"max-image-preview:large","max-video-preview":"max-video-preview:-1"},"canonical":"https:\/\/www.diario21.tv\/noticias\/impactante-reduccion-del-28-en-crimenes-de-genero-tras-20-anos-de-ley\/","og_locale":"es_ES","og_type":"article","og_title":"\u00a1Impactante reducci\u00f3n del 28% en cr\u00edmenes de g\u00e9nero tras 20 a\u00f1os de ley! - Diario 21","og_description":"Veinte A\u00f1os de Legislaci\u00f3n Contra la Violencia de G\u00e9nero Marcan un Descenso del 28% en los Delitos Desde la implementaci\u00f3n de la ley espec\u00edfica contra la ... Seguir leyendo &rarr;","og_url":"https:\/\/www.diario21.tv\/noticias\/impactante-reduccion-del-28-en-crimenes-de-genero-tras-20-anos-de-ley\/","og_site_name":"Diario 21","article_published_time":"2024-11-24T15:24:46+00:00","article_modified_time":"2024-11-24T15:24:54+00:00","og_image":[{"width":1920,"height":1080,"url":"https:\/\/www.diario21.tv\/noticias\/wp-content\/uploads\/2024\/11\/\u00a1Impactante-reduccion-del-28-en-crimenes-de-genero-tras-20.JPG","type":"image\/jpeg"}],"author":"Juan P\u00e9rez","twitter_card":"summary_large_image","twitter_misc":{"Escrito por":"Juan P\u00e9rez","Tiempo de lectura":"3 minutos"},"schema":{"@context":"https:\/\/schema.org","@graph":[{"@type":"WebPage","@id":"https:\/\/www.diario21.tv\/noticias\/impactante-reduccion-del-28-en-crimenes-de-genero-tras-20-anos-de-ley\/","url":"https:\/\/www.diario21.tv\/noticias\/impactante-reduccion-del-28-en-crimenes-de-genero-tras-20-anos-de-ley\/","name":"\u00a1Impactante reducci\u00f3n del 28% en cr\u00edmenes de g\u00e9nero tras 20 a\u00f1os de ley! - Diario 21","isPartOf":{"@id":"https:\/\/www.diario21.tv\/noticias\/#website"},"primaryImageOfPage":{"@id":"https:\/\/www.diario21.tv\/noticias\/impactante-reduccion-del-28-en-crimenes-de-genero-tras-20-anos-de-ley\/#primaryimage"},"image":{"@id":"https:\/\/www.diario21.tv\/noticias\/impactante-reduccion-del-28-en-crimenes-de-genero-tras-20-anos-de-ley\/#primaryimage"},"thumbnailUrl":"https:\/\/www.diario21.tv\/noticias\/wp-content\/uploads\/2024\/11\/\u00a1Impactante-reduccion-del-28-en-crimenes-de-genero-tras-20.JPG","datePublished":"2024-11-24T15:24:46+00:00","dateModified":"2024-11-24T15:24:54+00:00","author":{"@id":"https:\/\/www.diario21.tv\/noticias\/#\/schema\/person\/dfb778f73814d8f09f302618446a526b"},"breadcrumb":{"@id":"https:\/\/www.diario21.tv\/noticias\/impactante-reduccion-del-28-en-crimenes-de-genero-tras-20-anos-de-ley\/#breadcrumb"},"inLanguage":"es-AR","potentialAction":[{"@type":"ReadAction","target":["https:\/\/www.diario21.tv\/noticias\/impactante-reduccion-del-28-en-crimenes-de-genero-tras-20-anos-de-ley\/"]}]},{"@type":"ImageObject","inLanguage":"es-AR","@id":"https:\/\/www.diario21.tv\/noticias\/impactante-reduccion-del-28-en-crimenes-de-genero-tras-20-anos-de-ley\/#primaryimage","url":"https:\/\/www.diario21.tv\/noticias\/wp-content\/uploads\/2024\/11\/\u00a1Impactante-reduccion-del-28-en-crimenes-de-genero-tras-20.JPG","contentUrl":"https:\/\/www.diario21.tv\/noticias\/wp-content\/uploads\/2024\/11\/\u00a1Impactante-reduccion-del-28-en-crimenes-de-genero-tras-20.JPG","width":1920,"height":1080,"caption":"Dos d\u00e9cadas de ley contra la violencia de g\u00e9nero reducen los cr\u00edmenes un 28%"},{"@type":"BreadcrumbList","@id":"https:\/\/www.diario21.tv\/noticias\/impactante-reduccion-del-28-en-crimenes-de-genero-tras-20-anos-de-ley\/#breadcrumb","itemListElement":[{"@type":"ListItem","position":1,"name":"Accueil","item":"https:\/\/www.diario21.tv\/noticias\/"},{"@type":"ListItem","position":2,"name":"\u00a1Impactante reducci\u00f3n del 28% en cr\u00edmenes de g\u00e9nero tras 20 a\u00f1os de ley!"}]},{"@type":"WebSite","@id":"https:\/\/www.diario21.tv\/noticias\/#website","url":"https:\/\/www.diario21.tv\/noticias\/","name":"Diario 21","description":"","potentialAction":[{"@type":"SearchAction","target":{"@type":"EntryPoint","urlTemplate":"https:\/\/www.diario21.tv\/noticias\/?s={search_term_string}"},"query-input":{"@type":"PropertyValueSpecification","valueRequired":true,"valueName":"search_term_string"}}],"inLanguage":"es-AR"},{"@type":"Person","@id":"https:\/\/www.diario21.tv\/noticias\/#\/schema\/person\/dfb778f73814d8f09f302618446a526b","name":"Juan P\u00e9rez","image":{"@type":"ImageObject","inLanguage":"es-AR","@id":"https:\/\/www.diario21.tv\/noticias\/#\/schema\/person\/image\/","url":"https:\/\/secure.gravatar.com\/avatar\/c478a405bd10621167f4c3167cc770f5?s=96&d=mm&r=g","contentUrl":"https:\/\/secure.gravatar.com\/avatar\/c478a405bd10621167f4c3167cc770f5?s=96&d=mm&r=g","caption":"Juan P\u00e9rez"},"description":"Juan P\u00e9rez es el redactor en jefe de Diario 21. Con m\u00e1s de 10 a\u00f1os de experiencia en el periodismo, se especializa en pol\u00edtica nacional y an\u00e1lisis socioecon\u00f3mico. Su enfoque cr\u00edtico y riguroso aporta una perspectiva \u00fanica a cada art\u00edculo.","sameAs":["https:\/\/www.diario21.tv\/noticias\/"],"url":"https:\/\/www.diario21.tv\/noticias\/author\/juan-perez\/"}]}},"_links":{"self":[{"href":"https:\/\/www.diario21.tv\/noticias\/wp-json\/wp\/v2\/posts\/1305"}],"collection":[{"href":"https:\/\/www.diario21.tv\/noticias\/wp-json\/wp\/v2\/posts"}],"about":[{"href":"https:\/\/www.diario21.tv\/noticias\/wp-json\/wp\/v2\/types\/post"}],"author":[{"embeddable":true,"href":"https:\/\/www.diario21.tv\/noticias\/wp-json\/wp\/v2\/users\/20"}],"replies":[{"embeddable":true,"href":"https:\/\/www.diario21.tv\/noticias\/wp-json\/wp\/v2\/comments?post=1305"}],"version-history":[{"count":1,"href":"https:\/\/www.diario21.tv\/noticias\/wp-json\/wp\/v2\/posts\/1305\/revisions"}],"predecessor-version":[{"id":1307,"href":"https:\/\/www.diario21.tv\/noticias\/wp-json\/wp\/v2\/posts\/1305\/revisions\/1307"}],"wp:featuredmedia":[{"embeddable":true,"href":"https:\/\/www.diario21.tv\/noticias\/wp-json\/wp\/v2\/media\/1306"}],"wp:attachment":[{"href":"https:\/\/www.diario21.tv\/noticias\/wp-json\/wp\/v2\/media?parent=1305"}],"wp:term":[{"taxonomy":"category","embeddable":true,"href":"https:\/\/www.diario21.tv\/noticias\/wp-json\/wp\/v2\/categories?post=1305"},{"taxonomy":"post_tag","embeddable":true,"href":"https:\/\/www.diario21.tv\/noticias\/wp-json\/wp\/v2\/tags?post=1305"}],"curies":[{"name":"wp","href":"https:\/\/api.w.org\/{rel}","templated":true}]}}