{"id":1296,"date":"2024-11-23T14:13:29","date_gmt":"2024-11-23T14:13:29","guid":{"rendered":"https:\/\/www.diario21.tv\/noticias\/escandalo-en-app-de-citas-once-arrestados-por-agresion-sexual-a-menor\/"},"modified":"2024-11-23T14:13:31","modified_gmt":"2024-11-23T14:13:31","slug":"escandalo-en-app-de-citas-once-arrestados-por-agresion-sexual-a-menor","status":"publish","type":"post","link":"https:\/\/www.diario21.tv\/noticias\/escandalo-en-app-de-citas-once-arrestados-por-agresion-sexual-a-menor\/","title":{"rendered":"\u00a1Esc\u00e1ndalo en app de citas! Once arrestados por agresi\u00f3n sexual a menor."},"content":{"rendered":"<h2>Once Individuos Arrestados por Abuso Sexual a Menor Conocida en App de Citas<\/h2>\n<p>En un reciente y alarmante suceso, once personas han sido detenidas bajo la acusaci\u00f3n de abusar sexualmente de una adolescente. La v\u00edctima, una menor de edad, habr\u00eda conocido a uno de los agresores a trav\u00e9s de una popular aplicaci\u00f3n de citas. Este encuentro inicial desencaden\u00f3 una serie de eventos que culminaron en el tr\u00e1gico incidente.<\/p>\n<h3>Detalles del Encuentro<\/h3>\n<p>La investigaci\u00f3n revel\u00f3 que la menor, cuya identidad se mantiene en reserva por razones legales, hab\u00eda interactuado con uno de los ahora detenidos en la aplicaci\u00f3n antes de decidir encontrarse en persona. El encuentro se llev\u00f3 a cabo en una localidad cercana, donde inicialmente todo parec\u00eda ser un t\u00edpico encuentro social. Sin embargo, la situaci\u00f3n tom\u00f3 un giro oscuro cuando la menor fue llevada a otro lugar, donde los abusos fueron cometidos por el grupo.<\/p>\n<h3>Acciones de la Polic\u00eda y Proceso Legal<\/h3>\n<p>Tras ser alertada, la polic\u00eda inici\u00f3 una investigaci\u00f3n que r\u00e1pidamente condujo a la identificaci\u00f3n y arresto de los once sospechosos. Estos individuos est\u00e1n ahora enfrentando cargos severos por su participaci\u00f3n en los hechos. La polic\u00eda ha manifestado su compromiso con la protecci\u00f3n de menores y la persecuci\u00f3n de cualquier forma de abuso sexual.<\/p>\n<p>Durante una conferencia de prensa, un portavoz de la autoridad policial subray\u00f3 la importancia de la vigilancia en el uso de aplicaciones de citas, especialmente por parte de menores de edad. Tambi\u00e9n se hizo un llamado a los padres para que supervisen de cerca las actividades en l\u00ednea de sus hijos.<\/p>\n<h3>Reacciones Comunitarias y Medidas de Seguridad<\/h3>\n<p>La comunidad ha reaccionado con consternaci\u00f3n y horror ante la noticia. Grupos locales de apoyo a v\u00edctimas de abuso han ofrecido recursos y asistencia a la familia de la menor. Adem\u00e1s, se est\u00e1n organizando talleres y charlas sobre seguridad en internet y el uso responsable de las tecnolog\u00edas de la informaci\u00f3n.<\/p>\n<p>Educadores y expertos en seguridad en l\u00ednea tambi\u00e9n han intensificado sus esfuerzos para educar a los j\u00f3venes sobre los riesgos asociados con las citas en l\u00ednea y c\u00f3mo protegerse de posibles peligros.<\/p>\n<p>Este caso ha servido como un triste recordatorio de los riesgos inherentes a las interacciones en l\u00ednea, especialmente para los menores de edad. La polic\u00eda contin\u00faa investigando el caso y ha hecho un llamado a cualquier otra posible v\u00edctima o testigo a que se acerque y aporte informaci\u00f3n que pueda ser de ayuda en el proceso judicial en curso.<\/p>\n\n\n<div class=\"kk-star-ratings kksr-auto kksr-align-left kksr-valign-bottom\"\n    data-payload='{&quot;align&quot;:&quot;left&quot;,&quot;id&quot;:&quot;1296&quot;,&quot;slug&quot;:&quot;default&quot;,&quot;valign&quot;:&quot;bottom&quot;,&quot;ignore&quot;:&quot;&quot;,&quot;reference&quot;:&quot;auto&quot;,&quot;class&quot;:&quot;&quot;,&quot;count&quot;:&quot;0&quot;,&quot;legendonly&quot;:&quot;&quot;,&quot;readonly&quot;:&quot;&quot;,&quot;score&quot;:&quot;0&quot;,&quot;starsonly&quot;:&quot;&quot;,&quot;best&quot;:&quot;5&quot;,&quot;gap&quot;:&quot;5&quot;,&quot;greet&quot;:&quot;Valora este post&quot;,&quot;legend&quot;:&quot;0\\\/5 - (0 votes)&quot;,&quot;size&quot;:&quot;22&quot;,&quot;title&quot;:&quot;\u00a1Esc\u00e1ndalo en app de citas! Once arrestados por agresi\u00f3n sexual a menor.&quot;,&quot;width&quot;:&quot;0&quot;,&quot;_legend&quot;:&quot;{score}\\\/{best} - ({count} {votes})&quot;,&quot;font_factor&quot;:&quot;1.25&quot;}'>\n            \n<div class=\"kksr-stars\">\n    \n<div class=\"kksr-stars-inactive\">\n            <div class=\"kksr-star\" data-star=\"1\" style=\"padding-right: 5px\">\n            \n\n<div class=\"kksr-icon\" style=\"width: 22px; height: 22px;\"><\/div>\n        <\/div>\n            <div class=\"kksr-star\" data-star=\"2\" style=\"padding-right: 5px\">\n            \n\n<div class=\"kksr-icon\" style=\"width: 22px; height: 22px;\"><\/div>\n        <\/div>\n            <div class=\"kksr-star\" data-star=\"3\" style=\"padding-right: 5px\">\n            \n\n<div class=\"kksr-icon\" style=\"width: 22px; height: 22px;\"><\/div>\n        <\/div>\n            <div class=\"kksr-star\" data-star=\"4\" style=\"padding-right: 5px\">\n            \n\n<div class=\"kksr-icon\" style=\"width: 22px; height: 22px;\"><\/div>\n        <\/div>\n            <div class=\"kksr-star\" data-star=\"5\" style=\"padding-right: 5px\">\n            \n\n<div class=\"kksr-icon\" style=\"width: 22px; height: 22px;\"><\/div>\n        <\/div>\n    <\/div>\n    \n<div class=\"kksr-stars-active\" style=\"width: 0px;\">\n            <div class=\"kksr-star\" style=\"padding-right: 5px\">\n            \n\n<div class=\"kksr-icon\" style=\"width: 22px; height: 22px;\"><\/div>\n        <\/div>\n            <div class=\"kksr-star\" style=\"padding-right: 5px\">\n            \n\n<div class=\"kksr-icon\" style=\"width: 22px; height: 22px;\"><\/div>\n        <\/div>\n            <div class=\"kksr-star\" style=\"padding-right: 5px\">\n            \n\n<div class=\"kksr-icon\" style=\"width: 22px; height: 22px;\"><\/div>\n        <\/div>\n            <div class=\"kksr-star\" style=\"padding-right: 5px\">\n            \n\n<div class=\"kksr-icon\" style=\"width: 22px; height: 22px;\"><\/div>\n        <\/div>\n            <div class=\"kksr-star\" style=\"padding-right: 5px\">\n            \n\n<div class=\"kksr-icon\" style=\"width: 22px; height: 22px;\"><\/div>\n        <\/div>\n    <\/div>\n<\/div>\n                \n\n<div class=\"kksr-legend\" style=\"font-size: 17.6px;\">\n            <span class=\"kksr-muted\">Valora este post<\/span>\n    <\/div>\n    <\/div>\n","protected":false},"excerpt":{"rendered":"<p>Once Individuos Arrestados por Abuso Sexual a Menor Conocida en App de Citas En un reciente y alarmante suceso, once personas han sido detenidas bajo la &#8230; <a title=\"\u00a1Esc\u00e1ndalo en app de citas! Once arrestados por agresi\u00f3n sexual a menor.\" class=\"read-more\" href=\"https:\/\/www.diario21.tv\/noticias\/escandalo-en-app-de-citas-once-arrestados-por-agresion-sexual-a-menor\/\" aria-label=\"Leer m\u00e1s sobre \u00a1Esc\u00e1ndalo en app de citas! Once arrestados por agresi\u00f3n sexual a menor.\">Seguir leyendo &rarr;<\/a><\/p>\n","protected":false},"author":20,"featured_media":1297,"comment_status":"open","ping_status":"open","sticky":false,"template":"","format":"standard","meta":{"footnotes":""},"categories":[13],"tags":[],"class_list":["post-1296","post","type-post","status-publish","format-standard","has-post-thumbnail","hentry","category-portada"],"yoast_head":"<!-- This site is optimized with the Yoast SEO plugin v25.6 - https:\/\/yoast.com\/wordpress\/plugins\/seo\/ -->\n<title>\u00a1Esc\u00e1ndalo en app de citas! Once arrestados por agresi\u00f3n sexual a menor. - Diario 21<\/title>\n<meta name=\"robots\" content=\"index, follow, max-snippet:-1, max-image-preview:large, max-video-preview:-1\" \/>\n<link rel=\"canonical\" href=\"https:\/\/www.diario21.tv\/noticias\/escandalo-en-app-de-citas-once-arrestados-por-agresion-sexual-a-menor\/\" \/>\n<meta property=\"og:locale\" content=\"es_ES\" \/>\n<meta property=\"og:type\" content=\"article\" \/>\n<meta property=\"og:title\" content=\"\u00a1Esc\u00e1ndalo en app de citas! Once arrestados por agresi\u00f3n sexual a menor. - Diario 21\" \/>\n<meta property=\"og:description\" content=\"Once Individuos Arrestados por Abuso Sexual a Menor Conocida en App de Citas En un reciente y alarmante suceso, once personas han sido detenidas bajo la ... Seguir leyendo &rarr;\" \/>\n<meta property=\"og:url\" content=\"https:\/\/www.diario21.tv\/noticias\/escandalo-en-app-de-citas-once-arrestados-por-agresion-sexual-a-menor\/\" \/>\n<meta property=\"og:site_name\" content=\"Diario 21\" \/>\n<meta property=\"article:published_time\" content=\"2024-11-23T14:13:29+00:00\" \/>\n<meta property=\"article:modified_time\" content=\"2024-11-23T14:13:31+00:00\" \/>\n<meta property=\"og:image\" content=\"https:\/\/www.diario21.tv\/noticias\/wp-content\/uploads\/2024\/11\/\u00a1Escandalo-en-app-de-citas-Once-arrestados-por-agresion-sexual.jpg\" \/>\n\t<meta property=\"og:image:width\" content=\"1920\" \/>\n\t<meta property=\"og:image:height\" content=\"1080\" \/>\n\t<meta property=\"og:image:type\" content=\"image\/jpeg\" \/>\n<meta name=\"author\" content=\"Juan P\u00e9rez\" \/>\n<meta name=\"twitter:card\" content=\"summary_large_image\" \/>\n<meta name=\"twitter:label1\" content=\"Escrito por\" \/>\n\t<meta name=\"twitter:data1\" content=\"Juan P\u00e9rez\" \/>\n\t<meta name=\"twitter:label2\" content=\"Tiempo de lectura\" \/>\n\t<meta name=\"twitter:data2\" content=\"2 minutos\" \/>\n<script type=\"application\/ld+json\" class=\"yoast-schema-graph\">{\"@context\":\"https:\/\/schema.org\",\"@graph\":[{\"@type\":\"WebPage\",\"@id\":\"https:\/\/www.diario21.tv\/noticias\/escandalo-en-app-de-citas-once-arrestados-por-agresion-sexual-a-menor\/\",\"url\":\"https:\/\/www.diario21.tv\/noticias\/escandalo-en-app-de-citas-once-arrestados-por-agresion-sexual-a-menor\/\",\"name\":\"\u00a1Esc\u00e1ndalo en app de citas! Once arrestados por agresi\u00f3n sexual a menor. - Diario 21\",\"isPartOf\":{\"@id\":\"https:\/\/www.diario21.tv\/noticias\/#website\"},\"primaryImageOfPage\":{\"@id\":\"https:\/\/www.diario21.tv\/noticias\/escandalo-en-app-de-citas-once-arrestados-por-agresion-sexual-a-menor\/#primaryimage\"},\"image\":{\"@id\":\"https:\/\/www.diario21.tv\/noticias\/escandalo-en-app-de-citas-once-arrestados-por-agresion-sexual-a-menor\/#primaryimage\"},\"thumbnailUrl\":\"https:\/\/www.diario21.tv\/noticias\/wp-content\/uploads\/2024\/11\/\u00a1Escandalo-en-app-de-citas-Once-arrestados-por-agresion-sexual.jpg\",\"datePublished\":\"2024-11-23T14:13:29+00:00\",\"dateModified\":\"2024-11-23T14:13:31+00:00\",\"author\":{\"@id\":\"https:\/\/www.diario21.tv\/noticias\/#\/schema\/person\/dfb778f73814d8f09f302618446a526b\"},\"breadcrumb\":{\"@id\":\"https:\/\/www.diario21.tv\/noticias\/escandalo-en-app-de-citas-once-arrestados-por-agresion-sexual-a-menor\/#breadcrumb\"},\"inLanguage\":\"es-AR\",\"potentialAction\":[{\"@type\":\"ReadAction\",\"target\":[\"https:\/\/www.diario21.tv\/noticias\/escandalo-en-app-de-citas-once-arrestados-por-agresion-sexual-a-menor\/\"]}]},{\"@type\":\"ImageObject\",\"inLanguage\":\"es-AR\",\"@id\":\"https:\/\/www.diario21.tv\/noticias\/escandalo-en-app-de-citas-once-arrestados-por-agresion-sexual-a-menor\/#primaryimage\",\"url\":\"https:\/\/www.diario21.tv\/noticias\/wp-content\/uploads\/2024\/11\/\u00a1Escandalo-en-app-de-citas-Once-arrestados-por-agresion-sexual.jpg\",\"contentUrl\":\"https:\/\/www.diario21.tv\/noticias\/wp-content\/uploads\/2024\/11\/\u00a1Escandalo-en-app-de-citas-Once-arrestados-por-agresion-sexual.jpg\",\"width\":1920,\"height\":1080,\"caption\":\"Once detenidos por agresi\u00f3n sexual a una menor que conocieron en una aplicaci\u00f3n de citas\"},{\"@type\":\"BreadcrumbList\",\"@id\":\"https:\/\/www.diario21.tv\/noticias\/escandalo-en-app-de-citas-once-arrestados-por-agresion-sexual-a-menor\/#breadcrumb\",\"itemListElement\":[{\"@type\":\"ListItem\",\"position\":1,\"name\":\"Accueil\",\"item\":\"https:\/\/www.diario21.tv\/noticias\/\"},{\"@type\":\"ListItem\",\"position\":2,\"name\":\"\u00a1Esc\u00e1ndalo en app de citas! Once arrestados por agresi\u00f3n sexual a menor.\"}]},{\"@type\":\"WebSite\",\"@id\":\"https:\/\/www.diario21.tv\/noticias\/#website\",\"url\":\"https:\/\/www.diario21.tv\/noticias\/\",\"name\":\"Diario 21\",\"description\":\"\",\"potentialAction\":[{\"@type\":\"SearchAction\",\"target\":{\"@type\":\"EntryPoint\",\"urlTemplate\":\"https:\/\/www.diario21.tv\/noticias\/?s={search_term_string}\"},\"query-input\":{\"@type\":\"PropertyValueSpecification\",\"valueRequired\":true,\"valueName\":\"search_term_string\"}}],\"inLanguage\":\"es-AR\"},{\"@type\":\"Person\",\"@id\":\"https:\/\/www.diario21.tv\/noticias\/#\/schema\/person\/dfb778f73814d8f09f302618446a526b\",\"name\":\"Juan P\u00e9rez\",\"image\":{\"@type\":\"ImageObject\",\"inLanguage\":\"es-AR\",\"@id\":\"https:\/\/www.diario21.tv\/noticias\/#\/schema\/person\/image\/\",\"url\":\"https:\/\/secure.gravatar.com\/avatar\/c478a405bd10621167f4c3167cc770f5?s=96&d=mm&r=g\",\"contentUrl\":\"https:\/\/secure.gravatar.com\/avatar\/c478a405bd10621167f4c3167cc770f5?s=96&d=mm&r=g\",\"caption\":\"Juan P\u00e9rez\"},\"description\":\"Juan P\u00e9rez es el redactor en jefe de Diario 21. Con m\u00e1s de 10 a\u00f1os de experiencia en el periodismo, se especializa en pol\u00edtica nacional y an\u00e1lisis socioecon\u00f3mico. Su enfoque cr\u00edtico y riguroso aporta una perspectiva \u00fanica a cada art\u00edculo.\",\"sameAs\":[\"https:\/\/www.diario21.tv\/noticias\/\"],\"url\":\"https:\/\/www.diario21.tv\/noticias\/author\/juan-perez\/\"}]}<\/script>\n<!-- \/ Yoast SEO plugin. -->","yoast_head_json":{"title":"\u00a1Esc\u00e1ndalo en app de citas! Once arrestados por agresi\u00f3n sexual a menor. - Diario 21","robots":{"index":"index","follow":"follow","max-snippet":"max-snippet:-1","max-image-preview":"max-image-preview:large","max-video-preview":"max-video-preview:-1"},"canonical":"https:\/\/www.diario21.tv\/noticias\/escandalo-en-app-de-citas-once-arrestados-por-agresion-sexual-a-menor\/","og_locale":"es_ES","og_type":"article","og_title":"\u00a1Esc\u00e1ndalo en app de citas! Once arrestados por agresi\u00f3n sexual a menor. - Diario 21","og_description":"Once Individuos Arrestados por Abuso Sexual a Menor Conocida en App de Citas En un reciente y alarmante suceso, once personas han sido detenidas bajo la ... Seguir leyendo &rarr;","og_url":"https:\/\/www.diario21.tv\/noticias\/escandalo-en-app-de-citas-once-arrestados-por-agresion-sexual-a-menor\/","og_site_name":"Diario 21","article_published_time":"2024-11-23T14:13:29+00:00","article_modified_time":"2024-11-23T14:13:31+00:00","og_image":[{"width":1920,"height":1080,"url":"https:\/\/www.diario21.tv\/noticias\/wp-content\/uploads\/2024\/11\/\u00a1Escandalo-en-app-de-citas-Once-arrestados-por-agresion-sexual.jpg","type":"image\/jpeg"}],"author":"Juan P\u00e9rez","twitter_card":"summary_large_image","twitter_misc":{"Escrito por":"Juan P\u00e9rez","Tiempo de lectura":"2 minutos"},"schema":{"@context":"https:\/\/schema.org","@graph":[{"@type":"WebPage","@id":"https:\/\/www.diario21.tv\/noticias\/escandalo-en-app-de-citas-once-arrestados-por-agresion-sexual-a-menor\/","url":"https:\/\/www.diario21.tv\/noticias\/escandalo-en-app-de-citas-once-arrestados-por-agresion-sexual-a-menor\/","name":"\u00a1Esc\u00e1ndalo en app de citas! Once arrestados por agresi\u00f3n sexual a menor. - Diario 21","isPartOf":{"@id":"https:\/\/www.diario21.tv\/noticias\/#website"},"primaryImageOfPage":{"@id":"https:\/\/www.diario21.tv\/noticias\/escandalo-en-app-de-citas-once-arrestados-por-agresion-sexual-a-menor\/#primaryimage"},"image":{"@id":"https:\/\/www.diario21.tv\/noticias\/escandalo-en-app-de-citas-once-arrestados-por-agresion-sexual-a-menor\/#primaryimage"},"thumbnailUrl":"https:\/\/www.diario21.tv\/noticias\/wp-content\/uploads\/2024\/11\/\u00a1Escandalo-en-app-de-citas-Once-arrestados-por-agresion-sexual.jpg","datePublished":"2024-11-23T14:13:29+00:00","dateModified":"2024-11-23T14:13:31+00:00","author":{"@id":"https:\/\/www.diario21.tv\/noticias\/#\/schema\/person\/dfb778f73814d8f09f302618446a526b"},"breadcrumb":{"@id":"https:\/\/www.diario21.tv\/noticias\/escandalo-en-app-de-citas-once-arrestados-por-agresion-sexual-a-menor\/#breadcrumb"},"inLanguage":"es-AR","potentialAction":[{"@type":"ReadAction","target":["https:\/\/www.diario21.tv\/noticias\/escandalo-en-app-de-citas-once-arrestados-por-agresion-sexual-a-menor\/"]}]},{"@type":"ImageObject","inLanguage":"es-AR","@id":"https:\/\/www.diario21.tv\/noticias\/escandalo-en-app-de-citas-once-arrestados-por-agresion-sexual-a-menor\/#primaryimage","url":"https:\/\/www.diario21.tv\/noticias\/wp-content\/uploads\/2024\/11\/\u00a1Escandalo-en-app-de-citas-Once-arrestados-por-agresion-sexual.jpg","contentUrl":"https:\/\/www.diario21.tv\/noticias\/wp-content\/uploads\/2024\/11\/\u00a1Escandalo-en-app-de-citas-Once-arrestados-por-agresion-sexual.jpg","width":1920,"height":1080,"caption":"Once detenidos por agresi\u00f3n sexual a una menor que conocieron en una aplicaci\u00f3n de citas"},{"@type":"BreadcrumbList","@id":"https:\/\/www.diario21.tv\/noticias\/escandalo-en-app-de-citas-once-arrestados-por-agresion-sexual-a-menor\/#breadcrumb","itemListElement":[{"@type":"ListItem","position":1,"name":"Accueil","item":"https:\/\/www.diario21.tv\/noticias\/"},{"@type":"ListItem","position":2,"name":"\u00a1Esc\u00e1ndalo en app de citas! Once arrestados por agresi\u00f3n sexual a menor."}]},{"@type":"WebSite","@id":"https:\/\/www.diario21.tv\/noticias\/#website","url":"https:\/\/www.diario21.tv\/noticias\/","name":"Diario 21","description":"","potentialAction":[{"@type":"SearchAction","target":{"@type":"EntryPoint","urlTemplate":"https:\/\/www.diario21.tv\/noticias\/?s={search_term_string}"},"query-input":{"@type":"PropertyValueSpecification","valueRequired":true,"valueName":"search_term_string"}}],"inLanguage":"es-AR"},{"@type":"Person","@id":"https:\/\/www.diario21.tv\/noticias\/#\/schema\/person\/dfb778f73814d8f09f302618446a526b","name":"Juan P\u00e9rez","image":{"@type":"ImageObject","inLanguage":"es-AR","@id":"https:\/\/www.diario21.tv\/noticias\/#\/schema\/person\/image\/","url":"https:\/\/secure.gravatar.com\/avatar\/c478a405bd10621167f4c3167cc770f5?s=96&d=mm&r=g","contentUrl":"https:\/\/secure.gravatar.com\/avatar\/c478a405bd10621167f4c3167cc770f5?s=96&d=mm&r=g","caption":"Juan P\u00e9rez"},"description":"Juan P\u00e9rez es el redactor en jefe de Diario 21. Con m\u00e1s de 10 a\u00f1os de experiencia en el periodismo, se especializa en pol\u00edtica nacional y an\u00e1lisis socioecon\u00f3mico. Su enfoque cr\u00edtico y riguroso aporta una perspectiva \u00fanica a cada art\u00edculo.","sameAs":["https:\/\/www.diario21.tv\/noticias\/"],"url":"https:\/\/www.diario21.tv\/noticias\/author\/juan-perez\/"}]}},"_links":{"self":[{"href":"https:\/\/www.diario21.tv\/noticias\/wp-json\/wp\/v2\/posts\/1296"}],"collection":[{"href":"https:\/\/www.diario21.tv\/noticias\/wp-json\/wp\/v2\/posts"}],"about":[{"href":"https:\/\/www.diario21.tv\/noticias\/wp-json\/wp\/v2\/types\/post"}],"author":[{"embeddable":true,"href":"https:\/\/www.diario21.tv\/noticias\/wp-json\/wp\/v2\/users\/20"}],"replies":[{"embeddable":true,"href":"https:\/\/www.diario21.tv\/noticias\/wp-json\/wp\/v2\/comments?post=1296"}],"version-history":[{"count":1,"href":"https:\/\/www.diario21.tv\/noticias\/wp-json\/wp\/v2\/posts\/1296\/revisions"}],"predecessor-version":[{"id":1298,"href":"https:\/\/www.diario21.tv\/noticias\/wp-json\/wp\/v2\/posts\/1296\/revisions\/1298"}],"wp:featuredmedia":[{"embeddable":true,"href":"https:\/\/www.diario21.tv\/noticias\/wp-json\/wp\/v2\/media\/1297"}],"wp:attachment":[{"href":"https:\/\/www.diario21.tv\/noticias\/wp-json\/wp\/v2\/media?parent=1296"}],"wp:term":[{"taxonomy":"category","embeddable":true,"href":"https:\/\/www.diario21.tv\/noticias\/wp-json\/wp\/v2\/categories?post=1296"},{"taxonomy":"post_tag","embeddable":true,"href":"https:\/\/www.diario21.tv\/noticias\/wp-json\/wp\/v2\/tags?post=1296"}],"curies":[{"name":"wp","href":"https:\/\/api.w.org\/{rel}","templated":true}]}}