{"id":1290,"date":"2024-11-23T01:56:51","date_gmt":"2024-11-23T01:56:51","guid":{"rendered":"https:\/\/www.diario21.tv\/noticias\/alerta-en-espana-mas-de-20-millones-afectados-por-trastornos-neurologicos\/"},"modified":"2024-11-23T01:56:52","modified_gmt":"2024-11-23T01:56:52","slug":"alerta-en-espana-mas-de-20-millones-afectados-por-trastornos-neurologicos","status":"publish","type":"post","link":"https:\/\/www.diario21.tv\/noticias\/alerta-en-espana-mas-de-20-millones-afectados-por-trastornos-neurologicos\/","title":{"rendered":"\u00a1Alerta en Espa\u00f1a! M\u00e1s de 20 millones afectados por trastornos neurol\u00f3gicos"},"content":{"rendered":"<h2>Trastornos Neurol\u00f3gicos Afectan a Una Gran Parte de la Poblaci\u00f3n Espa\u00f1ola<\/h2>\n<p>En Espa\u00f1a, m\u00e1s de 20 millones de personas est\u00e1n afectadas por diversas condiciones neurol\u00f3gicas, un n\u00famero que revela la magnitud de este problema de salud p\u00fablica. Los trastornos neurol\u00f3gicos, que incluyen una amplia gama de enfermedades del sistema nervioso, impactan significativamente en la calidad de vida de los individuos, adem\u00e1s de representar un desaf\u00edo considerable para el sistema de salud.<\/p>\n<h3>Variedad y Prevalencia de Condiciones Neurol\u00f3gicas<\/h3>\n<p>Las enfermedades neurol\u00f3gicas abarcan desde migra\u00f1as y cefaleas, que son las m\u00e1s comunes, hasta afecciones m\u00e1s graves como la enfermedad de Alzheimer, el Parkinson, la esclerosis m\u00faltiple y la epilepsia. La prevalencia de estas enfermedades muestra un crecimiento preocupante y se espera que contin\u00fae aumentando en los pr\u00f3ximos a\u00f1os debido al envejecimiento de la poblaci\u00f3n.<\/p>\n<p>Los trastornos m\u00e1s frecuentes son las cefaleas, que afectan aproximadamente al 15% de la poblaci\u00f3n adulta. Las migra\u00f1as, por otro lado, impactan alrededor del 12% de los espa\u00f1oles, con una incidencia notablemente mayor en mujeres que en hombres. Las enfermedades neurodegenerativas como el Alzheimer y el Parkinson tambi\u00e9n muestran una tendencia ascendente conforme avanza la edad de la poblaci\u00f3n.<\/p>\n<h3>Impacto en la Calidad de Vida y el Sistema de Salud<\/h3>\n<p>El impacto de los trastornos neurol\u00f3gicos va m\u00e1s all\u00e1 de la salud f\u00edsica de los individuos. Estas condiciones tambi\u00e9n afectan significativamente la salud mental y emocional, la capacidad de trabajo y la vida social de las personas. El manejo y tratamiento de estas enfermedades suponen un reto para los profesionales de la salud y requieren una cantidad considerable de recursos del sistema sanitario.<\/p>\n<p>El tratamiento de estas condiciones no solo implica la administraci\u00f3n de medicamentos, sino tambi\u00e9n la rehabilitaci\u00f3n y terapias de apoyo que son cruciales para mejorar la calidad de vida de los pacientes. Adem\u00e1s, la carga econ\u00f3mica para las familias y el sistema de salud es considerable, especialmente en los casos de enfermedades cr\u00f3nicas que requieren cuidados a largo plazo.<\/p>\n<h3>Desaf\u00edos y Perspectivas Futuras<\/h3>\n<p>Ante esta situaci\u00f3n, es esencial que se fortalezcan las pol\u00edticas de salud p\u00fablica orientadas a la prevenci\u00f3n y detecci\u00f3n temprana de los trastornos neurol\u00f3gicos. Asimismo, es crucial invertir en investigaci\u00f3n para desarrollar tratamientos m\u00e1s efectivos y menos invasivos que puedan aliviar los s\u00edntomas y mejorar la calidad de vida de los pacientes.<\/p>\n<p>Con el aumento esperado de la prevalencia de estas condiciones, se hace a\u00fan m\u00e1s importante la formaci\u00f3n y capacitaci\u00f3n de especialistas en neurolog\u00eda que puedan ofrecer diagn\u00f3sticos precisos y tratamientos adecuados.<\/p>\n<p>En conclusi\u00f3n, los trastornos neurol\u00f3gicos representan una de las principales preocupaciones de salud en Espa\u00f1a, afectando a una gran parte de la poblaci\u00f3n. Abordar estos desaf\u00edos requiere un enfoque multidisciplinario y el compromiso de toda la sociedad para mejorar la calidad de vida de los afectados y reducir el impacto en el sistema de salud.<\/p>\n\n\n<div class=\"kk-star-ratings kksr-auto kksr-align-left kksr-valign-bottom\"\n    data-payload='{&quot;align&quot;:&quot;left&quot;,&quot;id&quot;:&quot;1290&quot;,&quot;slug&quot;:&quot;default&quot;,&quot;valign&quot;:&quot;bottom&quot;,&quot;ignore&quot;:&quot;&quot;,&quot;reference&quot;:&quot;auto&quot;,&quot;class&quot;:&quot;&quot;,&quot;count&quot;:&quot;0&quot;,&quot;legendonly&quot;:&quot;&quot;,&quot;readonly&quot;:&quot;&quot;,&quot;score&quot;:&quot;0&quot;,&quot;starsonly&quot;:&quot;&quot;,&quot;best&quot;:&quot;5&quot;,&quot;gap&quot;:&quot;5&quot;,&quot;greet&quot;:&quot;Valora este post&quot;,&quot;legend&quot;:&quot;0\\\/5 - (0 votes)&quot;,&quot;size&quot;:&quot;22&quot;,&quot;title&quot;:&quot;\u00a1Alerta en Espa\u00f1a! M\u00e1s de 20 millones afectados por trastornos neurol\u00f3gicos&quot;,&quot;width&quot;:&quot;0&quot;,&quot;_legend&quot;:&quot;{score}\\\/{best} - ({count} {votes})&quot;,&quot;font_factor&quot;:&quot;1.25&quot;}'>\n            \n<div class=\"kksr-stars\">\n    \n<div class=\"kksr-stars-inactive\">\n            <div class=\"kksr-star\" data-star=\"1\" style=\"padding-right: 5px\">\n            \n\n<div class=\"kksr-icon\" style=\"width: 22px; height: 22px;\"><\/div>\n        <\/div>\n            <div class=\"kksr-star\" data-star=\"2\" style=\"padding-right: 5px\">\n            \n\n<div class=\"kksr-icon\" style=\"width: 22px; height: 22px;\"><\/div>\n        <\/div>\n            <div class=\"kksr-star\" data-star=\"3\" style=\"padding-right: 5px\">\n            \n\n<div class=\"kksr-icon\" style=\"width: 22px; height: 22px;\"><\/div>\n        <\/div>\n            <div class=\"kksr-star\" data-star=\"4\" style=\"padding-right: 5px\">\n            \n\n<div class=\"kksr-icon\" style=\"width: 22px; height: 22px;\"><\/div>\n        <\/div>\n            <div class=\"kksr-star\" data-star=\"5\" style=\"padding-right: 5px\">\n            \n\n<div class=\"kksr-icon\" style=\"width: 22px; height: 22px;\"><\/div>\n        <\/div>\n    <\/div>\n    \n<div class=\"kksr-stars-active\" style=\"width: 0px;\">\n            <div class=\"kksr-star\" style=\"padding-right: 5px\">\n            \n\n<div class=\"kksr-icon\" style=\"width: 22px; height: 22px;\"><\/div>\n        <\/div>\n            <div class=\"kksr-star\" style=\"padding-right: 5px\">\n            \n\n<div class=\"kksr-icon\" style=\"width: 22px; height: 22px;\"><\/div>\n        <\/div>\n            <div class=\"kksr-star\" style=\"padding-right: 5px\">\n            \n\n<div class=\"kksr-icon\" style=\"width: 22px; height: 22px;\"><\/div>\n        <\/div>\n            <div class=\"kksr-star\" style=\"padding-right: 5px\">\n            \n\n<div class=\"kksr-icon\" style=\"width: 22px; height: 22px;\"><\/div>\n        <\/div>\n            <div class=\"kksr-star\" style=\"padding-right: 5px\">\n            \n\n<div class=\"kksr-icon\" style=\"width: 22px; height: 22px;\"><\/div>\n        <\/div>\n    <\/div>\n<\/div>\n                \n\n<div class=\"kksr-legend\" style=\"font-size: 17.6px;\">\n            <span class=\"kksr-muted\">Valora este post<\/span>\n    <\/div>\n    <\/div>\n","protected":false},"excerpt":{"rendered":"<p>Trastornos Neurol\u00f3gicos Afectan a Una Gran Parte de la Poblaci\u00f3n Espa\u00f1ola En Espa\u00f1a, m\u00e1s de 20 millones de personas est\u00e1n afectadas por diversas condiciones neurol\u00f3gicas, un &#8230; <a title=\"\u00a1Alerta en Espa\u00f1a! M\u00e1s de 20 millones afectados por trastornos neurol\u00f3gicos\" class=\"read-more\" href=\"https:\/\/www.diario21.tv\/noticias\/alerta-en-espana-mas-de-20-millones-afectados-por-trastornos-neurologicos\/\" aria-label=\"Leer m\u00e1s sobre \u00a1Alerta en Espa\u00f1a! M\u00e1s de 20 millones afectados por trastornos neurol\u00f3gicos\">Seguir leyendo &rarr;<\/a><\/p>\n","protected":false},"author":20,"featured_media":1291,"comment_status":"open","ping_status":"open","sticky":false,"template":"","format":"standard","meta":{"footnotes":""},"categories":[13],"tags":[],"class_list":["post-1290","post","type-post","status-publish","format-standard","has-post-thumbnail","hentry","category-portada"],"yoast_head":"<!-- This site is optimized with the Yoast SEO plugin v25.6 - https:\/\/yoast.com\/wordpress\/plugins\/seo\/ -->\n<title>\u00a1Alerta en Espa\u00f1a! M\u00e1s de 20 millones afectados por trastornos neurol\u00f3gicos - Diario 21<\/title>\n<meta name=\"robots\" content=\"index, follow, max-snippet:-1, max-image-preview:large, max-video-preview:-1\" \/>\n<link rel=\"canonical\" href=\"https:\/\/www.diario21.tv\/noticias\/alerta-en-espana-mas-de-20-millones-afectados-por-trastornos-neurologicos\/\" \/>\n<meta property=\"og:locale\" content=\"es_ES\" \/>\n<meta property=\"og:type\" content=\"article\" \/>\n<meta property=\"og:title\" content=\"\u00a1Alerta en Espa\u00f1a! M\u00e1s de 20 millones afectados por trastornos neurol\u00f3gicos - Diario 21\" \/>\n<meta property=\"og:description\" content=\"Trastornos Neurol\u00f3gicos Afectan a Una Gran Parte de la Poblaci\u00f3n Espa\u00f1ola En Espa\u00f1a, m\u00e1s de 20 millones de personas est\u00e1n afectadas por diversas condiciones neurol\u00f3gicas, un ... Seguir leyendo &rarr;\" \/>\n<meta property=\"og:url\" content=\"https:\/\/www.diario21.tv\/noticias\/alerta-en-espana-mas-de-20-millones-afectados-por-trastornos-neurologicos\/\" \/>\n<meta property=\"og:site_name\" content=\"Diario 21\" \/>\n<meta property=\"article:published_time\" content=\"2024-11-23T01:56:51+00:00\" \/>\n<meta property=\"article:modified_time\" content=\"2024-11-23T01:56:52+00:00\" \/>\n<meta property=\"og:image\" content=\"https:\/\/www.diario21.tv\/noticias\/wp-content\/uploads\/2024\/11\/\u00a1Alerta-en-Espana-Mas-de-20-millones-afectados-por-trastornos.jpg\" \/>\n\t<meta property=\"og:image:width\" content=\"1920\" \/>\n\t<meta property=\"og:image:height\" content=\"1080\" \/>\n\t<meta property=\"og:image:type\" content=\"image\/jpeg\" \/>\n<meta name=\"author\" content=\"Juan P\u00e9rez\" \/>\n<meta name=\"twitter:card\" content=\"summary_large_image\" \/>\n<meta name=\"twitter:label1\" content=\"Escrito por\" \/>\n\t<meta name=\"twitter:data1\" content=\"Juan P\u00e9rez\" \/>\n\t<meta name=\"twitter:label2\" content=\"Tiempo de lectura\" \/>\n\t<meta name=\"twitter:data2\" content=\"3 minutos\" \/>\n<script type=\"application\/ld+json\" class=\"yoast-schema-graph\">{\"@context\":\"https:\/\/schema.org\",\"@graph\":[{\"@type\":\"WebPage\",\"@id\":\"https:\/\/www.diario21.tv\/noticias\/alerta-en-espana-mas-de-20-millones-afectados-por-trastornos-neurologicos\/\",\"url\":\"https:\/\/www.diario21.tv\/noticias\/alerta-en-espana-mas-de-20-millones-afectados-por-trastornos-neurologicos\/\",\"name\":\"\u00a1Alerta en Espa\u00f1a! M\u00e1s de 20 millones afectados por trastornos neurol\u00f3gicos - Diario 21\",\"isPartOf\":{\"@id\":\"https:\/\/www.diario21.tv\/noticias\/#website\"},\"primaryImageOfPage\":{\"@id\":\"https:\/\/www.diario21.tv\/noticias\/alerta-en-espana-mas-de-20-millones-afectados-por-trastornos-neurologicos\/#primaryimage\"},\"image\":{\"@id\":\"https:\/\/www.diario21.tv\/noticias\/alerta-en-espana-mas-de-20-millones-afectados-por-trastornos-neurologicos\/#primaryimage\"},\"thumbnailUrl\":\"https:\/\/www.diario21.tv\/noticias\/wp-content\/uploads\/2024\/11\/\u00a1Alerta-en-Espana-Mas-de-20-millones-afectados-por-trastornos.jpg\",\"datePublished\":\"2024-11-23T01:56:51+00:00\",\"dateModified\":\"2024-11-23T01:56:52+00:00\",\"author\":{\"@id\":\"https:\/\/www.diario21.tv\/noticias\/#\/schema\/person\/dfb778f73814d8f09f302618446a526b\"},\"breadcrumb\":{\"@id\":\"https:\/\/www.diario21.tv\/noticias\/alerta-en-espana-mas-de-20-millones-afectados-por-trastornos-neurologicos\/#breadcrumb\"},\"inLanguage\":\"es-AR\",\"potentialAction\":[{\"@type\":\"ReadAction\",\"target\":[\"https:\/\/www.diario21.tv\/noticias\/alerta-en-espana-mas-de-20-millones-afectados-por-trastornos-neurologicos\/\"]}]},{\"@type\":\"ImageObject\",\"inLanguage\":\"es-AR\",\"@id\":\"https:\/\/www.diario21.tv\/noticias\/alerta-en-espana-mas-de-20-millones-afectados-por-trastornos-neurologicos\/#primaryimage\",\"url\":\"https:\/\/www.diario21.tv\/noticias\/wp-content\/uploads\/2024\/11\/\u00a1Alerta-en-Espana-Mas-de-20-millones-afectados-por-trastornos.jpg\",\"contentUrl\":\"https:\/\/www.diario21.tv\/noticias\/wp-content\/uploads\/2024\/11\/\u00a1Alerta-en-Espana-Mas-de-20-millones-afectados-por-trastornos.jpg\",\"width\":1920,\"height\":1080,\"caption\":\"M\u00e1s de 20 millones de espa\u00f1oles sufren alg\u00fan trastorno neurol\u00f3gico\"},{\"@type\":\"BreadcrumbList\",\"@id\":\"https:\/\/www.diario21.tv\/noticias\/alerta-en-espana-mas-de-20-millones-afectados-por-trastornos-neurologicos\/#breadcrumb\",\"itemListElement\":[{\"@type\":\"ListItem\",\"position\":1,\"name\":\"Accueil\",\"item\":\"https:\/\/www.diario21.tv\/noticias\/\"},{\"@type\":\"ListItem\",\"position\":2,\"name\":\"\u00a1Alerta en Espa\u00f1a! M\u00e1s de 20 millones afectados por trastornos neurol\u00f3gicos\"}]},{\"@type\":\"WebSite\",\"@id\":\"https:\/\/www.diario21.tv\/noticias\/#website\",\"url\":\"https:\/\/www.diario21.tv\/noticias\/\",\"name\":\"Diario 21\",\"description\":\"\",\"potentialAction\":[{\"@type\":\"SearchAction\",\"target\":{\"@type\":\"EntryPoint\",\"urlTemplate\":\"https:\/\/www.diario21.tv\/noticias\/?s={search_term_string}\"},\"query-input\":{\"@type\":\"PropertyValueSpecification\",\"valueRequired\":true,\"valueName\":\"search_term_string\"}}],\"inLanguage\":\"es-AR\"},{\"@type\":\"Person\",\"@id\":\"https:\/\/www.diario21.tv\/noticias\/#\/schema\/person\/dfb778f73814d8f09f302618446a526b\",\"name\":\"Juan P\u00e9rez\",\"image\":{\"@type\":\"ImageObject\",\"inLanguage\":\"es-AR\",\"@id\":\"https:\/\/www.diario21.tv\/noticias\/#\/schema\/person\/image\/\",\"url\":\"https:\/\/secure.gravatar.com\/avatar\/c478a405bd10621167f4c3167cc770f5?s=96&d=mm&r=g\",\"contentUrl\":\"https:\/\/secure.gravatar.com\/avatar\/c478a405bd10621167f4c3167cc770f5?s=96&d=mm&r=g\",\"caption\":\"Juan P\u00e9rez\"},\"description\":\"Juan P\u00e9rez es el redactor en jefe de Diario 21. Con m\u00e1s de 10 a\u00f1os de experiencia en el periodismo, se especializa en pol\u00edtica nacional y an\u00e1lisis socioecon\u00f3mico. Su enfoque cr\u00edtico y riguroso aporta una perspectiva \u00fanica a cada art\u00edculo.\",\"sameAs\":[\"https:\/\/www.diario21.tv\/noticias\/\"],\"url\":\"https:\/\/www.diario21.tv\/noticias\/author\/juan-perez\/\"}]}<\/script>\n<!-- \/ Yoast SEO plugin. -->","yoast_head_json":{"title":"\u00a1Alerta en Espa\u00f1a! M\u00e1s de 20 millones afectados por trastornos neurol\u00f3gicos - Diario 21","robots":{"index":"index","follow":"follow","max-snippet":"max-snippet:-1","max-image-preview":"max-image-preview:large","max-video-preview":"max-video-preview:-1"},"canonical":"https:\/\/www.diario21.tv\/noticias\/alerta-en-espana-mas-de-20-millones-afectados-por-trastornos-neurologicos\/","og_locale":"es_ES","og_type":"article","og_title":"\u00a1Alerta en Espa\u00f1a! M\u00e1s de 20 millones afectados por trastornos neurol\u00f3gicos - Diario 21","og_description":"Trastornos Neurol\u00f3gicos Afectan a Una Gran Parte de la Poblaci\u00f3n Espa\u00f1ola En Espa\u00f1a, m\u00e1s de 20 millones de personas est\u00e1n afectadas por diversas condiciones neurol\u00f3gicas, un ... Seguir leyendo &rarr;","og_url":"https:\/\/www.diario21.tv\/noticias\/alerta-en-espana-mas-de-20-millones-afectados-por-trastornos-neurologicos\/","og_site_name":"Diario 21","article_published_time":"2024-11-23T01:56:51+00:00","article_modified_time":"2024-11-23T01:56:52+00:00","og_image":[{"width":1920,"height":1080,"url":"https:\/\/www.diario21.tv\/noticias\/wp-content\/uploads\/2024\/11\/\u00a1Alerta-en-Espana-Mas-de-20-millones-afectados-por-trastornos.jpg","type":"image\/jpeg"}],"author":"Juan P\u00e9rez","twitter_card":"summary_large_image","twitter_misc":{"Escrito por":"Juan P\u00e9rez","Tiempo de lectura":"3 minutos"},"schema":{"@context":"https:\/\/schema.org","@graph":[{"@type":"WebPage","@id":"https:\/\/www.diario21.tv\/noticias\/alerta-en-espana-mas-de-20-millones-afectados-por-trastornos-neurologicos\/","url":"https:\/\/www.diario21.tv\/noticias\/alerta-en-espana-mas-de-20-millones-afectados-por-trastornos-neurologicos\/","name":"\u00a1Alerta en Espa\u00f1a! M\u00e1s de 20 millones afectados por trastornos neurol\u00f3gicos - Diario 21","isPartOf":{"@id":"https:\/\/www.diario21.tv\/noticias\/#website"},"primaryImageOfPage":{"@id":"https:\/\/www.diario21.tv\/noticias\/alerta-en-espana-mas-de-20-millones-afectados-por-trastornos-neurologicos\/#primaryimage"},"image":{"@id":"https:\/\/www.diario21.tv\/noticias\/alerta-en-espana-mas-de-20-millones-afectados-por-trastornos-neurologicos\/#primaryimage"},"thumbnailUrl":"https:\/\/www.diario21.tv\/noticias\/wp-content\/uploads\/2024\/11\/\u00a1Alerta-en-Espana-Mas-de-20-millones-afectados-por-trastornos.jpg","datePublished":"2024-11-23T01:56:51+00:00","dateModified":"2024-11-23T01:56:52+00:00","author":{"@id":"https:\/\/www.diario21.tv\/noticias\/#\/schema\/person\/dfb778f73814d8f09f302618446a526b"},"breadcrumb":{"@id":"https:\/\/www.diario21.tv\/noticias\/alerta-en-espana-mas-de-20-millones-afectados-por-trastornos-neurologicos\/#breadcrumb"},"inLanguage":"es-AR","potentialAction":[{"@type":"ReadAction","target":["https:\/\/www.diario21.tv\/noticias\/alerta-en-espana-mas-de-20-millones-afectados-por-trastornos-neurologicos\/"]}]},{"@type":"ImageObject","inLanguage":"es-AR","@id":"https:\/\/www.diario21.tv\/noticias\/alerta-en-espana-mas-de-20-millones-afectados-por-trastornos-neurologicos\/#primaryimage","url":"https:\/\/www.diario21.tv\/noticias\/wp-content\/uploads\/2024\/11\/\u00a1Alerta-en-Espana-Mas-de-20-millones-afectados-por-trastornos.jpg","contentUrl":"https:\/\/www.diario21.tv\/noticias\/wp-content\/uploads\/2024\/11\/\u00a1Alerta-en-Espana-Mas-de-20-millones-afectados-por-trastornos.jpg","width":1920,"height":1080,"caption":"M\u00e1s de 20 millones de espa\u00f1oles sufren alg\u00fan trastorno neurol\u00f3gico"},{"@type":"BreadcrumbList","@id":"https:\/\/www.diario21.tv\/noticias\/alerta-en-espana-mas-de-20-millones-afectados-por-trastornos-neurologicos\/#breadcrumb","itemListElement":[{"@type":"ListItem","position":1,"name":"Accueil","item":"https:\/\/www.diario21.tv\/noticias\/"},{"@type":"ListItem","position":2,"name":"\u00a1Alerta en Espa\u00f1a! M\u00e1s de 20 millones afectados por trastornos neurol\u00f3gicos"}]},{"@type":"WebSite","@id":"https:\/\/www.diario21.tv\/noticias\/#website","url":"https:\/\/www.diario21.tv\/noticias\/","name":"Diario 21","description":"","potentialAction":[{"@type":"SearchAction","target":{"@type":"EntryPoint","urlTemplate":"https:\/\/www.diario21.tv\/noticias\/?s={search_term_string}"},"query-input":{"@type":"PropertyValueSpecification","valueRequired":true,"valueName":"search_term_string"}}],"inLanguage":"es-AR"},{"@type":"Person","@id":"https:\/\/www.diario21.tv\/noticias\/#\/schema\/person\/dfb778f73814d8f09f302618446a526b","name":"Juan P\u00e9rez","image":{"@type":"ImageObject","inLanguage":"es-AR","@id":"https:\/\/www.diario21.tv\/noticias\/#\/schema\/person\/image\/","url":"https:\/\/secure.gravatar.com\/avatar\/c478a405bd10621167f4c3167cc770f5?s=96&d=mm&r=g","contentUrl":"https:\/\/secure.gravatar.com\/avatar\/c478a405bd10621167f4c3167cc770f5?s=96&d=mm&r=g","caption":"Juan P\u00e9rez"},"description":"Juan P\u00e9rez es el redactor en jefe de Diario 21. Con m\u00e1s de 10 a\u00f1os de experiencia en el periodismo, se especializa en pol\u00edtica nacional y an\u00e1lisis socioecon\u00f3mico. Su enfoque cr\u00edtico y riguroso aporta una perspectiva \u00fanica a cada art\u00edculo.","sameAs":["https:\/\/www.diario21.tv\/noticias\/"],"url":"https:\/\/www.diario21.tv\/noticias\/author\/juan-perez\/"}]}},"_links":{"self":[{"href":"https:\/\/www.diario21.tv\/noticias\/wp-json\/wp\/v2\/posts\/1290"}],"collection":[{"href":"https:\/\/www.diario21.tv\/noticias\/wp-json\/wp\/v2\/posts"}],"about":[{"href":"https:\/\/www.diario21.tv\/noticias\/wp-json\/wp\/v2\/types\/post"}],"author":[{"embeddable":true,"href":"https:\/\/www.diario21.tv\/noticias\/wp-json\/wp\/v2\/users\/20"}],"replies":[{"embeddable":true,"href":"https:\/\/www.diario21.tv\/noticias\/wp-json\/wp\/v2\/comments?post=1290"}],"version-history":[{"count":1,"href":"https:\/\/www.diario21.tv\/noticias\/wp-json\/wp\/v2\/posts\/1290\/revisions"}],"predecessor-version":[{"id":1292,"href":"https:\/\/www.diario21.tv\/noticias\/wp-json\/wp\/v2\/posts\/1290\/revisions\/1292"}],"wp:featuredmedia":[{"embeddable":true,"href":"https:\/\/www.diario21.tv\/noticias\/wp-json\/wp\/v2\/media\/1291"}],"wp:attachment":[{"href":"https:\/\/www.diario21.tv\/noticias\/wp-json\/wp\/v2\/media?parent=1290"}],"wp:term":[{"taxonomy":"category","embeddable":true,"href":"https:\/\/www.diario21.tv\/noticias\/wp-json\/wp\/v2\/categories?post=1290"},{"taxonomy":"post_tag","embeddable":true,"href":"https:\/\/www.diario21.tv\/noticias\/wp-json\/wp\/v2\/tags?post=1290"}],"curies":[{"name":"wp","href":"https:\/\/api.w.org\/{rel}","templated":true}]}}