{"id":1272,"date":"2024-11-21T12:26:51","date_gmt":"2024-11-21T12:26:51","guid":{"rendered":"https:\/\/www.diario21.tv\/noticias\/los-reyes-reciben-una-calida-bienvenida-tras-el-incidente-en-paiporta-descubre-que-paso\/"},"modified":"2024-11-21T12:26:52","modified_gmt":"2024-11-21T12:26:52","slug":"los-reyes-reciben-una-calida-bienvenida-tras-el-incidente-en-paiporta-descubre-que-paso","status":"publish","type":"post","link":"https:\/\/www.diario21.tv\/noticias\/los-reyes-reciben-una-calida-bienvenida-tras-el-incidente-en-paiporta-descubre-que-paso\/","title":{"rendered":"Los Reyes reciben una c\u00e1lida bienvenida tras el incidente en Paiporta \u00a1Descubre qu\u00e9 pas\u00f3!"},"content":{"rendered":"<h2>Los Monarcas Reciben una C\u00e1lida Bienvenida Despu\u00e9s del Incidente en Paiporta<\/h2>\n<p>En un reciente evento p\u00fablico, los Reyes de Espa\u00f1a fueron recibidos con entusiasmo y afecto por la multitud, un marcado contraste con el desafortunado episodio vivido d\u00edas atr\u00e1s en Paiporta. Este recibimiento ha servido para reforzar el apoyo popular hacia la monarqu\u00eda, demostrando la resiliencia y el cari\u00f1o que muchos ciudadanos sienten hacia sus l\u00edderes.<\/p>\n<h3>Un Incidente Lamentable<\/h3>\n<p>El evento en Paiporta, que tuvo lugar hace apenas unos d\u00edas, estuvo marcado por una situaci\u00f3n inc\u00f3moda cuando los monarcas fueron objeto de protestas. El descontento de un sector de la poblaci\u00f3n se hizo evidente, pero no represent\u00f3 el sentir general de la comunidad. A pesar de que la visita a Paiporta fue complicada, los Reyes no perdieron el \u00e1nimo y continuaron con su agenda, demostrando su compromiso con todas las regiones del pa\u00eds, incluso aquellas donde puedan enfrentar adversidades.<\/p>\n<h3>Un C\u00e1lido Recibimiento<\/h3>\n<p>Tras el incidente, la aparici\u00f3n de los Reyes en el siguiente evento fue altamente anticipada. A su llegada, la pareja real fue recibida con aplausos y v\u00edtores, una clara muestra de apoyo y cari\u00f1o por parte de la mayor\u00eda de los asistentes. Este gesto de la comunidad no solo restaur\u00f3 el ambiente de positividad, sino que tambi\u00e9n reafirm\u00f3 la conexi\u00f3n entre la monarqu\u00eda y el pueblo.<\/p>\n<p>Durante el evento, los Reyes interactuaron con los ciudadanos, dedicando tiempo para escuchar sus historias y compartir momentos significativos. Las im\u00e1genes de los monarcas mezcl\u00e1ndose con la gente, sonrientes y accesibles, fueron destacadas por diversos medios de comunicaci\u00f3n, contrastando fuertemente con las tensiones previamente experimentadas.<\/p>\n<h3>Significado y Perspectivas<\/h3>\n<p>Este cambio de tono no solo es significativo para la imagen de los Reyes, sino que tambi\u00e9n es indicativo del apoyo que a\u00fan existe hacia la instituci\u00f3n mon\u00e1rquica en Espa\u00f1a. A pesar de los desaf\u00edos y las cr\u00edticas que enfrentan ocasionalmente, eventos como este demuestran que el aprecio y el respeto hacia los Reyes sigue siendo fuerte en muchas comunidades.<\/p>\n<p>Adem\u00e1s, este evento ofreci\u00f3 una oportunidad para que los Reyes demostraran su resiliencia y su disposici\u00f3n a seguir conectando con todas las facciones de la sociedad espa\u00f1ola, reafirmando su papel como figuras unificadoras en tiempos de divisi\u00f3n.<\/p>\n<p>En resumen, la reciente aparici\u00f3n de los Reyes y la calurosa recepci\u00f3n que recibieron, subrayan la capacidad de superaci\u00f3n y la fortaleza de la monarqu\u00eda espa\u00f1ola frente a los desaf\u00edos, manteniendo una relaci\u00f3n estrecha y positiva con el pueblo de Espa\u00f1a.<\/p>\n\n\n<div class=\"kk-star-ratings kksr-auto kksr-align-left kksr-valign-bottom\"\n    data-payload='{&quot;align&quot;:&quot;left&quot;,&quot;id&quot;:&quot;1272&quot;,&quot;slug&quot;:&quot;default&quot;,&quot;valign&quot;:&quot;bottom&quot;,&quot;ignore&quot;:&quot;&quot;,&quot;reference&quot;:&quot;auto&quot;,&quot;class&quot;:&quot;&quot;,&quot;count&quot;:&quot;0&quot;,&quot;legendonly&quot;:&quot;&quot;,&quot;readonly&quot;:&quot;&quot;,&quot;score&quot;:&quot;0&quot;,&quot;starsonly&quot;:&quot;&quot;,&quot;best&quot;:&quot;5&quot;,&quot;gap&quot;:&quot;5&quot;,&quot;greet&quot;:&quot;Valora este post&quot;,&quot;legend&quot;:&quot;0\\\/5 - (0 votes)&quot;,&quot;size&quot;:&quot;22&quot;,&quot;title&quot;:&quot;Los Reyes reciben una c\u00e1lida bienvenida tras el incidente en Paiporta \u00a1Descubre qu\u00e9 pas\u00f3!&quot;,&quot;width&quot;:&quot;0&quot;,&quot;_legend&quot;:&quot;{score}\\\/{best} - ({count} {votes})&quot;,&quot;font_factor&quot;:&quot;1.25&quot;}'>\n            \n<div class=\"kksr-stars\">\n    \n<div class=\"kksr-stars-inactive\">\n            <div class=\"kksr-star\" data-star=\"1\" style=\"padding-right: 5px\">\n            \n\n<div class=\"kksr-icon\" style=\"width: 22px; height: 22px;\"><\/div>\n        <\/div>\n            <div class=\"kksr-star\" data-star=\"2\" style=\"padding-right: 5px\">\n            \n\n<div class=\"kksr-icon\" style=\"width: 22px; height: 22px;\"><\/div>\n        <\/div>\n            <div class=\"kksr-star\" data-star=\"3\" style=\"padding-right: 5px\">\n            \n\n<div class=\"kksr-icon\" style=\"width: 22px; height: 22px;\"><\/div>\n        <\/div>\n            <div class=\"kksr-star\" data-star=\"4\" style=\"padding-right: 5px\">\n            \n\n<div class=\"kksr-icon\" style=\"width: 22px; height: 22px;\"><\/div>\n        <\/div>\n            <div class=\"kksr-star\" data-star=\"5\" style=\"padding-right: 5px\">\n            \n\n<div class=\"kksr-icon\" style=\"width: 22px; height: 22px;\"><\/div>\n        <\/div>\n    <\/div>\n    \n<div class=\"kksr-stars-active\" style=\"width: 0px;\">\n            <div class=\"kksr-star\" style=\"padding-right: 5px\">\n            \n\n<div class=\"kksr-icon\" style=\"width: 22px; height: 22px;\"><\/div>\n        <\/div>\n            <div class=\"kksr-star\" style=\"padding-right: 5px\">\n            \n\n<div class=\"kksr-icon\" style=\"width: 22px; height: 22px;\"><\/div>\n        <\/div>\n            <div class=\"kksr-star\" style=\"padding-right: 5px\">\n            \n\n<div class=\"kksr-icon\" style=\"width: 22px; height: 22px;\"><\/div>\n        <\/div>\n            <div class=\"kksr-star\" style=\"padding-right: 5px\">\n            \n\n<div class=\"kksr-icon\" style=\"width: 22px; height: 22px;\"><\/div>\n        <\/div>\n            <div class=\"kksr-star\" style=\"padding-right: 5px\">\n            \n\n<div class=\"kksr-icon\" style=\"width: 22px; height: 22px;\"><\/div>\n        <\/div>\n    <\/div>\n<\/div>\n                \n\n<div class=\"kksr-legend\" style=\"font-size: 17.6px;\">\n            <span class=\"kksr-muted\">Valora este post<\/span>\n    <\/div>\n    <\/div>\n","protected":false},"excerpt":{"rendered":"<p>Los Monarcas Reciben una C\u00e1lida Bienvenida Despu\u00e9s del Incidente en Paiporta En un reciente evento p\u00fablico, los Reyes de Espa\u00f1a fueron recibidos con entusiasmo y afecto &#8230; <a title=\"Los Reyes reciben una c\u00e1lida bienvenida tras el incidente en Paiporta \u00a1Descubre qu\u00e9 pas\u00f3!\" class=\"read-more\" href=\"https:\/\/www.diario21.tv\/noticias\/los-reyes-reciben-una-calida-bienvenida-tras-el-incidente-en-paiporta-descubre-que-paso\/\" aria-label=\"Leer m\u00e1s sobre Los Reyes reciben una c\u00e1lida bienvenida tras el incidente en Paiporta \u00a1Descubre qu\u00e9 pas\u00f3!\">Seguir leyendo &rarr;<\/a><\/p>\n","protected":false},"author":20,"featured_media":1273,"comment_status":"open","ping_status":"open","sticky":false,"template":"","format":"standard","meta":{"footnotes":""},"categories":[13],"tags":[],"class_list":["post-1272","post","type-post","status-publish","format-standard","has-post-thumbnail","hentry","category-portada"],"yoast_head":"<!-- This site is optimized with the Yoast SEO plugin v25.6 - https:\/\/yoast.com\/wordpress\/plugins\/seo\/ -->\n<title>Los Reyes reciben una c\u00e1lida bienvenida tras el incidente en Paiporta \u00a1Descubre qu\u00e9 pas\u00f3! - Diario 21<\/title>\n<meta name=\"robots\" content=\"index, follow, max-snippet:-1, max-image-preview:large, max-video-preview:-1\" \/>\n<link rel=\"canonical\" href=\"https:\/\/www.diario21.tv\/noticias\/los-reyes-reciben-una-calida-bienvenida-tras-el-incidente-en-paiporta-descubre-que-paso\/\" \/>\n<meta property=\"og:locale\" content=\"es_ES\" \/>\n<meta property=\"og:type\" content=\"article\" \/>\n<meta property=\"og:title\" content=\"Los Reyes reciben una c\u00e1lida bienvenida tras el incidente en Paiporta \u00a1Descubre qu\u00e9 pas\u00f3! - Diario 21\" \/>\n<meta property=\"og:description\" content=\"Los Monarcas Reciben una C\u00e1lida Bienvenida Despu\u00e9s del Incidente en Paiporta En un reciente evento p\u00fablico, los Reyes de Espa\u00f1a fueron recibidos con entusiasmo y afecto ... Seguir leyendo &rarr;\" \/>\n<meta property=\"og:url\" content=\"https:\/\/www.diario21.tv\/noticias\/los-reyes-reciben-una-calida-bienvenida-tras-el-incidente-en-paiporta-descubre-que-paso\/\" \/>\n<meta property=\"og:site_name\" content=\"Diario 21\" \/>\n<meta property=\"article:published_time\" content=\"2024-11-21T12:26:51+00:00\" \/>\n<meta property=\"article:modified_time\" content=\"2024-11-21T12:26:52+00:00\" \/>\n<meta property=\"og:image\" content=\"https:\/\/www.diario21.tv\/noticias\/wp-content\/uploads\/2024\/11\/Los-Reyes-reciben-una-calida-bienvenida-tras-el-incidente-en.JPG\" \/>\n\t<meta property=\"og:image:width\" content=\"1920\" \/>\n\t<meta property=\"og:image:height\" content=\"1080\" \/>\n\t<meta property=\"og:image:type\" content=\"image\/jpeg\" \/>\n<meta name=\"author\" content=\"Juan P\u00e9rez\" \/>\n<meta name=\"twitter:card\" content=\"summary_large_image\" \/>\n<meta name=\"twitter:label1\" content=\"Escrito por\" \/>\n\t<meta name=\"twitter:data1\" content=\"Juan P\u00e9rez\" \/>\n\t<meta name=\"twitter:label2\" content=\"Tiempo de lectura\" \/>\n\t<meta name=\"twitter:data2\" content=\"2 minutos\" \/>\n<script type=\"application\/ld+json\" class=\"yoast-schema-graph\">{\"@context\":\"https:\/\/schema.org\",\"@graph\":[{\"@type\":\"WebPage\",\"@id\":\"https:\/\/www.diario21.tv\/noticias\/los-reyes-reciben-una-calida-bienvenida-tras-el-incidente-en-paiporta-descubre-que-paso\/\",\"url\":\"https:\/\/www.diario21.tv\/noticias\/los-reyes-reciben-una-calida-bienvenida-tras-el-incidente-en-paiporta-descubre-que-paso\/\",\"name\":\"Los Reyes reciben una c\u00e1lida bienvenida tras el incidente en Paiporta \u00a1Descubre qu\u00e9 pas\u00f3! - Diario 21\",\"isPartOf\":{\"@id\":\"https:\/\/www.diario21.tv\/noticias\/#website\"},\"primaryImageOfPage\":{\"@id\":\"https:\/\/www.diario21.tv\/noticias\/los-reyes-reciben-una-calida-bienvenida-tras-el-incidente-en-paiporta-descubre-que-paso\/#primaryimage\"},\"image\":{\"@id\":\"https:\/\/www.diario21.tv\/noticias\/los-reyes-reciben-una-calida-bienvenida-tras-el-incidente-en-paiporta-descubre-que-paso\/#primaryimage\"},\"thumbnailUrl\":\"https:\/\/www.diario21.tv\/noticias\/wp-content\/uploads\/2024\/11\/Los-Reyes-reciben-una-calida-bienvenida-tras-el-incidente-en.JPG\",\"datePublished\":\"2024-11-21T12:26:51+00:00\",\"dateModified\":\"2024-11-21T12:26:52+00:00\",\"author\":{\"@id\":\"https:\/\/www.diario21.tv\/noticias\/#\/schema\/person\/dfb778f73814d8f09f302618446a526b\"},\"breadcrumb\":{\"@id\":\"https:\/\/www.diario21.tv\/noticias\/los-reyes-reciben-una-calida-bienvenida-tras-el-incidente-en-paiporta-descubre-que-paso\/#breadcrumb\"},\"inLanguage\":\"es-AR\",\"potentialAction\":[{\"@type\":\"ReadAction\",\"target\":[\"https:\/\/www.diario21.tv\/noticias\/los-reyes-reciben-una-calida-bienvenida-tras-el-incidente-en-paiporta-descubre-que-paso\/\"]}]},{\"@type\":\"ImageObject\",\"inLanguage\":\"es-AR\",\"@id\":\"https:\/\/www.diario21.tv\/noticias\/los-reyes-reciben-una-calida-bienvenida-tras-el-incidente-en-paiporta-descubre-que-paso\/#primaryimage\",\"url\":\"https:\/\/www.diario21.tv\/noticias\/wp-content\/uploads\/2024\/11\/Los-Reyes-reciben-una-calida-bienvenida-tras-el-incidente-en.JPG\",\"contentUrl\":\"https:\/\/www.diario21.tv\/noticias\/wp-content\/uploads\/2024\/11\/Los-Reyes-reciben-una-calida-bienvenida-tras-el-incidente-en.JPG\",\"width\":1920,\"height\":1080,\"caption\":\"Los Reyes se dan un ba\u00f1o de cari\u00f1o tras el lodo de Paiporta\"},{\"@type\":\"BreadcrumbList\",\"@id\":\"https:\/\/www.diario21.tv\/noticias\/los-reyes-reciben-una-calida-bienvenida-tras-el-incidente-en-paiporta-descubre-que-paso\/#breadcrumb\",\"itemListElement\":[{\"@type\":\"ListItem\",\"position\":1,\"name\":\"Accueil\",\"item\":\"https:\/\/www.diario21.tv\/noticias\/\"},{\"@type\":\"ListItem\",\"position\":2,\"name\":\"Los Reyes reciben una c\u00e1lida bienvenida tras el incidente en Paiporta \u00a1Descubre qu\u00e9 pas\u00f3!\"}]},{\"@type\":\"WebSite\",\"@id\":\"https:\/\/www.diario21.tv\/noticias\/#website\",\"url\":\"https:\/\/www.diario21.tv\/noticias\/\",\"name\":\"Diario 21\",\"description\":\"\",\"potentialAction\":[{\"@type\":\"SearchAction\",\"target\":{\"@type\":\"EntryPoint\",\"urlTemplate\":\"https:\/\/www.diario21.tv\/noticias\/?s={search_term_string}\"},\"query-input\":{\"@type\":\"PropertyValueSpecification\",\"valueRequired\":true,\"valueName\":\"search_term_string\"}}],\"inLanguage\":\"es-AR\"},{\"@type\":\"Person\",\"@id\":\"https:\/\/www.diario21.tv\/noticias\/#\/schema\/person\/dfb778f73814d8f09f302618446a526b\",\"name\":\"Juan P\u00e9rez\",\"image\":{\"@type\":\"ImageObject\",\"inLanguage\":\"es-AR\",\"@id\":\"https:\/\/www.diario21.tv\/noticias\/#\/schema\/person\/image\/\",\"url\":\"https:\/\/secure.gravatar.com\/avatar\/c478a405bd10621167f4c3167cc770f5?s=96&d=mm&r=g\",\"contentUrl\":\"https:\/\/secure.gravatar.com\/avatar\/c478a405bd10621167f4c3167cc770f5?s=96&d=mm&r=g\",\"caption\":\"Juan P\u00e9rez\"},\"description\":\"Juan P\u00e9rez es el redactor en jefe de Diario 21. Con m\u00e1s de 10 a\u00f1os de experiencia en el periodismo, se especializa en pol\u00edtica nacional y an\u00e1lisis socioecon\u00f3mico. Su enfoque cr\u00edtico y riguroso aporta una perspectiva \u00fanica a cada art\u00edculo.\",\"sameAs\":[\"https:\/\/www.diario21.tv\/noticias\/\"],\"url\":\"https:\/\/www.diario21.tv\/noticias\/author\/juan-perez\/\"}]}<\/script>\n<!-- \/ Yoast SEO plugin. -->","yoast_head_json":{"title":"Los Reyes reciben una c\u00e1lida bienvenida tras el incidente en Paiporta \u00a1Descubre qu\u00e9 pas\u00f3! - Diario 21","robots":{"index":"index","follow":"follow","max-snippet":"max-snippet:-1","max-image-preview":"max-image-preview:large","max-video-preview":"max-video-preview:-1"},"canonical":"https:\/\/www.diario21.tv\/noticias\/los-reyes-reciben-una-calida-bienvenida-tras-el-incidente-en-paiporta-descubre-que-paso\/","og_locale":"es_ES","og_type":"article","og_title":"Los Reyes reciben una c\u00e1lida bienvenida tras el incidente en Paiporta \u00a1Descubre qu\u00e9 pas\u00f3! - Diario 21","og_description":"Los Monarcas Reciben una C\u00e1lida Bienvenida Despu\u00e9s del Incidente en Paiporta En un reciente evento p\u00fablico, los Reyes de Espa\u00f1a fueron recibidos con entusiasmo y afecto ... Seguir leyendo &rarr;","og_url":"https:\/\/www.diario21.tv\/noticias\/los-reyes-reciben-una-calida-bienvenida-tras-el-incidente-en-paiporta-descubre-que-paso\/","og_site_name":"Diario 21","article_published_time":"2024-11-21T12:26:51+00:00","article_modified_time":"2024-11-21T12:26:52+00:00","og_image":[{"width":1920,"height":1080,"url":"https:\/\/www.diario21.tv\/noticias\/wp-content\/uploads\/2024\/11\/Los-Reyes-reciben-una-calida-bienvenida-tras-el-incidente-en.JPG","type":"image\/jpeg"}],"author":"Juan P\u00e9rez","twitter_card":"summary_large_image","twitter_misc":{"Escrito por":"Juan P\u00e9rez","Tiempo de lectura":"2 minutos"},"schema":{"@context":"https:\/\/schema.org","@graph":[{"@type":"WebPage","@id":"https:\/\/www.diario21.tv\/noticias\/los-reyes-reciben-una-calida-bienvenida-tras-el-incidente-en-paiporta-descubre-que-paso\/","url":"https:\/\/www.diario21.tv\/noticias\/los-reyes-reciben-una-calida-bienvenida-tras-el-incidente-en-paiporta-descubre-que-paso\/","name":"Los Reyes reciben una c\u00e1lida bienvenida tras el incidente en Paiporta \u00a1Descubre qu\u00e9 pas\u00f3! - Diario 21","isPartOf":{"@id":"https:\/\/www.diario21.tv\/noticias\/#website"},"primaryImageOfPage":{"@id":"https:\/\/www.diario21.tv\/noticias\/los-reyes-reciben-una-calida-bienvenida-tras-el-incidente-en-paiporta-descubre-que-paso\/#primaryimage"},"image":{"@id":"https:\/\/www.diario21.tv\/noticias\/los-reyes-reciben-una-calida-bienvenida-tras-el-incidente-en-paiporta-descubre-que-paso\/#primaryimage"},"thumbnailUrl":"https:\/\/www.diario21.tv\/noticias\/wp-content\/uploads\/2024\/11\/Los-Reyes-reciben-una-calida-bienvenida-tras-el-incidente-en.JPG","datePublished":"2024-11-21T12:26:51+00:00","dateModified":"2024-11-21T12:26:52+00:00","author":{"@id":"https:\/\/www.diario21.tv\/noticias\/#\/schema\/person\/dfb778f73814d8f09f302618446a526b"},"breadcrumb":{"@id":"https:\/\/www.diario21.tv\/noticias\/los-reyes-reciben-una-calida-bienvenida-tras-el-incidente-en-paiporta-descubre-que-paso\/#breadcrumb"},"inLanguage":"es-AR","potentialAction":[{"@type":"ReadAction","target":["https:\/\/www.diario21.tv\/noticias\/los-reyes-reciben-una-calida-bienvenida-tras-el-incidente-en-paiporta-descubre-que-paso\/"]}]},{"@type":"ImageObject","inLanguage":"es-AR","@id":"https:\/\/www.diario21.tv\/noticias\/los-reyes-reciben-una-calida-bienvenida-tras-el-incidente-en-paiporta-descubre-que-paso\/#primaryimage","url":"https:\/\/www.diario21.tv\/noticias\/wp-content\/uploads\/2024\/11\/Los-Reyes-reciben-una-calida-bienvenida-tras-el-incidente-en.JPG","contentUrl":"https:\/\/www.diario21.tv\/noticias\/wp-content\/uploads\/2024\/11\/Los-Reyes-reciben-una-calida-bienvenida-tras-el-incidente-en.JPG","width":1920,"height":1080,"caption":"Los Reyes se dan un ba\u00f1o de cari\u00f1o tras el lodo de Paiporta"},{"@type":"BreadcrumbList","@id":"https:\/\/www.diario21.tv\/noticias\/los-reyes-reciben-una-calida-bienvenida-tras-el-incidente-en-paiporta-descubre-que-paso\/#breadcrumb","itemListElement":[{"@type":"ListItem","position":1,"name":"Accueil","item":"https:\/\/www.diario21.tv\/noticias\/"},{"@type":"ListItem","position":2,"name":"Los Reyes reciben una c\u00e1lida bienvenida tras el incidente en Paiporta \u00a1Descubre qu\u00e9 pas\u00f3!"}]},{"@type":"WebSite","@id":"https:\/\/www.diario21.tv\/noticias\/#website","url":"https:\/\/www.diario21.tv\/noticias\/","name":"Diario 21","description":"","potentialAction":[{"@type":"SearchAction","target":{"@type":"EntryPoint","urlTemplate":"https:\/\/www.diario21.tv\/noticias\/?s={search_term_string}"},"query-input":{"@type":"PropertyValueSpecification","valueRequired":true,"valueName":"search_term_string"}}],"inLanguage":"es-AR"},{"@type":"Person","@id":"https:\/\/www.diario21.tv\/noticias\/#\/schema\/person\/dfb778f73814d8f09f302618446a526b","name":"Juan P\u00e9rez","image":{"@type":"ImageObject","inLanguage":"es-AR","@id":"https:\/\/www.diario21.tv\/noticias\/#\/schema\/person\/image\/","url":"https:\/\/secure.gravatar.com\/avatar\/c478a405bd10621167f4c3167cc770f5?s=96&d=mm&r=g","contentUrl":"https:\/\/secure.gravatar.com\/avatar\/c478a405bd10621167f4c3167cc770f5?s=96&d=mm&r=g","caption":"Juan P\u00e9rez"},"description":"Juan P\u00e9rez es el redactor en jefe de Diario 21. Con m\u00e1s de 10 a\u00f1os de experiencia en el periodismo, se especializa en pol\u00edtica nacional y an\u00e1lisis socioecon\u00f3mico. Su enfoque cr\u00edtico y riguroso aporta una perspectiva \u00fanica a cada art\u00edculo.","sameAs":["https:\/\/www.diario21.tv\/noticias\/"],"url":"https:\/\/www.diario21.tv\/noticias\/author\/juan-perez\/"}]}},"_links":{"self":[{"href":"https:\/\/www.diario21.tv\/noticias\/wp-json\/wp\/v2\/posts\/1272"}],"collection":[{"href":"https:\/\/www.diario21.tv\/noticias\/wp-json\/wp\/v2\/posts"}],"about":[{"href":"https:\/\/www.diario21.tv\/noticias\/wp-json\/wp\/v2\/types\/post"}],"author":[{"embeddable":true,"href":"https:\/\/www.diario21.tv\/noticias\/wp-json\/wp\/v2\/users\/20"}],"replies":[{"embeddable":true,"href":"https:\/\/www.diario21.tv\/noticias\/wp-json\/wp\/v2\/comments?post=1272"}],"version-history":[{"count":1,"href":"https:\/\/www.diario21.tv\/noticias\/wp-json\/wp\/v2\/posts\/1272\/revisions"}],"predecessor-version":[{"id":1274,"href":"https:\/\/www.diario21.tv\/noticias\/wp-json\/wp\/v2\/posts\/1272\/revisions\/1274"}],"wp:featuredmedia":[{"embeddable":true,"href":"https:\/\/www.diario21.tv\/noticias\/wp-json\/wp\/v2\/media\/1273"}],"wp:attachment":[{"href":"https:\/\/www.diario21.tv\/noticias\/wp-json\/wp\/v2\/media?parent=1272"}],"wp:term":[{"taxonomy":"category","embeddable":true,"href":"https:\/\/www.diario21.tv\/noticias\/wp-json\/wp\/v2\/categories?post=1272"},{"taxonomy":"post_tag","embeddable":true,"href":"https:\/\/www.diario21.tv\/noticias\/wp-json\/wp\/v2\/tags?post=1272"}],"curies":[{"name":"wp","href":"https:\/\/api.w.org\/{rel}","templated":true}]}}