{"id":1265,"date":"2024-11-20T18:00:26","date_gmt":"2024-11-20T18:00:26","guid":{"rendered":"https:\/\/www.diario21.tv\/noticias\/impactante-gisele-pelicot-en-su-ultima-comparecencia-el-juicio-de-la-cobardia\/"},"modified":"2024-11-20T18:00:29","modified_gmt":"2024-11-20T18:00:29","slug":"impactante-gisele-pelicot-en-su-ultima-comparecencia-el-juicio-de-la-cobardia","status":"publish","type":"post","link":"https:\/\/www.diario21.tv\/noticias\/impactante-gisele-pelicot-en-su-ultima-comparecencia-el-juicio-de-la-cobardia\/","title":{"rendered":"\u00a1Impactante! Gis\u00e8le Pelicot en su \u00faltima comparecencia: \u00abEl juicio de la cobard\u00eda\u00bb"},"content":{"rendered":"<h2>La Final Declaraci\u00f3n de Gis\u00e8le Pelicot Ante el Tribunal: &#8220;Este es el Proceso de la Cobard\u00eda&#8221;<\/h2>\n<p>En una sala repleta de expectaci\u00f3n y medios de comunicaci\u00f3n, Gis\u00e8le Pelicot se present\u00f3 por \u00faltima vez ante los jueces para hacer una poderosa declaraci\u00f3n en lo que ella denomin\u00f3 &#8220;el juicio de la cobard\u00eda&#8221;. Su voz, cargada de emoci\u00f3n y firmeza, reson\u00f3 en el silencio de la corte mientras expon\u00eda su perspectiva sobre los hechos que la hab\u00edan llevado hasta ese decisivo momento.<\/p>\n<h3>Un Testimonio Emocional<\/h3>\n<p>Desde el inicio de su testimonio, Pelicot comparti\u00f3 con el tribunal y los asistentes las dificultades y los desaf\u00edos que enfrent\u00f3 durante el proceso. Describi\u00f3 detalladamente c\u00f3mo se sinti\u00f3 marginada y malinterpretada por el sistema judicial, subrayando la presi\u00f3n emocional y psicol\u00f3gica a la que fue sometida. &#8220;Este no es solo mi juicio, sino el de aquellos que optan por cerrar los ojos ante la injusticia&#8221;, afirm\u00f3 con convicci\u00f3n.<\/p>\n<h3>Cr\u00edticas al Proceso Judicial<\/h3>\n<p>Gis\u00e8le Pelicot no dud\u00f3 en criticar el manejo del caso por parte de las autoridades judiciales. Seg\u00fan ella, el proceso estuvo plagado de irregularidades y decisiones cuestionables que, en su opini\u00f3n, no solo afectaron el desarrollo del caso, sino que tambi\u00e9n contribuyeron a una percepci\u00f3n general de falta de transparencia y justicia. &#8220;Se ha manipulado la verdad y se ha ignorado la evidencia&#8221;, se\u00f1al\u00f3 Pelicot, quien claramente frustrada, desafiaba cada vez m\u00e1s las estructuras del poder judicial.<\/p>\n<h3>El Impacto en la Opini\u00f3n P\u00fablica<\/h3>\n<p>La \u00faltima aparici\u00f3n de Pelicot en el tribunal no solo fue un momento decisivo para ella, sino que tambi\u00e9n lo fue para la opini\u00f3n p\u00fablica, que segu\u00eda el caso con detenimiento. Sus palabras resonaron m\u00e1s all\u00e1 de las paredes del juzgado, provocando debates y discusiones sobre la integridad del sistema judicial y la protecci\u00f3n de los derechos individuales. Las redes sociales se inundaron de mensajes de apoyo y de cr\u00edtica, reflejando una sociedad dividida pero profundamente enganchada en el resultado del juicio.<\/p>\n<h3>Reflexiones Finales<\/h3>\n<p>Al concluir su declaraci\u00f3n, Gis\u00e8le Pelicot hizo un llamado a la reflexi\u00f3n y al cambio, instando a todos los presentes a cuestionar y a desafiar las normas y pr\u00e1cticas judiciales que, seg\u00fan ella, perpet\u00faan la injusticia. &#8220;Que este juicio sirva de lecci\u00f3n para el futuro, para que no se repitan los mismos errores&#8221;, concluy\u00f3 con esperanza antes de abandonar el estrado, dejando tras de s\u00ed un eco de aplausos y murmullos que marcaban el fin de una era y quiz\u00e1s el comienzo de otra.<\/p>\n<p>Este resonante final no solo cerr\u00f3 el cap\u00edtulo de un juicio pol\u00e9mico, sino que tambi\u00e9n abri\u00f3 un nuevo di\u00e1logo sobre la justicia y el valor de la verdad en la sociedad contempor\u00e1nea.<\/p>\n\n\n<div class=\"kk-star-ratings kksr-auto kksr-align-left kksr-valign-bottom\"\n    data-payload='{&quot;align&quot;:&quot;left&quot;,&quot;id&quot;:&quot;1265&quot;,&quot;slug&quot;:&quot;default&quot;,&quot;valign&quot;:&quot;bottom&quot;,&quot;ignore&quot;:&quot;&quot;,&quot;reference&quot;:&quot;auto&quot;,&quot;class&quot;:&quot;&quot;,&quot;count&quot;:&quot;0&quot;,&quot;legendonly&quot;:&quot;&quot;,&quot;readonly&quot;:&quot;&quot;,&quot;score&quot;:&quot;0&quot;,&quot;starsonly&quot;:&quot;&quot;,&quot;best&quot;:&quot;5&quot;,&quot;gap&quot;:&quot;5&quot;,&quot;greet&quot;:&quot;Valora este post&quot;,&quot;legend&quot;:&quot;0\\\/5 - (0 votes)&quot;,&quot;size&quot;:&quot;22&quot;,&quot;title&quot;:&quot;\u00a1Impactante! Gis\u00e8le Pelicot en su \u00faltima comparecencia: \u00abEl juicio de la cobard\u00eda\u00bb&quot;,&quot;width&quot;:&quot;0&quot;,&quot;_legend&quot;:&quot;{score}\\\/{best} - ({count} {votes})&quot;,&quot;font_factor&quot;:&quot;1.25&quot;}'>\n            \n<div class=\"kksr-stars\">\n    \n<div class=\"kksr-stars-inactive\">\n            <div class=\"kksr-star\" data-star=\"1\" style=\"padding-right: 5px\">\n            \n\n<div class=\"kksr-icon\" style=\"width: 22px; height: 22px;\"><\/div>\n        <\/div>\n            <div class=\"kksr-star\" data-star=\"2\" style=\"padding-right: 5px\">\n            \n\n<div class=\"kksr-icon\" style=\"width: 22px; height: 22px;\"><\/div>\n        <\/div>\n            <div class=\"kksr-star\" data-star=\"3\" style=\"padding-right: 5px\">\n            \n\n<div class=\"kksr-icon\" style=\"width: 22px; height: 22px;\"><\/div>\n        <\/div>\n            <div class=\"kksr-star\" data-star=\"4\" style=\"padding-right: 5px\">\n            \n\n<div class=\"kksr-icon\" style=\"width: 22px; height: 22px;\"><\/div>\n        <\/div>\n            <div class=\"kksr-star\" data-star=\"5\" style=\"padding-right: 5px\">\n            \n\n<div class=\"kksr-icon\" style=\"width: 22px; height: 22px;\"><\/div>\n        <\/div>\n    <\/div>\n    \n<div class=\"kksr-stars-active\" style=\"width: 0px;\">\n            <div class=\"kksr-star\" style=\"padding-right: 5px\">\n            \n\n<div class=\"kksr-icon\" style=\"width: 22px; height: 22px;\"><\/div>\n        <\/div>\n            <div class=\"kksr-star\" style=\"padding-right: 5px\">\n            \n\n<div class=\"kksr-icon\" style=\"width: 22px; height: 22px;\"><\/div>\n        <\/div>\n            <div class=\"kksr-star\" style=\"padding-right: 5px\">\n            \n\n<div class=\"kksr-icon\" style=\"width: 22px; height: 22px;\"><\/div>\n        <\/div>\n            <div class=\"kksr-star\" style=\"padding-right: 5px\">\n            \n\n<div class=\"kksr-icon\" style=\"width: 22px; height: 22px;\"><\/div>\n        <\/div>\n            <div class=\"kksr-star\" style=\"padding-right: 5px\">\n            \n\n<div class=\"kksr-icon\" style=\"width: 22px; height: 22px;\"><\/div>\n        <\/div>\n    <\/div>\n<\/div>\n                \n\n<div class=\"kksr-legend\" style=\"font-size: 17.6px;\">\n            <span class=\"kksr-muted\">Valora este post<\/span>\n    <\/div>\n    <\/div>\n","protected":false},"excerpt":{"rendered":"<p>La Final Declaraci\u00f3n de Gis\u00e8le Pelicot Ante el Tribunal: &#8220;Este es el Proceso de la Cobard\u00eda&#8221; En una sala repleta de expectaci\u00f3n y medios de comunicaci\u00f3n, &#8230; <a title=\"\u00a1Impactante! Gis\u00e8le Pelicot en su \u00faltima comparecencia: \u00abEl juicio de la cobard\u00eda\u00bb\" class=\"read-more\" href=\"https:\/\/www.diario21.tv\/noticias\/impactante-gisele-pelicot-en-su-ultima-comparecencia-el-juicio-de-la-cobardia\/\" aria-label=\"Leer m\u00e1s sobre \u00a1Impactante! Gis\u00e8le Pelicot en su \u00faltima comparecencia: \u00abEl juicio de la cobard\u00eda\u00bb\">Seguir leyendo &rarr;<\/a><\/p>\n","protected":false},"author":20,"featured_media":1266,"comment_status":"open","ping_status":"open","sticky":false,"template":"","format":"standard","meta":{"footnotes":""},"categories":[13],"tags":[],"class_list":["post-1265","post","type-post","status-publish","format-standard","has-post-thumbnail","hentry","category-portada"],"yoast_head":"<!-- This site is optimized with the Yoast SEO plugin v25.6 - https:\/\/yoast.com\/wordpress\/plugins\/seo\/ -->\n<title>\u00a1Impactante! Gis\u00e8le Pelicot en su \u00faltima comparecencia: \u00abEl juicio de la cobard\u00eda\u00bb - Diario 21<\/title>\n<meta name=\"robots\" content=\"index, follow, max-snippet:-1, max-image-preview:large, max-video-preview:-1\" \/>\n<link rel=\"canonical\" href=\"https:\/\/www.diario21.tv\/noticias\/impactante-gisele-pelicot-en-su-ultima-comparecencia-el-juicio-de-la-cobardia\/\" \/>\n<meta property=\"og:locale\" content=\"es_ES\" \/>\n<meta property=\"og:type\" content=\"article\" \/>\n<meta property=\"og:title\" content=\"\u00a1Impactante! Gis\u00e8le Pelicot en su \u00faltima comparecencia: \u00abEl juicio de la cobard\u00eda\u00bb - Diario 21\" \/>\n<meta property=\"og:description\" content=\"La Final Declaraci\u00f3n de Gis\u00e8le Pelicot Ante el Tribunal: &#8220;Este es el Proceso de la Cobard\u00eda&#8221; En una sala repleta de expectaci\u00f3n y medios de comunicaci\u00f3n, ... Seguir leyendo &rarr;\" \/>\n<meta property=\"og:url\" content=\"https:\/\/www.diario21.tv\/noticias\/impactante-gisele-pelicot-en-su-ultima-comparecencia-el-juicio-de-la-cobardia\/\" \/>\n<meta property=\"og:site_name\" content=\"Diario 21\" \/>\n<meta property=\"article:published_time\" content=\"2024-11-20T18:00:26+00:00\" \/>\n<meta property=\"article:modified_time\" content=\"2024-11-20T18:00:29+00:00\" \/>\n<meta property=\"og:image\" content=\"https:\/\/www.diario21.tv\/noticias\/wp-content\/uploads\/2024\/11\/\u00a1Impactante-Gisele-Pelicot-en-su-ultima-comparecencia-El-juicio-de.jpg\" \/>\n\t<meta property=\"og:image:width\" content=\"1920\" \/>\n\t<meta property=\"og:image:height\" content=\"1080\" \/>\n\t<meta property=\"og:image:type\" content=\"image\/jpeg\" \/>\n<meta name=\"author\" content=\"Juan P\u00e9rez\" \/>\n<meta name=\"twitter:card\" content=\"summary_large_image\" \/>\n<meta name=\"twitter:label1\" content=\"Escrito por\" \/>\n\t<meta name=\"twitter:data1\" content=\"Juan P\u00e9rez\" \/>\n\t<meta name=\"twitter:label2\" content=\"Tiempo de lectura\" \/>\n\t<meta name=\"twitter:data2\" content=\"2 minutos\" \/>\n<script type=\"application\/ld+json\" class=\"yoast-schema-graph\">{\"@context\":\"https:\/\/schema.org\",\"@graph\":[{\"@type\":\"WebPage\",\"@id\":\"https:\/\/www.diario21.tv\/noticias\/impactante-gisele-pelicot-en-su-ultima-comparecencia-el-juicio-de-la-cobardia\/\",\"url\":\"https:\/\/www.diario21.tv\/noticias\/impactante-gisele-pelicot-en-su-ultima-comparecencia-el-juicio-de-la-cobardia\/\",\"name\":\"\u00a1Impactante! Gis\u00e8le Pelicot en su \u00faltima comparecencia: \u00abEl juicio de la cobard\u00eda\u00bb - Diario 21\",\"isPartOf\":{\"@id\":\"https:\/\/www.diario21.tv\/noticias\/#website\"},\"primaryImageOfPage\":{\"@id\":\"https:\/\/www.diario21.tv\/noticias\/impactante-gisele-pelicot-en-su-ultima-comparecencia-el-juicio-de-la-cobardia\/#primaryimage\"},\"image\":{\"@id\":\"https:\/\/www.diario21.tv\/noticias\/impactante-gisele-pelicot-en-su-ultima-comparecencia-el-juicio-de-la-cobardia\/#primaryimage\"},\"thumbnailUrl\":\"https:\/\/www.diario21.tv\/noticias\/wp-content\/uploads\/2024\/11\/\u00a1Impactante-Gisele-Pelicot-en-su-ultima-comparecencia-El-juicio-de.jpg\",\"datePublished\":\"2024-11-20T18:00:26+00:00\",\"dateModified\":\"2024-11-20T18:00:29+00:00\",\"author\":{\"@id\":\"https:\/\/www.diario21.tv\/noticias\/#\/schema\/person\/dfb778f73814d8f09f302618446a526b\"},\"breadcrumb\":{\"@id\":\"https:\/\/www.diario21.tv\/noticias\/impactante-gisele-pelicot-en-su-ultima-comparecencia-el-juicio-de-la-cobardia\/#breadcrumb\"},\"inLanguage\":\"es-AR\",\"potentialAction\":[{\"@type\":\"ReadAction\",\"target\":[\"https:\/\/www.diario21.tv\/noticias\/impactante-gisele-pelicot-en-su-ultima-comparecencia-el-juicio-de-la-cobardia\/\"]}]},{\"@type\":\"ImageObject\",\"inLanguage\":\"es-AR\",\"@id\":\"https:\/\/www.diario21.tv\/noticias\/impactante-gisele-pelicot-en-su-ultima-comparecencia-el-juicio-de-la-cobardia\/#primaryimage\",\"url\":\"https:\/\/www.diario21.tv\/noticias\/wp-content\/uploads\/2024\/11\/\u00a1Impactante-Gisele-Pelicot-en-su-ultima-comparecencia-El-juicio-de.jpg\",\"contentUrl\":\"https:\/\/www.diario21.tv\/noticias\/wp-content\/uploads\/2024\/11\/\u00a1Impactante-Gisele-Pelicot-en-su-ultima-comparecencia-El-juicio-de.jpg\",\"width\":1920,\"height\":1080,\"caption\":\"La \u00faltima comparecencia de Gis\u00e8le Pelicot desde el estrado: \u00abEs el juicio de la cobard\u00eda\u00bb\"},{\"@type\":\"BreadcrumbList\",\"@id\":\"https:\/\/www.diario21.tv\/noticias\/impactante-gisele-pelicot-en-su-ultima-comparecencia-el-juicio-de-la-cobardia\/#breadcrumb\",\"itemListElement\":[{\"@type\":\"ListItem\",\"position\":1,\"name\":\"Accueil\",\"item\":\"https:\/\/www.diario21.tv\/noticias\/\"},{\"@type\":\"ListItem\",\"position\":2,\"name\":\"\u00a1Impactante! Gis\u00e8le Pelicot en su \u00faltima comparecencia: \u00abEl juicio de la cobard\u00eda\u00bb\"}]},{\"@type\":\"WebSite\",\"@id\":\"https:\/\/www.diario21.tv\/noticias\/#website\",\"url\":\"https:\/\/www.diario21.tv\/noticias\/\",\"name\":\"Diario 21\",\"description\":\"\",\"potentialAction\":[{\"@type\":\"SearchAction\",\"target\":{\"@type\":\"EntryPoint\",\"urlTemplate\":\"https:\/\/www.diario21.tv\/noticias\/?s={search_term_string}\"},\"query-input\":{\"@type\":\"PropertyValueSpecification\",\"valueRequired\":true,\"valueName\":\"search_term_string\"}}],\"inLanguage\":\"es-AR\"},{\"@type\":\"Person\",\"@id\":\"https:\/\/www.diario21.tv\/noticias\/#\/schema\/person\/dfb778f73814d8f09f302618446a526b\",\"name\":\"Juan P\u00e9rez\",\"image\":{\"@type\":\"ImageObject\",\"inLanguage\":\"es-AR\",\"@id\":\"https:\/\/www.diario21.tv\/noticias\/#\/schema\/person\/image\/\",\"url\":\"https:\/\/secure.gravatar.com\/avatar\/c478a405bd10621167f4c3167cc770f5?s=96&d=mm&r=g\",\"contentUrl\":\"https:\/\/secure.gravatar.com\/avatar\/c478a405bd10621167f4c3167cc770f5?s=96&d=mm&r=g\",\"caption\":\"Juan P\u00e9rez\"},\"description\":\"Juan P\u00e9rez es el redactor en jefe de Diario 21. Con m\u00e1s de 10 a\u00f1os de experiencia en el periodismo, se especializa en pol\u00edtica nacional y an\u00e1lisis socioecon\u00f3mico. Su enfoque cr\u00edtico y riguroso aporta una perspectiva \u00fanica a cada art\u00edculo.\",\"sameAs\":[\"https:\/\/www.diario21.tv\/noticias\/\"],\"url\":\"https:\/\/www.diario21.tv\/noticias\/author\/juan-perez\/\"}]}<\/script>\n<!-- \/ Yoast SEO plugin. -->","yoast_head_json":{"title":"\u00a1Impactante! Gis\u00e8le Pelicot en su \u00faltima comparecencia: \u00abEl juicio de la cobard\u00eda\u00bb - Diario 21","robots":{"index":"index","follow":"follow","max-snippet":"max-snippet:-1","max-image-preview":"max-image-preview:large","max-video-preview":"max-video-preview:-1"},"canonical":"https:\/\/www.diario21.tv\/noticias\/impactante-gisele-pelicot-en-su-ultima-comparecencia-el-juicio-de-la-cobardia\/","og_locale":"es_ES","og_type":"article","og_title":"\u00a1Impactante! Gis\u00e8le Pelicot en su \u00faltima comparecencia: \u00abEl juicio de la cobard\u00eda\u00bb - Diario 21","og_description":"La Final Declaraci\u00f3n de Gis\u00e8le Pelicot Ante el Tribunal: &#8220;Este es el Proceso de la Cobard\u00eda&#8221; En una sala repleta de expectaci\u00f3n y medios de comunicaci\u00f3n, ... Seguir leyendo &rarr;","og_url":"https:\/\/www.diario21.tv\/noticias\/impactante-gisele-pelicot-en-su-ultima-comparecencia-el-juicio-de-la-cobardia\/","og_site_name":"Diario 21","article_published_time":"2024-11-20T18:00:26+00:00","article_modified_time":"2024-11-20T18:00:29+00:00","og_image":[{"width":1920,"height":1080,"url":"https:\/\/www.diario21.tv\/noticias\/wp-content\/uploads\/2024\/11\/\u00a1Impactante-Gisele-Pelicot-en-su-ultima-comparecencia-El-juicio-de.jpg","type":"image\/jpeg"}],"author":"Juan P\u00e9rez","twitter_card":"summary_large_image","twitter_misc":{"Escrito por":"Juan P\u00e9rez","Tiempo de lectura":"2 minutos"},"schema":{"@context":"https:\/\/schema.org","@graph":[{"@type":"WebPage","@id":"https:\/\/www.diario21.tv\/noticias\/impactante-gisele-pelicot-en-su-ultima-comparecencia-el-juicio-de-la-cobardia\/","url":"https:\/\/www.diario21.tv\/noticias\/impactante-gisele-pelicot-en-su-ultima-comparecencia-el-juicio-de-la-cobardia\/","name":"\u00a1Impactante! Gis\u00e8le Pelicot en su \u00faltima comparecencia: \u00abEl juicio de la cobard\u00eda\u00bb - Diario 21","isPartOf":{"@id":"https:\/\/www.diario21.tv\/noticias\/#website"},"primaryImageOfPage":{"@id":"https:\/\/www.diario21.tv\/noticias\/impactante-gisele-pelicot-en-su-ultima-comparecencia-el-juicio-de-la-cobardia\/#primaryimage"},"image":{"@id":"https:\/\/www.diario21.tv\/noticias\/impactante-gisele-pelicot-en-su-ultima-comparecencia-el-juicio-de-la-cobardia\/#primaryimage"},"thumbnailUrl":"https:\/\/www.diario21.tv\/noticias\/wp-content\/uploads\/2024\/11\/\u00a1Impactante-Gisele-Pelicot-en-su-ultima-comparecencia-El-juicio-de.jpg","datePublished":"2024-11-20T18:00:26+00:00","dateModified":"2024-11-20T18:00:29+00:00","author":{"@id":"https:\/\/www.diario21.tv\/noticias\/#\/schema\/person\/dfb778f73814d8f09f302618446a526b"},"breadcrumb":{"@id":"https:\/\/www.diario21.tv\/noticias\/impactante-gisele-pelicot-en-su-ultima-comparecencia-el-juicio-de-la-cobardia\/#breadcrumb"},"inLanguage":"es-AR","potentialAction":[{"@type":"ReadAction","target":["https:\/\/www.diario21.tv\/noticias\/impactante-gisele-pelicot-en-su-ultima-comparecencia-el-juicio-de-la-cobardia\/"]}]},{"@type":"ImageObject","inLanguage":"es-AR","@id":"https:\/\/www.diario21.tv\/noticias\/impactante-gisele-pelicot-en-su-ultima-comparecencia-el-juicio-de-la-cobardia\/#primaryimage","url":"https:\/\/www.diario21.tv\/noticias\/wp-content\/uploads\/2024\/11\/\u00a1Impactante-Gisele-Pelicot-en-su-ultima-comparecencia-El-juicio-de.jpg","contentUrl":"https:\/\/www.diario21.tv\/noticias\/wp-content\/uploads\/2024\/11\/\u00a1Impactante-Gisele-Pelicot-en-su-ultima-comparecencia-El-juicio-de.jpg","width":1920,"height":1080,"caption":"La \u00faltima comparecencia de Gis\u00e8le Pelicot desde el estrado: \u00abEs el juicio de la cobard\u00eda\u00bb"},{"@type":"BreadcrumbList","@id":"https:\/\/www.diario21.tv\/noticias\/impactante-gisele-pelicot-en-su-ultima-comparecencia-el-juicio-de-la-cobardia\/#breadcrumb","itemListElement":[{"@type":"ListItem","position":1,"name":"Accueil","item":"https:\/\/www.diario21.tv\/noticias\/"},{"@type":"ListItem","position":2,"name":"\u00a1Impactante! Gis\u00e8le Pelicot en su \u00faltima comparecencia: \u00abEl juicio de la cobard\u00eda\u00bb"}]},{"@type":"WebSite","@id":"https:\/\/www.diario21.tv\/noticias\/#website","url":"https:\/\/www.diario21.tv\/noticias\/","name":"Diario 21","description":"","potentialAction":[{"@type":"SearchAction","target":{"@type":"EntryPoint","urlTemplate":"https:\/\/www.diario21.tv\/noticias\/?s={search_term_string}"},"query-input":{"@type":"PropertyValueSpecification","valueRequired":true,"valueName":"search_term_string"}}],"inLanguage":"es-AR"},{"@type":"Person","@id":"https:\/\/www.diario21.tv\/noticias\/#\/schema\/person\/dfb778f73814d8f09f302618446a526b","name":"Juan P\u00e9rez","image":{"@type":"ImageObject","inLanguage":"es-AR","@id":"https:\/\/www.diario21.tv\/noticias\/#\/schema\/person\/image\/","url":"https:\/\/secure.gravatar.com\/avatar\/c478a405bd10621167f4c3167cc770f5?s=96&d=mm&r=g","contentUrl":"https:\/\/secure.gravatar.com\/avatar\/c478a405bd10621167f4c3167cc770f5?s=96&d=mm&r=g","caption":"Juan P\u00e9rez"},"description":"Juan P\u00e9rez es el redactor en jefe de Diario 21. Con m\u00e1s de 10 a\u00f1os de experiencia en el periodismo, se especializa en pol\u00edtica nacional y an\u00e1lisis socioecon\u00f3mico. Su enfoque cr\u00edtico y riguroso aporta una perspectiva \u00fanica a cada art\u00edculo.","sameAs":["https:\/\/www.diario21.tv\/noticias\/"],"url":"https:\/\/www.diario21.tv\/noticias\/author\/juan-perez\/"}]}},"_links":{"self":[{"href":"https:\/\/www.diario21.tv\/noticias\/wp-json\/wp\/v2\/posts\/1265"}],"collection":[{"href":"https:\/\/www.diario21.tv\/noticias\/wp-json\/wp\/v2\/posts"}],"about":[{"href":"https:\/\/www.diario21.tv\/noticias\/wp-json\/wp\/v2\/types\/post"}],"author":[{"embeddable":true,"href":"https:\/\/www.diario21.tv\/noticias\/wp-json\/wp\/v2\/users\/20"}],"replies":[{"embeddable":true,"href":"https:\/\/www.diario21.tv\/noticias\/wp-json\/wp\/v2\/comments?post=1265"}],"version-history":[{"count":1,"href":"https:\/\/www.diario21.tv\/noticias\/wp-json\/wp\/v2\/posts\/1265\/revisions"}],"predecessor-version":[{"id":1267,"href":"https:\/\/www.diario21.tv\/noticias\/wp-json\/wp\/v2\/posts\/1265\/revisions\/1267"}],"wp:featuredmedia":[{"embeddable":true,"href":"https:\/\/www.diario21.tv\/noticias\/wp-json\/wp\/v2\/media\/1266"}],"wp:attachment":[{"href":"https:\/\/www.diario21.tv\/noticias\/wp-json\/wp\/v2\/media?parent=1265"}],"wp:term":[{"taxonomy":"category","embeddable":true,"href":"https:\/\/www.diario21.tv\/noticias\/wp-json\/wp\/v2\/categories?post=1265"},{"taxonomy":"post_tag","embeddable":true,"href":"https:\/\/www.diario21.tv\/noticias\/wp-json\/wp\/v2\/tags?post=1265"}],"curies":[{"name":"wp","href":"https:\/\/api.w.org\/{rel}","templated":true}]}}