{"id":1259,"date":"2024-11-19T23:31:17","date_gmt":"2024-11-19T23:31:17","guid":{"rendered":"https:\/\/www.diario21.tv\/noticias\/vigo-ilumina-la-navidad-con-115-millones-de-luces-este-sabado\/"},"modified":"2024-11-19T23:31:19","modified_gmt":"2024-11-19T23:31:19","slug":"vigo-ilumina-la-navidad-con-115-millones-de-luces-este-sabado","status":"publish","type":"post","link":"https:\/\/www.diario21.tv\/noticias\/vigo-ilumina-la-navidad-con-115-millones-de-luces-este-sabado\/","title":{"rendered":"\u00a1Vigo ilumina la Navidad con 11,5 millones de luces este s\u00e1bado!"},"content":{"rendered":"<h2>Vigo inaugura su iluminaci\u00f3n navide\u00f1a este s\u00e1bado con 11,5 millones de luces<\/h2>\n<p>Este s\u00e1bado, la ciudad de Vigo se vestir\u00e1 de gala para dar la bienvenida a la temporada festiva con el encendido de 11,5 millones de luces de Navidad. Este evento marca el comienzo de una de las \u00e9pocas m\u00e1s esperadas del a\u00f1o, transformando la ciudad en un verdadero espect\u00e1culo luminoso.<\/p>\n<h3>Un evento esperado por todos<\/h3>\n<p>La ceremonia de encendido de las luces de Navidad en Vigo es un evento que atrae a visitantes de todas partes, no solo de Espa\u00f1a, sino de muchas otras partes de Europa. Este a\u00f1o, la ciudad ha preparado un espect\u00e1culo a\u00fan m\u00e1s impresionante que en a\u00f1os anteriores, con un mayor n\u00famero de luces y decoraciones que prometen dejar a todos asombrados.<\/p>\n<h3>Detalles de la decoraci\u00f3n<\/h3>\n<p>Las calles de Vigo brillar\u00e1n con el esplendor de 11,5 millones de luces, que se extienden a lo largo y ancho de la ciudad. Los adornos incluyen figuras luminosas, \u00e1rboles de Navidad decorados y una serie de instalaciones que crean un ambiente m\u00e1gico. Adem\u00e1s, se ha puesto especial atenci\u00f3n en las plazas principales y los puntos de inter\u00e9s tur\u00edstico, donde las decoraciones son especialmente espectaculares.<\/p>\n<h3>Impacto en el turismo y la econom\u00eda local<\/h3>\n<p>El encendido de las luces de Navidad no solo es un evento festivo, sino que tambi\u00e9n juega un papel crucial en el impulso del turismo y la econom\u00eda local. Los hoteles, restaurantes y tiendas se benefician significativamente de la afluencia de visitantes, lo que a su vez genera un aumento en la ocupaci\u00f3n y el consumo. Este a\u00f1o, con la ampliaci\u00f3n de la decoraci\u00f3n, se espera que el impacto econ\u00f3mico sea a\u00fan mayor.<\/p>\n<h3>Preparativos y seguridad<\/h3>\n<p>Para garantizar que el evento se desarrolle sin contratiempos, la ciudad de Vigo ha implementado medidas de seguridad adicionales. Se espera que las calles se llenen de gente deseosa de ver el espect\u00e1culo de luces, por lo que se ha reforzado la presencia de seguridad en puntos clave para manejar la multitud y garantizar la seguridad de todos los asistentes.<\/p>\n<p>En resumen, el pr\u00f3ximo s\u00e1bado, Vigo se transformar\u00e1 en un deslumbrante para\u00edso invernal que no solo celebra la temporada de festividades, sino que tambi\u00e9n fomenta la uni\u00f3n comunitaria y el crecimiento econ\u00f3mico. Con su impresionante despliegue de luces y decoraciones navide\u00f1as, Vigo se posiciona como un destino principal para disfrutar de la magia de la Navidad.<\/p>\n\n\n<div class=\"kk-star-ratings kksr-auto kksr-align-left kksr-valign-bottom\"\n    data-payload='{&quot;align&quot;:&quot;left&quot;,&quot;id&quot;:&quot;1259&quot;,&quot;slug&quot;:&quot;default&quot;,&quot;valign&quot;:&quot;bottom&quot;,&quot;ignore&quot;:&quot;&quot;,&quot;reference&quot;:&quot;auto&quot;,&quot;class&quot;:&quot;&quot;,&quot;count&quot;:&quot;0&quot;,&quot;legendonly&quot;:&quot;&quot;,&quot;readonly&quot;:&quot;&quot;,&quot;score&quot;:&quot;0&quot;,&quot;starsonly&quot;:&quot;&quot;,&quot;best&quot;:&quot;5&quot;,&quot;gap&quot;:&quot;5&quot;,&quot;greet&quot;:&quot;Valora este post&quot;,&quot;legend&quot;:&quot;0\\\/5 - (0 votes)&quot;,&quot;size&quot;:&quot;22&quot;,&quot;title&quot;:&quot;\u00a1Vigo ilumina la Navidad con 11,5 millones de luces este s\u00e1bado!&quot;,&quot;width&quot;:&quot;0&quot;,&quot;_legend&quot;:&quot;{score}\\\/{best} - ({count} {votes})&quot;,&quot;font_factor&quot;:&quot;1.25&quot;}'>\n            \n<div class=\"kksr-stars\">\n    \n<div class=\"kksr-stars-inactive\">\n            <div class=\"kksr-star\" data-star=\"1\" style=\"padding-right: 5px\">\n            \n\n<div class=\"kksr-icon\" style=\"width: 22px; height: 22px;\"><\/div>\n        <\/div>\n            <div class=\"kksr-star\" data-star=\"2\" style=\"padding-right: 5px\">\n            \n\n<div class=\"kksr-icon\" style=\"width: 22px; height: 22px;\"><\/div>\n        <\/div>\n            <div class=\"kksr-star\" data-star=\"3\" style=\"padding-right: 5px\">\n            \n\n<div class=\"kksr-icon\" style=\"width: 22px; height: 22px;\"><\/div>\n        <\/div>\n            <div class=\"kksr-star\" data-star=\"4\" style=\"padding-right: 5px\">\n            \n\n<div class=\"kksr-icon\" style=\"width: 22px; height: 22px;\"><\/div>\n        <\/div>\n            <div class=\"kksr-star\" data-star=\"5\" style=\"padding-right: 5px\">\n            \n\n<div class=\"kksr-icon\" style=\"width: 22px; height: 22px;\"><\/div>\n        <\/div>\n    <\/div>\n    \n<div class=\"kksr-stars-active\" style=\"width: 0px;\">\n            <div class=\"kksr-star\" style=\"padding-right: 5px\">\n            \n\n<div class=\"kksr-icon\" style=\"width: 22px; height: 22px;\"><\/div>\n        <\/div>\n            <div class=\"kksr-star\" style=\"padding-right: 5px\">\n            \n\n<div class=\"kksr-icon\" style=\"width: 22px; height: 22px;\"><\/div>\n        <\/div>\n            <div class=\"kksr-star\" style=\"padding-right: 5px\">\n            \n\n<div class=\"kksr-icon\" style=\"width: 22px; height: 22px;\"><\/div>\n        <\/div>\n            <div class=\"kksr-star\" style=\"padding-right: 5px\">\n            \n\n<div class=\"kksr-icon\" style=\"width: 22px; height: 22px;\"><\/div>\n        <\/div>\n            <div class=\"kksr-star\" style=\"padding-right: 5px\">\n            \n\n<div class=\"kksr-icon\" style=\"width: 22px; height: 22px;\"><\/div>\n        <\/div>\n    <\/div>\n<\/div>\n                \n\n<div class=\"kksr-legend\" style=\"font-size: 17.6px;\">\n            <span class=\"kksr-muted\">Valora este post<\/span>\n    <\/div>\n    <\/div>\n","protected":false},"excerpt":{"rendered":"<p>Vigo inaugura su iluminaci\u00f3n navide\u00f1a este s\u00e1bado con 11,5 millones de luces Este s\u00e1bado, la ciudad de Vigo se vestir\u00e1 de gala para dar la bienvenida &#8230; <a title=\"\u00a1Vigo ilumina la Navidad con 11,5 millones de luces este s\u00e1bado!\" class=\"read-more\" href=\"https:\/\/www.diario21.tv\/noticias\/vigo-ilumina-la-navidad-con-115-millones-de-luces-este-sabado\/\" aria-label=\"Leer m\u00e1s sobre \u00a1Vigo ilumina la Navidad con 11,5 millones de luces este s\u00e1bado!\">Seguir leyendo &rarr;<\/a><\/p>\n","protected":false},"author":20,"featured_media":1260,"comment_status":"open","ping_status":"open","sticky":false,"template":"","format":"standard","meta":{"footnotes":""},"categories":[13],"tags":[],"class_list":["post-1259","post","type-post","status-publish","format-standard","has-post-thumbnail","hentry","category-portada"],"yoast_head":"<!-- This site is optimized with the Yoast SEO plugin v25.6 - https:\/\/yoast.com\/wordpress\/plugins\/seo\/ -->\n<title>\u00a1Vigo ilumina la Navidad con 11,5 millones de luces este s\u00e1bado! - Diario 21<\/title>\n<meta name=\"robots\" content=\"index, follow, max-snippet:-1, max-image-preview:large, max-video-preview:-1\" \/>\n<link rel=\"canonical\" href=\"https:\/\/www.diario21.tv\/noticias\/vigo-ilumina-la-navidad-con-115-millones-de-luces-este-sabado\/\" \/>\n<meta property=\"og:locale\" content=\"es_ES\" \/>\n<meta property=\"og:type\" content=\"article\" \/>\n<meta property=\"og:title\" content=\"\u00a1Vigo ilumina la Navidad con 11,5 millones de luces este s\u00e1bado! - Diario 21\" \/>\n<meta property=\"og:description\" content=\"Vigo inaugura su iluminaci\u00f3n navide\u00f1a este s\u00e1bado con 11,5 millones de luces Este s\u00e1bado, la ciudad de Vigo se vestir\u00e1 de gala para dar la bienvenida ... Seguir leyendo &rarr;\" \/>\n<meta property=\"og:url\" content=\"https:\/\/www.diario21.tv\/noticias\/vigo-ilumina-la-navidad-con-115-millones-de-luces-este-sabado\/\" \/>\n<meta property=\"og:site_name\" content=\"Diario 21\" \/>\n<meta property=\"article:published_time\" content=\"2024-11-19T23:31:17+00:00\" \/>\n<meta property=\"article:modified_time\" content=\"2024-11-19T23:31:19+00:00\" \/>\n<meta property=\"og:image\" content=\"https:\/\/www.diario21.tv\/noticias\/wp-content\/uploads\/2024\/11\/\u00a1Vigo-ilumina-la-Navidad-con-115-millones-de-luces-este.JPG\" \/>\n\t<meta property=\"og:image:width\" content=\"1920\" \/>\n\t<meta property=\"og:image:height\" content=\"1080\" \/>\n\t<meta property=\"og:image:type\" content=\"image\/jpeg\" \/>\n<meta name=\"author\" content=\"Juan P\u00e9rez\" \/>\n<meta name=\"twitter:card\" content=\"summary_large_image\" \/>\n<meta name=\"twitter:label1\" content=\"Escrito por\" \/>\n\t<meta name=\"twitter:data1\" content=\"Juan P\u00e9rez\" \/>\n\t<meta name=\"twitter:label2\" content=\"Tiempo de lectura\" \/>\n\t<meta name=\"twitter:data2\" content=\"2 minutos\" \/>\n<script type=\"application\/ld+json\" class=\"yoast-schema-graph\">{\"@context\":\"https:\/\/schema.org\",\"@graph\":[{\"@type\":\"WebPage\",\"@id\":\"https:\/\/www.diario21.tv\/noticias\/vigo-ilumina-la-navidad-con-115-millones-de-luces-este-sabado\/\",\"url\":\"https:\/\/www.diario21.tv\/noticias\/vigo-ilumina-la-navidad-con-115-millones-de-luces-este-sabado\/\",\"name\":\"\u00a1Vigo ilumina la Navidad con 11,5 millones de luces este s\u00e1bado! - Diario 21\",\"isPartOf\":{\"@id\":\"https:\/\/www.diario21.tv\/noticias\/#website\"},\"primaryImageOfPage\":{\"@id\":\"https:\/\/www.diario21.tv\/noticias\/vigo-ilumina-la-navidad-con-115-millones-de-luces-este-sabado\/#primaryimage\"},\"image\":{\"@id\":\"https:\/\/www.diario21.tv\/noticias\/vigo-ilumina-la-navidad-con-115-millones-de-luces-este-sabado\/#primaryimage\"},\"thumbnailUrl\":\"https:\/\/www.diario21.tv\/noticias\/wp-content\/uploads\/2024\/11\/\u00a1Vigo-ilumina-la-Navidad-con-115-millones-de-luces-este.JPG\",\"datePublished\":\"2024-11-19T23:31:17+00:00\",\"dateModified\":\"2024-11-19T23:31:19+00:00\",\"author\":{\"@id\":\"https:\/\/www.diario21.tv\/noticias\/#\/schema\/person\/dfb778f73814d8f09f302618446a526b\"},\"breadcrumb\":{\"@id\":\"https:\/\/www.diario21.tv\/noticias\/vigo-ilumina-la-navidad-con-115-millones-de-luces-este-sabado\/#breadcrumb\"},\"inLanguage\":\"es-AR\",\"potentialAction\":[{\"@type\":\"ReadAction\",\"target\":[\"https:\/\/www.diario21.tv\/noticias\/vigo-ilumina-la-navidad-con-115-millones-de-luces-este-sabado\/\"]}]},{\"@type\":\"ImageObject\",\"inLanguage\":\"es-AR\",\"@id\":\"https:\/\/www.diario21.tv\/noticias\/vigo-ilumina-la-navidad-con-115-millones-de-luces-este-sabado\/#primaryimage\",\"url\":\"https:\/\/www.diario21.tv\/noticias\/wp-content\/uploads\/2024\/11\/\u00a1Vigo-ilumina-la-Navidad-con-115-millones-de-luces-este.JPG\",\"contentUrl\":\"https:\/\/www.diario21.tv\/noticias\/wp-content\/uploads\/2024\/11\/\u00a1Vigo-ilumina-la-Navidad-con-115-millones-de-luces-este.JPG\",\"width\":1920,\"height\":1080,\"caption\":\"Vigo enciende este s\u00e1bado sus 11,5 millones de luces de Navidad\"},{\"@type\":\"BreadcrumbList\",\"@id\":\"https:\/\/www.diario21.tv\/noticias\/vigo-ilumina-la-navidad-con-115-millones-de-luces-este-sabado\/#breadcrumb\",\"itemListElement\":[{\"@type\":\"ListItem\",\"position\":1,\"name\":\"Accueil\",\"item\":\"https:\/\/www.diario21.tv\/noticias\/\"},{\"@type\":\"ListItem\",\"position\":2,\"name\":\"\u00a1Vigo ilumina la Navidad con 11,5 millones de luces este s\u00e1bado!\"}]},{\"@type\":\"WebSite\",\"@id\":\"https:\/\/www.diario21.tv\/noticias\/#website\",\"url\":\"https:\/\/www.diario21.tv\/noticias\/\",\"name\":\"Diario 21\",\"description\":\"\",\"potentialAction\":[{\"@type\":\"SearchAction\",\"target\":{\"@type\":\"EntryPoint\",\"urlTemplate\":\"https:\/\/www.diario21.tv\/noticias\/?s={search_term_string}\"},\"query-input\":{\"@type\":\"PropertyValueSpecification\",\"valueRequired\":true,\"valueName\":\"search_term_string\"}}],\"inLanguage\":\"es-AR\"},{\"@type\":\"Person\",\"@id\":\"https:\/\/www.diario21.tv\/noticias\/#\/schema\/person\/dfb778f73814d8f09f302618446a526b\",\"name\":\"Juan P\u00e9rez\",\"image\":{\"@type\":\"ImageObject\",\"inLanguage\":\"es-AR\",\"@id\":\"https:\/\/www.diario21.tv\/noticias\/#\/schema\/person\/image\/\",\"url\":\"https:\/\/secure.gravatar.com\/avatar\/c478a405bd10621167f4c3167cc770f5?s=96&d=mm&r=g\",\"contentUrl\":\"https:\/\/secure.gravatar.com\/avatar\/c478a405bd10621167f4c3167cc770f5?s=96&d=mm&r=g\",\"caption\":\"Juan P\u00e9rez\"},\"description\":\"Juan P\u00e9rez es el redactor en jefe de Diario 21. Con m\u00e1s de 10 a\u00f1os de experiencia en el periodismo, se especializa en pol\u00edtica nacional y an\u00e1lisis socioecon\u00f3mico. Su enfoque cr\u00edtico y riguroso aporta una perspectiva \u00fanica a cada art\u00edculo.\",\"sameAs\":[\"https:\/\/www.diario21.tv\/noticias\/\"],\"url\":\"https:\/\/www.diario21.tv\/noticias\/author\/juan-perez\/\"}]}<\/script>\n<!-- \/ Yoast SEO plugin. -->","yoast_head_json":{"title":"\u00a1Vigo ilumina la Navidad con 11,5 millones de luces este s\u00e1bado! - Diario 21","robots":{"index":"index","follow":"follow","max-snippet":"max-snippet:-1","max-image-preview":"max-image-preview:large","max-video-preview":"max-video-preview:-1"},"canonical":"https:\/\/www.diario21.tv\/noticias\/vigo-ilumina-la-navidad-con-115-millones-de-luces-este-sabado\/","og_locale":"es_ES","og_type":"article","og_title":"\u00a1Vigo ilumina la Navidad con 11,5 millones de luces este s\u00e1bado! - Diario 21","og_description":"Vigo inaugura su iluminaci\u00f3n navide\u00f1a este s\u00e1bado con 11,5 millones de luces Este s\u00e1bado, la ciudad de Vigo se vestir\u00e1 de gala para dar la bienvenida ... Seguir leyendo &rarr;","og_url":"https:\/\/www.diario21.tv\/noticias\/vigo-ilumina-la-navidad-con-115-millones-de-luces-este-sabado\/","og_site_name":"Diario 21","article_published_time":"2024-11-19T23:31:17+00:00","article_modified_time":"2024-11-19T23:31:19+00:00","og_image":[{"width":1920,"height":1080,"url":"https:\/\/www.diario21.tv\/noticias\/wp-content\/uploads\/2024\/11\/\u00a1Vigo-ilumina-la-Navidad-con-115-millones-de-luces-este.JPG","type":"image\/jpeg"}],"author":"Juan P\u00e9rez","twitter_card":"summary_large_image","twitter_misc":{"Escrito por":"Juan P\u00e9rez","Tiempo de lectura":"2 minutos"},"schema":{"@context":"https:\/\/schema.org","@graph":[{"@type":"WebPage","@id":"https:\/\/www.diario21.tv\/noticias\/vigo-ilumina-la-navidad-con-115-millones-de-luces-este-sabado\/","url":"https:\/\/www.diario21.tv\/noticias\/vigo-ilumina-la-navidad-con-115-millones-de-luces-este-sabado\/","name":"\u00a1Vigo ilumina la Navidad con 11,5 millones de luces este s\u00e1bado! - Diario 21","isPartOf":{"@id":"https:\/\/www.diario21.tv\/noticias\/#website"},"primaryImageOfPage":{"@id":"https:\/\/www.diario21.tv\/noticias\/vigo-ilumina-la-navidad-con-115-millones-de-luces-este-sabado\/#primaryimage"},"image":{"@id":"https:\/\/www.diario21.tv\/noticias\/vigo-ilumina-la-navidad-con-115-millones-de-luces-este-sabado\/#primaryimage"},"thumbnailUrl":"https:\/\/www.diario21.tv\/noticias\/wp-content\/uploads\/2024\/11\/\u00a1Vigo-ilumina-la-Navidad-con-115-millones-de-luces-este.JPG","datePublished":"2024-11-19T23:31:17+00:00","dateModified":"2024-11-19T23:31:19+00:00","author":{"@id":"https:\/\/www.diario21.tv\/noticias\/#\/schema\/person\/dfb778f73814d8f09f302618446a526b"},"breadcrumb":{"@id":"https:\/\/www.diario21.tv\/noticias\/vigo-ilumina-la-navidad-con-115-millones-de-luces-este-sabado\/#breadcrumb"},"inLanguage":"es-AR","potentialAction":[{"@type":"ReadAction","target":["https:\/\/www.diario21.tv\/noticias\/vigo-ilumina-la-navidad-con-115-millones-de-luces-este-sabado\/"]}]},{"@type":"ImageObject","inLanguage":"es-AR","@id":"https:\/\/www.diario21.tv\/noticias\/vigo-ilumina-la-navidad-con-115-millones-de-luces-este-sabado\/#primaryimage","url":"https:\/\/www.diario21.tv\/noticias\/wp-content\/uploads\/2024\/11\/\u00a1Vigo-ilumina-la-Navidad-con-115-millones-de-luces-este.JPG","contentUrl":"https:\/\/www.diario21.tv\/noticias\/wp-content\/uploads\/2024\/11\/\u00a1Vigo-ilumina-la-Navidad-con-115-millones-de-luces-este.JPG","width":1920,"height":1080,"caption":"Vigo enciende este s\u00e1bado sus 11,5 millones de luces de Navidad"},{"@type":"BreadcrumbList","@id":"https:\/\/www.diario21.tv\/noticias\/vigo-ilumina-la-navidad-con-115-millones-de-luces-este-sabado\/#breadcrumb","itemListElement":[{"@type":"ListItem","position":1,"name":"Accueil","item":"https:\/\/www.diario21.tv\/noticias\/"},{"@type":"ListItem","position":2,"name":"\u00a1Vigo ilumina la Navidad con 11,5 millones de luces este s\u00e1bado!"}]},{"@type":"WebSite","@id":"https:\/\/www.diario21.tv\/noticias\/#website","url":"https:\/\/www.diario21.tv\/noticias\/","name":"Diario 21","description":"","potentialAction":[{"@type":"SearchAction","target":{"@type":"EntryPoint","urlTemplate":"https:\/\/www.diario21.tv\/noticias\/?s={search_term_string}"},"query-input":{"@type":"PropertyValueSpecification","valueRequired":true,"valueName":"search_term_string"}}],"inLanguage":"es-AR"},{"@type":"Person","@id":"https:\/\/www.diario21.tv\/noticias\/#\/schema\/person\/dfb778f73814d8f09f302618446a526b","name":"Juan P\u00e9rez","image":{"@type":"ImageObject","inLanguage":"es-AR","@id":"https:\/\/www.diario21.tv\/noticias\/#\/schema\/person\/image\/","url":"https:\/\/secure.gravatar.com\/avatar\/c478a405bd10621167f4c3167cc770f5?s=96&d=mm&r=g","contentUrl":"https:\/\/secure.gravatar.com\/avatar\/c478a405bd10621167f4c3167cc770f5?s=96&d=mm&r=g","caption":"Juan P\u00e9rez"},"description":"Juan P\u00e9rez es el redactor en jefe de Diario 21. Con m\u00e1s de 10 a\u00f1os de experiencia en el periodismo, se especializa en pol\u00edtica nacional y an\u00e1lisis socioecon\u00f3mico. Su enfoque cr\u00edtico y riguroso aporta una perspectiva \u00fanica a cada art\u00edculo.","sameAs":["https:\/\/www.diario21.tv\/noticias\/"],"url":"https:\/\/www.diario21.tv\/noticias\/author\/juan-perez\/"}]}},"_links":{"self":[{"href":"https:\/\/www.diario21.tv\/noticias\/wp-json\/wp\/v2\/posts\/1259"}],"collection":[{"href":"https:\/\/www.diario21.tv\/noticias\/wp-json\/wp\/v2\/posts"}],"about":[{"href":"https:\/\/www.diario21.tv\/noticias\/wp-json\/wp\/v2\/types\/post"}],"author":[{"embeddable":true,"href":"https:\/\/www.diario21.tv\/noticias\/wp-json\/wp\/v2\/users\/20"}],"replies":[{"embeddable":true,"href":"https:\/\/www.diario21.tv\/noticias\/wp-json\/wp\/v2\/comments?post=1259"}],"version-history":[{"count":1,"href":"https:\/\/www.diario21.tv\/noticias\/wp-json\/wp\/v2\/posts\/1259\/revisions"}],"predecessor-version":[{"id":1261,"href":"https:\/\/www.diario21.tv\/noticias\/wp-json\/wp\/v2\/posts\/1259\/revisions\/1261"}],"wp:featuredmedia":[{"embeddable":true,"href":"https:\/\/www.diario21.tv\/noticias\/wp-json\/wp\/v2\/media\/1260"}],"wp:attachment":[{"href":"https:\/\/www.diario21.tv\/noticias\/wp-json\/wp\/v2\/media?parent=1259"}],"wp:term":[{"taxonomy":"category","embeddable":true,"href":"https:\/\/www.diario21.tv\/noticias\/wp-json\/wp\/v2\/categories?post=1259"},{"taxonomy":"post_tag","embeddable":true,"href":"https:\/\/www.diario21.tv\/noticias\/wp-json\/wp\/v2\/tags?post=1259"}],"curies":[{"name":"wp","href":"https:\/\/api.w.org\/{rel}","templated":true}]}}