{"id":1229,"date":"2024-11-17T03:49:31","date_gmt":"2024-11-17T03:49:31","guid":{"rendered":"https:\/\/www.diario21.tv\/noticias\/alerta-mas-de-50-muertos-en-incendios-en-residencias-de-ancianos-en-10-anos\/"},"modified":"2024-11-17T03:49:38","modified_gmt":"2024-11-17T03:49:38","slug":"alerta-mas-de-50-muertos-en-incendios-en-residencias-de-ancianos-en-10-anos","status":"publish","type":"post","link":"https:\/\/www.diario21.tv\/noticias\/alerta-mas-de-50-muertos-en-incendios-en-residencias-de-ancianos-en-10-anos\/","title":{"rendered":"\u00a1Alerta! M\u00e1s de 50 muertos en incendios en residencias de ancianos en 10 a\u00f1os"},"content":{"rendered":"<h2>Incidentes de Fuego en Asilos Causan M\u00e1s de 50 Muertes en Diez A\u00f1os<\/h2>\n<p>En los \u00faltimos diez a\u00f1os, los incendios en instalaciones que alojan a personas mayores han resultado en la p\u00e9rdida de m\u00e1s de cincuenta vidas, resaltando una preocupante tendencia en la seguridad de estos establecimientos. Estos tr\u00e1gicos eventos han encendido las alarmas sobre las medidas de protecci\u00f3n y prevenci\u00f3n contra incendios en los hogares de ancianos, un tema que ha generado debates a nivel nacional sobre c\u00f3mo mejorar las condiciones de seguridad para proteger a esta vulnerable poblaci\u00f3n.<\/p>\n<h3>Investigando las Causas<\/h3>\n<p>Los an\u00e1lisis de los incendios ocurridos en residencias para ancianos revelan una variedad de causas, desde el mal funcionamiento de equipos el\u00e9ctricos hasta la negligencia en el mantenimiento de las infraestructuras. En varios casos, se ha identificado que la falta de sistemas adecuados de detecci\u00f3n y supresi\u00f3n de incendios contribuy\u00f3 significativamente a la gravedad de los incidentes. Adem\u00e1s, en muchas de estas instalaciones, las rutas de evacuaci\u00f3n eran insuficientes o estaban obstruidas, lo que complic\u00f3 a\u00fan m\u00e1s los esfuerzos de rescate durante las emergencias.<\/p>\n<h3>Impacto en las Comunidades<\/h3>\n<p>Cada incendio en un hogar de ancianos no solo causa p\u00e9rdidas humanas, sino que tambi\u00e9n deja una huella profunda en las comunidades. Familiares de los afectados a menudo enfrentan traumas y un duelo prolongado, adem\u00e1s de la frustraci\u00f3n por la falta de medidas preventivas efectivas. Por otro lado, los sobrevivientes de estos incendios pueden experimentar un deterioro significativo en su salud f\u00edsica y mental, enfrentando a menudo secuelas que afectan su calidad de vida de manera permanente.<\/p>\n<h3>Medidas de Prevenci\u00f3n y Legislaci\u00f3n<\/h3>\n<p>En respuesta a esta serie de tragedias, ha habido un llamado a revisar y fortalecer las regulaciones que rigen la seguridad contra incendios en las residencias de ancianos. Algunas propuestas incluyen la instalaci\u00f3n obligatoria de sistemas modernos de rociadores y alarmas de incendio, entrenamientos regulares para el personal en procedimientos de evacuaci\u00f3n y el cumplimiento estricto de las normativas de seguridad en la infraestructura.<\/p>\n<p>Adem\u00e1s, se ha sugerido que las inspecciones por parte de las autoridades competentes sean m\u00e1s frecuentes y rigurosas, con el objetivo de asegurar que todas las medidas de seguridad est\u00e9n siempre en condiciones \u00f3ptimas. Estas acciones podr\u00edan no solo prevenir futuros incidentes, sino tambi\u00e9n restaurar la confianza en estos establecimientos como lugares seguros para el cuidado de los mayores.<\/p>\n<h2>Conclusi\u00f3n<\/h2>\n<p>La recurrente incidencia de incendios en residencias de ancianos es un llamado urgente a revisar c\u00f3mo se est\u00e1 cuidando a los m\u00e1s vulnerables en nuestra sociedad. La implementaci\u00f3n de mejores pr\u00e1cticas y normativas m\u00e1s estrictas es esencial para garantizar que tragedias como estas no vuelvan a ocurrir. Proteger a nuestros mayores debe ser una prioridad en la agenda de seguridad p\u00fablica, asegurando as\u00ed que pueden vivir sus a\u00f1os dorados con dignidad y seguridad.<\/p>\n\n\n<div class=\"kk-star-ratings kksr-auto kksr-align-left kksr-valign-bottom\"\n    data-payload='{&quot;align&quot;:&quot;left&quot;,&quot;id&quot;:&quot;1229&quot;,&quot;slug&quot;:&quot;default&quot;,&quot;valign&quot;:&quot;bottom&quot;,&quot;ignore&quot;:&quot;&quot;,&quot;reference&quot;:&quot;auto&quot;,&quot;class&quot;:&quot;&quot;,&quot;count&quot;:&quot;0&quot;,&quot;legendonly&quot;:&quot;&quot;,&quot;readonly&quot;:&quot;&quot;,&quot;score&quot;:&quot;0&quot;,&quot;starsonly&quot;:&quot;&quot;,&quot;best&quot;:&quot;5&quot;,&quot;gap&quot;:&quot;5&quot;,&quot;greet&quot;:&quot;Valora este post&quot;,&quot;legend&quot;:&quot;0\\\/5 - (0 votes)&quot;,&quot;size&quot;:&quot;22&quot;,&quot;title&quot;:&quot;\u00a1Alerta! M\u00e1s de 50 muertos en incendios en residencias de ancianos en 10 a\u00f1os&quot;,&quot;width&quot;:&quot;0&quot;,&quot;_legend&quot;:&quot;{score}\\\/{best} - ({count} {votes})&quot;,&quot;font_factor&quot;:&quot;1.25&quot;}'>\n            \n<div class=\"kksr-stars\">\n    \n<div class=\"kksr-stars-inactive\">\n            <div class=\"kksr-star\" data-star=\"1\" style=\"padding-right: 5px\">\n            \n\n<div class=\"kksr-icon\" style=\"width: 22px; height: 22px;\"><\/div>\n        <\/div>\n            <div class=\"kksr-star\" data-star=\"2\" style=\"padding-right: 5px\">\n            \n\n<div class=\"kksr-icon\" style=\"width: 22px; height: 22px;\"><\/div>\n        <\/div>\n            <div class=\"kksr-star\" data-star=\"3\" style=\"padding-right: 5px\">\n            \n\n<div class=\"kksr-icon\" style=\"width: 22px; height: 22px;\"><\/div>\n        <\/div>\n            <div class=\"kksr-star\" data-star=\"4\" style=\"padding-right: 5px\">\n            \n\n<div class=\"kksr-icon\" style=\"width: 22px; height: 22px;\"><\/div>\n        <\/div>\n            <div class=\"kksr-star\" data-star=\"5\" style=\"padding-right: 5px\">\n            \n\n<div class=\"kksr-icon\" style=\"width: 22px; height: 22px;\"><\/div>\n        <\/div>\n    <\/div>\n    \n<div class=\"kksr-stars-active\" style=\"width: 0px;\">\n            <div class=\"kksr-star\" style=\"padding-right: 5px\">\n            \n\n<div class=\"kksr-icon\" style=\"width: 22px; height: 22px;\"><\/div>\n        <\/div>\n            <div class=\"kksr-star\" style=\"padding-right: 5px\">\n            \n\n<div class=\"kksr-icon\" style=\"width: 22px; height: 22px;\"><\/div>\n        <\/div>\n            <div class=\"kksr-star\" style=\"padding-right: 5px\">\n            \n\n<div class=\"kksr-icon\" style=\"width: 22px; height: 22px;\"><\/div>\n        <\/div>\n            <div class=\"kksr-star\" style=\"padding-right: 5px\">\n            \n\n<div class=\"kksr-icon\" style=\"width: 22px; height: 22px;\"><\/div>\n        <\/div>\n            <div class=\"kksr-star\" style=\"padding-right: 5px\">\n            \n\n<div class=\"kksr-icon\" style=\"width: 22px; height: 22px;\"><\/div>\n        <\/div>\n    <\/div>\n<\/div>\n                \n\n<div class=\"kksr-legend\" style=\"font-size: 17.6px;\">\n            <span class=\"kksr-muted\">Valora este post<\/span>\n    <\/div>\n    <\/div>\n","protected":false},"excerpt":{"rendered":"<p>Incidentes de Fuego en Asilos Causan M\u00e1s de 50 Muertes en Diez A\u00f1os En los \u00faltimos diez a\u00f1os, los incendios en instalaciones que alojan a personas &#8230; <a title=\"\u00a1Alerta! M\u00e1s de 50 muertos en incendios en residencias de ancianos en 10 a\u00f1os\" class=\"read-more\" href=\"https:\/\/www.diario21.tv\/noticias\/alerta-mas-de-50-muertos-en-incendios-en-residencias-de-ancianos-en-10-anos\/\" aria-label=\"Leer m\u00e1s sobre \u00a1Alerta! M\u00e1s de 50 muertos en incendios en residencias de ancianos en 10 a\u00f1os\">Seguir leyendo &rarr;<\/a><\/p>\n","protected":false},"author":20,"featured_media":1230,"comment_status":"open","ping_status":"open","sticky":false,"template":"","format":"standard","meta":{"footnotes":""},"categories":[13],"tags":[],"class_list":["post-1229","post","type-post","status-publish","format-standard","has-post-thumbnail","hentry","category-portada"],"yoast_head":"<!-- This site is optimized with the Yoast SEO plugin v25.6 - https:\/\/yoast.com\/wordpress\/plugins\/seo\/ -->\n<title>\u00a1Alerta! M\u00e1s de 50 muertos en incendios en residencias de ancianos en 10 a\u00f1os - Diario 21<\/title>\n<meta name=\"robots\" content=\"index, follow, max-snippet:-1, max-image-preview:large, max-video-preview:-1\" \/>\n<link rel=\"canonical\" href=\"https:\/\/www.diario21.tv\/noticias\/alerta-mas-de-50-muertos-en-incendios-en-residencias-de-ancianos-en-10-anos\/\" \/>\n<meta property=\"og:locale\" content=\"es_ES\" \/>\n<meta property=\"og:type\" content=\"article\" \/>\n<meta property=\"og:title\" content=\"\u00a1Alerta! M\u00e1s de 50 muertos en incendios en residencias de ancianos en 10 a\u00f1os - Diario 21\" \/>\n<meta property=\"og:description\" content=\"Incidentes de Fuego en Asilos Causan M\u00e1s de 50 Muertes en Diez A\u00f1os En los \u00faltimos diez a\u00f1os, los incendios en instalaciones que alojan a personas ... Seguir leyendo &rarr;\" \/>\n<meta property=\"og:url\" content=\"https:\/\/www.diario21.tv\/noticias\/alerta-mas-de-50-muertos-en-incendios-en-residencias-de-ancianos-en-10-anos\/\" \/>\n<meta property=\"og:site_name\" content=\"Diario 21\" \/>\n<meta property=\"article:published_time\" content=\"2024-11-17T03:49:31+00:00\" \/>\n<meta property=\"article:modified_time\" content=\"2024-11-17T03:49:38+00:00\" \/>\n<meta property=\"og:image\" content=\"https:\/\/www.diario21.tv\/noticias\/wp-content\/uploads\/2024\/11\/\u00a1Alerta-Mas-de-50-muertos-en-incendios-en-residencias-de.JPG\" \/>\n\t<meta property=\"og:image:width\" content=\"1916\" \/>\n\t<meta property=\"og:image:height\" content=\"1080\" \/>\n\t<meta property=\"og:image:type\" content=\"image\/jpeg\" \/>\n<meta name=\"author\" content=\"Juan P\u00e9rez\" \/>\n<meta name=\"twitter:card\" content=\"summary_large_image\" \/>\n<meta name=\"twitter:label1\" content=\"Escrito por\" \/>\n\t<meta name=\"twitter:data1\" content=\"Juan P\u00e9rez\" \/>\n\t<meta name=\"twitter:label2\" content=\"Tiempo de lectura\" \/>\n\t<meta name=\"twitter:data2\" content=\"2 minutos\" \/>\n<script type=\"application\/ld+json\" class=\"yoast-schema-graph\">{\"@context\":\"https:\/\/schema.org\",\"@graph\":[{\"@type\":\"WebPage\",\"@id\":\"https:\/\/www.diario21.tv\/noticias\/alerta-mas-de-50-muertos-en-incendios-en-residencias-de-ancianos-en-10-anos\/\",\"url\":\"https:\/\/www.diario21.tv\/noticias\/alerta-mas-de-50-muertos-en-incendios-en-residencias-de-ancianos-en-10-anos\/\",\"name\":\"\u00a1Alerta! M\u00e1s de 50 muertos en incendios en residencias de ancianos en 10 a\u00f1os - Diario 21\",\"isPartOf\":{\"@id\":\"https:\/\/www.diario21.tv\/noticias\/#website\"},\"primaryImageOfPage\":{\"@id\":\"https:\/\/www.diario21.tv\/noticias\/alerta-mas-de-50-muertos-en-incendios-en-residencias-de-ancianos-en-10-anos\/#primaryimage\"},\"image\":{\"@id\":\"https:\/\/www.diario21.tv\/noticias\/alerta-mas-de-50-muertos-en-incendios-en-residencias-de-ancianos-en-10-anos\/#primaryimage\"},\"thumbnailUrl\":\"https:\/\/www.diario21.tv\/noticias\/wp-content\/uploads\/2024\/11\/\u00a1Alerta-Mas-de-50-muertos-en-incendios-en-residencias-de.JPG\",\"datePublished\":\"2024-11-17T03:49:31+00:00\",\"dateModified\":\"2024-11-17T03:49:38+00:00\",\"author\":{\"@id\":\"https:\/\/www.diario21.tv\/noticias\/#\/schema\/person\/dfb778f73814d8f09f302618446a526b\"},\"breadcrumb\":{\"@id\":\"https:\/\/www.diario21.tv\/noticias\/alerta-mas-de-50-muertos-en-incendios-en-residencias-de-ancianos-en-10-anos\/#breadcrumb\"},\"inLanguage\":\"es-AR\",\"potentialAction\":[{\"@type\":\"ReadAction\",\"target\":[\"https:\/\/www.diario21.tv\/noticias\/alerta-mas-de-50-muertos-en-incendios-en-residencias-de-ancianos-en-10-anos\/\"]}]},{\"@type\":\"ImageObject\",\"inLanguage\":\"es-AR\",\"@id\":\"https:\/\/www.diario21.tv\/noticias\/alerta-mas-de-50-muertos-en-incendios-en-residencias-de-ancianos-en-10-anos\/#primaryimage\",\"url\":\"https:\/\/www.diario21.tv\/noticias\/wp-content\/uploads\/2024\/11\/\u00a1Alerta-Mas-de-50-muertos-en-incendios-en-residencias-de.JPG\",\"contentUrl\":\"https:\/\/www.diario21.tv\/noticias\/wp-content\/uploads\/2024\/11\/\u00a1Alerta-Mas-de-50-muertos-en-incendios-en-residencias-de.JPG\",\"width\":1916,\"height\":1080,\"caption\":\"Los incendios en residencias de ancianos se han cobrado la vida de m\u00e1s 50 personas en la \u00faltima d\u00e9cada\"},{\"@type\":\"BreadcrumbList\",\"@id\":\"https:\/\/www.diario21.tv\/noticias\/alerta-mas-de-50-muertos-en-incendios-en-residencias-de-ancianos-en-10-anos\/#breadcrumb\",\"itemListElement\":[{\"@type\":\"ListItem\",\"position\":1,\"name\":\"Accueil\",\"item\":\"https:\/\/www.diario21.tv\/noticias\/\"},{\"@type\":\"ListItem\",\"position\":2,\"name\":\"\u00a1Alerta! M\u00e1s de 50 muertos en incendios en residencias de ancianos en 10 a\u00f1os\"}]},{\"@type\":\"WebSite\",\"@id\":\"https:\/\/www.diario21.tv\/noticias\/#website\",\"url\":\"https:\/\/www.diario21.tv\/noticias\/\",\"name\":\"Diario 21\",\"description\":\"\",\"potentialAction\":[{\"@type\":\"SearchAction\",\"target\":{\"@type\":\"EntryPoint\",\"urlTemplate\":\"https:\/\/www.diario21.tv\/noticias\/?s={search_term_string}\"},\"query-input\":{\"@type\":\"PropertyValueSpecification\",\"valueRequired\":true,\"valueName\":\"search_term_string\"}}],\"inLanguage\":\"es-AR\"},{\"@type\":\"Person\",\"@id\":\"https:\/\/www.diario21.tv\/noticias\/#\/schema\/person\/dfb778f73814d8f09f302618446a526b\",\"name\":\"Juan P\u00e9rez\",\"image\":{\"@type\":\"ImageObject\",\"inLanguage\":\"es-AR\",\"@id\":\"https:\/\/www.diario21.tv\/noticias\/#\/schema\/person\/image\/\",\"url\":\"https:\/\/secure.gravatar.com\/avatar\/c478a405bd10621167f4c3167cc770f5?s=96&d=mm&r=g\",\"contentUrl\":\"https:\/\/secure.gravatar.com\/avatar\/c478a405bd10621167f4c3167cc770f5?s=96&d=mm&r=g\",\"caption\":\"Juan P\u00e9rez\"},\"description\":\"Juan P\u00e9rez es el redactor en jefe de Diario 21. Con m\u00e1s de 10 a\u00f1os de experiencia en el periodismo, se especializa en pol\u00edtica nacional y an\u00e1lisis socioecon\u00f3mico. Su enfoque cr\u00edtico y riguroso aporta una perspectiva \u00fanica a cada art\u00edculo.\",\"sameAs\":[\"https:\/\/www.diario21.tv\/noticias\/\"],\"url\":\"https:\/\/www.diario21.tv\/noticias\/author\/juan-perez\/\"}]}<\/script>\n<!-- \/ Yoast SEO plugin. -->","yoast_head_json":{"title":"\u00a1Alerta! M\u00e1s de 50 muertos en incendios en residencias de ancianos en 10 a\u00f1os - Diario 21","robots":{"index":"index","follow":"follow","max-snippet":"max-snippet:-1","max-image-preview":"max-image-preview:large","max-video-preview":"max-video-preview:-1"},"canonical":"https:\/\/www.diario21.tv\/noticias\/alerta-mas-de-50-muertos-en-incendios-en-residencias-de-ancianos-en-10-anos\/","og_locale":"es_ES","og_type":"article","og_title":"\u00a1Alerta! M\u00e1s de 50 muertos en incendios en residencias de ancianos en 10 a\u00f1os - Diario 21","og_description":"Incidentes de Fuego en Asilos Causan M\u00e1s de 50 Muertes en Diez A\u00f1os En los \u00faltimos diez a\u00f1os, los incendios en instalaciones que alojan a personas ... Seguir leyendo &rarr;","og_url":"https:\/\/www.diario21.tv\/noticias\/alerta-mas-de-50-muertos-en-incendios-en-residencias-de-ancianos-en-10-anos\/","og_site_name":"Diario 21","article_published_time":"2024-11-17T03:49:31+00:00","article_modified_time":"2024-11-17T03:49:38+00:00","og_image":[{"width":1916,"height":1080,"url":"https:\/\/www.diario21.tv\/noticias\/wp-content\/uploads\/2024\/11\/\u00a1Alerta-Mas-de-50-muertos-en-incendios-en-residencias-de.JPG","type":"image\/jpeg"}],"author":"Juan P\u00e9rez","twitter_card":"summary_large_image","twitter_misc":{"Escrito por":"Juan P\u00e9rez","Tiempo de lectura":"2 minutos"},"schema":{"@context":"https:\/\/schema.org","@graph":[{"@type":"WebPage","@id":"https:\/\/www.diario21.tv\/noticias\/alerta-mas-de-50-muertos-en-incendios-en-residencias-de-ancianos-en-10-anos\/","url":"https:\/\/www.diario21.tv\/noticias\/alerta-mas-de-50-muertos-en-incendios-en-residencias-de-ancianos-en-10-anos\/","name":"\u00a1Alerta! M\u00e1s de 50 muertos en incendios en residencias de ancianos en 10 a\u00f1os - Diario 21","isPartOf":{"@id":"https:\/\/www.diario21.tv\/noticias\/#website"},"primaryImageOfPage":{"@id":"https:\/\/www.diario21.tv\/noticias\/alerta-mas-de-50-muertos-en-incendios-en-residencias-de-ancianos-en-10-anos\/#primaryimage"},"image":{"@id":"https:\/\/www.diario21.tv\/noticias\/alerta-mas-de-50-muertos-en-incendios-en-residencias-de-ancianos-en-10-anos\/#primaryimage"},"thumbnailUrl":"https:\/\/www.diario21.tv\/noticias\/wp-content\/uploads\/2024\/11\/\u00a1Alerta-Mas-de-50-muertos-en-incendios-en-residencias-de.JPG","datePublished":"2024-11-17T03:49:31+00:00","dateModified":"2024-11-17T03:49:38+00:00","author":{"@id":"https:\/\/www.diario21.tv\/noticias\/#\/schema\/person\/dfb778f73814d8f09f302618446a526b"},"breadcrumb":{"@id":"https:\/\/www.diario21.tv\/noticias\/alerta-mas-de-50-muertos-en-incendios-en-residencias-de-ancianos-en-10-anos\/#breadcrumb"},"inLanguage":"es-AR","potentialAction":[{"@type":"ReadAction","target":["https:\/\/www.diario21.tv\/noticias\/alerta-mas-de-50-muertos-en-incendios-en-residencias-de-ancianos-en-10-anos\/"]}]},{"@type":"ImageObject","inLanguage":"es-AR","@id":"https:\/\/www.diario21.tv\/noticias\/alerta-mas-de-50-muertos-en-incendios-en-residencias-de-ancianos-en-10-anos\/#primaryimage","url":"https:\/\/www.diario21.tv\/noticias\/wp-content\/uploads\/2024\/11\/\u00a1Alerta-Mas-de-50-muertos-en-incendios-en-residencias-de.JPG","contentUrl":"https:\/\/www.diario21.tv\/noticias\/wp-content\/uploads\/2024\/11\/\u00a1Alerta-Mas-de-50-muertos-en-incendios-en-residencias-de.JPG","width":1916,"height":1080,"caption":"Los incendios en residencias de ancianos se han cobrado la vida de m\u00e1s 50 personas en la \u00faltima d\u00e9cada"},{"@type":"BreadcrumbList","@id":"https:\/\/www.diario21.tv\/noticias\/alerta-mas-de-50-muertos-en-incendios-en-residencias-de-ancianos-en-10-anos\/#breadcrumb","itemListElement":[{"@type":"ListItem","position":1,"name":"Accueil","item":"https:\/\/www.diario21.tv\/noticias\/"},{"@type":"ListItem","position":2,"name":"\u00a1Alerta! M\u00e1s de 50 muertos en incendios en residencias de ancianos en 10 a\u00f1os"}]},{"@type":"WebSite","@id":"https:\/\/www.diario21.tv\/noticias\/#website","url":"https:\/\/www.diario21.tv\/noticias\/","name":"Diario 21","description":"","potentialAction":[{"@type":"SearchAction","target":{"@type":"EntryPoint","urlTemplate":"https:\/\/www.diario21.tv\/noticias\/?s={search_term_string}"},"query-input":{"@type":"PropertyValueSpecification","valueRequired":true,"valueName":"search_term_string"}}],"inLanguage":"es-AR"},{"@type":"Person","@id":"https:\/\/www.diario21.tv\/noticias\/#\/schema\/person\/dfb778f73814d8f09f302618446a526b","name":"Juan P\u00e9rez","image":{"@type":"ImageObject","inLanguage":"es-AR","@id":"https:\/\/www.diario21.tv\/noticias\/#\/schema\/person\/image\/","url":"https:\/\/secure.gravatar.com\/avatar\/c478a405bd10621167f4c3167cc770f5?s=96&d=mm&r=g","contentUrl":"https:\/\/secure.gravatar.com\/avatar\/c478a405bd10621167f4c3167cc770f5?s=96&d=mm&r=g","caption":"Juan P\u00e9rez"},"description":"Juan P\u00e9rez es el redactor en jefe de Diario 21. Con m\u00e1s de 10 a\u00f1os de experiencia en el periodismo, se especializa en pol\u00edtica nacional y an\u00e1lisis socioecon\u00f3mico. Su enfoque cr\u00edtico y riguroso aporta una perspectiva \u00fanica a cada art\u00edculo.","sameAs":["https:\/\/www.diario21.tv\/noticias\/"],"url":"https:\/\/www.diario21.tv\/noticias\/author\/juan-perez\/"}]}},"_links":{"self":[{"href":"https:\/\/www.diario21.tv\/noticias\/wp-json\/wp\/v2\/posts\/1229"}],"collection":[{"href":"https:\/\/www.diario21.tv\/noticias\/wp-json\/wp\/v2\/posts"}],"about":[{"href":"https:\/\/www.diario21.tv\/noticias\/wp-json\/wp\/v2\/types\/post"}],"author":[{"embeddable":true,"href":"https:\/\/www.diario21.tv\/noticias\/wp-json\/wp\/v2\/users\/20"}],"replies":[{"embeddable":true,"href":"https:\/\/www.diario21.tv\/noticias\/wp-json\/wp\/v2\/comments?post=1229"}],"version-history":[{"count":1,"href":"https:\/\/www.diario21.tv\/noticias\/wp-json\/wp\/v2\/posts\/1229\/revisions"}],"predecessor-version":[{"id":1231,"href":"https:\/\/www.diario21.tv\/noticias\/wp-json\/wp\/v2\/posts\/1229\/revisions\/1231"}],"wp:featuredmedia":[{"embeddable":true,"href":"https:\/\/www.diario21.tv\/noticias\/wp-json\/wp\/v2\/media\/1230"}],"wp:attachment":[{"href":"https:\/\/www.diario21.tv\/noticias\/wp-json\/wp\/v2\/media?parent=1229"}],"wp:term":[{"taxonomy":"category","embeddable":true,"href":"https:\/\/www.diario21.tv\/noticias\/wp-json\/wp\/v2\/categories?post=1229"},{"taxonomy":"post_tag","embeddable":true,"href":"https:\/\/www.diario21.tv\/noticias\/wp-json\/wp\/v2\/tags?post=1229"}],"curies":[{"name":"wp","href":"https:\/\/api.w.org\/{rel}","templated":true}]}}