{"id":1226,"date":"2024-11-16T21:47:32","date_gmt":"2024-11-16T21:47:32","guid":{"rendered":"https:\/\/www.diario21.tv\/noticias\/detenido-presunto-autor-del-crimen-machista-en-pontevedra-en-prision-provisional\/"},"modified":"2024-11-16T21:47:36","modified_gmt":"2024-11-16T21:47:36","slug":"detenido-presunto-autor-del-crimen-machista-en-pontevedra-en-prision-provisional","status":"publish","type":"post","link":"https:\/\/www.diario21.tv\/noticias\/detenido-presunto-autor-del-crimen-machista-en-pontevedra-en-prision-provisional\/","title":{"rendered":"\u00a1Detenido! Presunto autor del crimen machista en Pontevedra en prisi\u00f3n provisional"},"content":{"rendered":"<h2>Detenci\u00f3n Temporal para el Supuesto Autor del Asesinato por Violencia de G\u00e9nero en Pontevedra<\/h2>\n<p>El juzgado ha ordenado la prisi\u00f3n provisional, comunicada y sin fianza para el hombre sospechado de cometer un asesinato machista en Pontevedra. Este caso ha conmocionado a la comunidad local y reavivado el debate sobre la violencia de g\u00e9nero en Espa\u00f1a.<\/p>\n<h3>Detalles del Caso<\/h3>\n<p>La investigaci\u00f3n se centr\u00f3 r\u00e1pidamente en el compa\u00f1ero sentimental de la v\u00edctima, quien fue detenido pocas horas despu\u00e9s del hallazgo del cuerpo sin vida de la mujer. Seg\u00fan fuentes cercanas al caso, la pareja hab\u00eda tenido varios episodios violentos en el pasado, lo que hab\u00eda llevado a la mujer a buscar ayuda en servicios de asistencia a v\u00edctimas de violencia de g\u00e9nero.<\/p>\n<p>El crimen se produjo en el domicilio de la pareja, un hecho que ha sido especialmente doloroso para los familiares y amigos de la v\u00edctima. La r\u00e1pida acci\u00f3n de las autoridades permiti\u00f3 la detenci\u00f3n del sospechoso, quien ahora enfrenta cargos por homicidio agravado por la relaci\u00f3n de pareja con la v\u00edctima.<\/p>\n<h3>Reacciones y Medidas Legales<\/h3>\n<p>La noticia del asesinato ha generado una gran indignaci\u00f3n en toda Espa\u00f1a, con m\u00faltiples voces exigiendo un endurecimiento de las leyes contra la violencia machista y una mejor protecci\u00f3n para las v\u00edctimas. Organizaciones feministas y grupos de derechos humanos han convocado manifestaciones para demandar justicia y cambios legislativos que prevengan futuros cr\u00edmenes.<\/p>\n<p>Por su parte, las autoridades han reiterado su compromiso con la lucha contra la violencia de g\u00e9nero, prometiendo recursos adicionales para la protecci\u00f3n de las mujeres y la persecuci\u00f3n efectiva de los agresores.<\/p>\n<h3>Impacto en la Comunidad<\/h3>\n<p>La comunidad de Pontevedra ha quedado profundamente afectada por este tr\u00e1gico suceso. Vecinos y conocidos de la v\u00edctima han realizado vigilias y actos en su memoria, destacando su vida y exigiendo medidas concretas para evitar que tales tragedias se repitan.<\/p>\n<p>El caso sigue bajo investigaci\u00f3n, y las autoridades han asegurado que se est\u00e1n tomando todas las medidas necesarias para garantizar un proceso justo y riguroso. La prisi\u00f3n provisional del sospechoso es solo el primer paso en un largo proceso legal que se espera arroje luz sobre las circunstancias y motivaciones detr\u00e1s del crimen, as\u00ed como sobre las posibles fallas en los sistemas de prevenci\u00f3n y protecci\u00f3n.<\/p>\n\n\n<div class=\"kk-star-ratings kksr-auto kksr-align-left kksr-valign-bottom\"\n    data-payload='{&quot;align&quot;:&quot;left&quot;,&quot;id&quot;:&quot;1226&quot;,&quot;slug&quot;:&quot;default&quot;,&quot;valign&quot;:&quot;bottom&quot;,&quot;ignore&quot;:&quot;&quot;,&quot;reference&quot;:&quot;auto&quot;,&quot;class&quot;:&quot;&quot;,&quot;count&quot;:&quot;0&quot;,&quot;legendonly&quot;:&quot;&quot;,&quot;readonly&quot;:&quot;&quot;,&quot;score&quot;:&quot;0&quot;,&quot;starsonly&quot;:&quot;&quot;,&quot;best&quot;:&quot;5&quot;,&quot;gap&quot;:&quot;5&quot;,&quot;greet&quot;:&quot;Valora este post&quot;,&quot;legend&quot;:&quot;0\\\/5 - (0 votes)&quot;,&quot;size&quot;:&quot;22&quot;,&quot;title&quot;:&quot;\u00a1Detenido! Presunto autor del crimen machista en Pontevedra en prisi\u00f3n provisional&quot;,&quot;width&quot;:&quot;0&quot;,&quot;_legend&quot;:&quot;{score}\\\/{best} - ({count} {votes})&quot;,&quot;font_factor&quot;:&quot;1.25&quot;}'>\n            \n<div class=\"kksr-stars\">\n    \n<div class=\"kksr-stars-inactive\">\n            <div class=\"kksr-star\" data-star=\"1\" style=\"padding-right: 5px\">\n            \n\n<div class=\"kksr-icon\" style=\"width: 22px; height: 22px;\"><\/div>\n        <\/div>\n            <div class=\"kksr-star\" data-star=\"2\" style=\"padding-right: 5px\">\n            \n\n<div class=\"kksr-icon\" style=\"width: 22px; height: 22px;\"><\/div>\n        <\/div>\n            <div class=\"kksr-star\" data-star=\"3\" style=\"padding-right: 5px\">\n            \n\n<div class=\"kksr-icon\" style=\"width: 22px; height: 22px;\"><\/div>\n        <\/div>\n            <div class=\"kksr-star\" data-star=\"4\" style=\"padding-right: 5px\">\n            \n\n<div class=\"kksr-icon\" style=\"width: 22px; height: 22px;\"><\/div>\n        <\/div>\n            <div class=\"kksr-star\" data-star=\"5\" style=\"padding-right: 5px\">\n            \n\n<div class=\"kksr-icon\" style=\"width: 22px; height: 22px;\"><\/div>\n        <\/div>\n    <\/div>\n    \n<div class=\"kksr-stars-active\" style=\"width: 0px;\">\n            <div class=\"kksr-star\" style=\"padding-right: 5px\">\n            \n\n<div class=\"kksr-icon\" style=\"width: 22px; height: 22px;\"><\/div>\n        <\/div>\n            <div class=\"kksr-star\" style=\"padding-right: 5px\">\n            \n\n<div class=\"kksr-icon\" style=\"width: 22px; height: 22px;\"><\/div>\n        <\/div>\n            <div class=\"kksr-star\" style=\"padding-right: 5px\">\n            \n\n<div class=\"kksr-icon\" style=\"width: 22px; height: 22px;\"><\/div>\n        <\/div>\n            <div class=\"kksr-star\" style=\"padding-right: 5px\">\n            \n\n<div class=\"kksr-icon\" style=\"width: 22px; height: 22px;\"><\/div>\n        <\/div>\n            <div class=\"kksr-star\" style=\"padding-right: 5px\">\n            \n\n<div class=\"kksr-icon\" style=\"width: 22px; height: 22px;\"><\/div>\n        <\/div>\n    <\/div>\n<\/div>\n                \n\n<div class=\"kksr-legend\" style=\"font-size: 17.6px;\">\n            <span class=\"kksr-muted\">Valora este post<\/span>\n    <\/div>\n    <\/div>\n","protected":false},"excerpt":{"rendered":"<p>Detenci\u00f3n Temporal para el Supuesto Autor del Asesinato por Violencia de G\u00e9nero en Pontevedra El juzgado ha ordenado la prisi\u00f3n provisional, comunicada y sin fianza para &#8230; <a title=\"\u00a1Detenido! Presunto autor del crimen machista en Pontevedra en prisi\u00f3n provisional\" class=\"read-more\" href=\"https:\/\/www.diario21.tv\/noticias\/detenido-presunto-autor-del-crimen-machista-en-pontevedra-en-prision-provisional\/\" aria-label=\"Leer m\u00e1s sobre \u00a1Detenido! Presunto autor del crimen machista en Pontevedra en prisi\u00f3n provisional\">Seguir leyendo &rarr;<\/a><\/p>\n","protected":false},"author":20,"featured_media":1227,"comment_status":"open","ping_status":"open","sticky":false,"template":"","format":"standard","meta":{"footnotes":""},"categories":[13],"tags":[],"class_list":["post-1226","post","type-post","status-publish","format-standard","has-post-thumbnail","hentry","category-portada"],"yoast_head":"<!-- This site is optimized with the Yoast SEO plugin v25.6 - https:\/\/yoast.com\/wordpress\/plugins\/seo\/ -->\n<title>\u00a1Detenido! Presunto autor del crimen machista en Pontevedra en prisi\u00f3n provisional - Diario 21<\/title>\n<meta name=\"robots\" content=\"index, follow, max-snippet:-1, max-image-preview:large, max-video-preview:-1\" \/>\n<link rel=\"canonical\" href=\"https:\/\/www.diario21.tv\/noticias\/detenido-presunto-autor-del-crimen-machista-en-pontevedra-en-prision-provisional\/\" \/>\n<meta property=\"og:locale\" content=\"es_ES\" \/>\n<meta property=\"og:type\" content=\"article\" \/>\n<meta property=\"og:title\" content=\"\u00a1Detenido! Presunto autor del crimen machista en Pontevedra en prisi\u00f3n provisional - Diario 21\" \/>\n<meta property=\"og:description\" content=\"Detenci\u00f3n Temporal para el Supuesto Autor del Asesinato por Violencia de G\u00e9nero en Pontevedra El juzgado ha ordenado la prisi\u00f3n provisional, comunicada y sin fianza para ... Seguir leyendo &rarr;\" \/>\n<meta property=\"og:url\" content=\"https:\/\/www.diario21.tv\/noticias\/detenido-presunto-autor-del-crimen-machista-en-pontevedra-en-prision-provisional\/\" \/>\n<meta property=\"og:site_name\" content=\"Diario 21\" \/>\n<meta property=\"article:published_time\" content=\"2024-11-16T21:47:32+00:00\" \/>\n<meta property=\"article:modified_time\" content=\"2024-11-16T21:47:36+00:00\" \/>\n<meta property=\"og:image\" content=\"https:\/\/www.diario21.tv\/noticias\/wp-content\/uploads\/2024\/11\/\u00a1Detenido-Presunto-autor-del-crimen-machista-en-Pontevedra-en-prision.JPG\" \/>\n\t<meta property=\"og:image:width\" content=\"1913\" \/>\n\t<meta property=\"og:image:height\" content=\"1080\" \/>\n\t<meta property=\"og:image:type\" content=\"image\/jpeg\" \/>\n<meta name=\"author\" content=\"Juan P\u00e9rez\" \/>\n<meta name=\"twitter:card\" content=\"summary_large_image\" \/>\n<meta name=\"twitter:label1\" content=\"Escrito por\" \/>\n\t<meta name=\"twitter:data1\" content=\"Juan P\u00e9rez\" \/>\n\t<meta name=\"twitter:label2\" content=\"Tiempo de lectura\" \/>\n\t<meta name=\"twitter:data2\" content=\"2 minutos\" \/>\n<script type=\"application\/ld+json\" class=\"yoast-schema-graph\">{\"@context\":\"https:\/\/schema.org\",\"@graph\":[{\"@type\":\"WebPage\",\"@id\":\"https:\/\/www.diario21.tv\/noticias\/detenido-presunto-autor-del-crimen-machista-en-pontevedra-en-prision-provisional\/\",\"url\":\"https:\/\/www.diario21.tv\/noticias\/detenido-presunto-autor-del-crimen-machista-en-pontevedra-en-prision-provisional\/\",\"name\":\"\u00a1Detenido! Presunto autor del crimen machista en Pontevedra en prisi\u00f3n provisional - Diario 21\",\"isPartOf\":{\"@id\":\"https:\/\/www.diario21.tv\/noticias\/#website\"},\"primaryImageOfPage\":{\"@id\":\"https:\/\/www.diario21.tv\/noticias\/detenido-presunto-autor-del-crimen-machista-en-pontevedra-en-prision-provisional\/#primaryimage\"},\"image\":{\"@id\":\"https:\/\/www.diario21.tv\/noticias\/detenido-presunto-autor-del-crimen-machista-en-pontevedra-en-prision-provisional\/#primaryimage\"},\"thumbnailUrl\":\"https:\/\/www.diario21.tv\/noticias\/wp-content\/uploads\/2024\/11\/\u00a1Detenido-Presunto-autor-del-crimen-machista-en-Pontevedra-en-prision.JPG\",\"datePublished\":\"2024-11-16T21:47:32+00:00\",\"dateModified\":\"2024-11-16T21:47:36+00:00\",\"author\":{\"@id\":\"https:\/\/www.diario21.tv\/noticias\/#\/schema\/person\/dfb778f73814d8f09f302618446a526b\"},\"breadcrumb\":{\"@id\":\"https:\/\/www.diario21.tv\/noticias\/detenido-presunto-autor-del-crimen-machista-en-pontevedra-en-prision-provisional\/#breadcrumb\"},\"inLanguage\":\"es-AR\",\"potentialAction\":[{\"@type\":\"ReadAction\",\"target\":[\"https:\/\/www.diario21.tv\/noticias\/detenido-presunto-autor-del-crimen-machista-en-pontevedra-en-prision-provisional\/\"]}]},{\"@type\":\"ImageObject\",\"inLanguage\":\"es-AR\",\"@id\":\"https:\/\/www.diario21.tv\/noticias\/detenido-presunto-autor-del-crimen-machista-en-pontevedra-en-prision-provisional\/#primaryimage\",\"url\":\"https:\/\/www.diario21.tv\/noticias\/wp-content\/uploads\/2024\/11\/\u00a1Detenido-Presunto-autor-del-crimen-machista-en-Pontevedra-en-prision.JPG\",\"contentUrl\":\"https:\/\/www.diario21.tv\/noticias\/wp-content\/uploads\/2024\/11\/\u00a1Detenido-Presunto-autor-del-crimen-machista-en-Pontevedra-en-prision.JPG\",\"width\":1913,\"height\":1080,\"caption\":\"Prisi\u00f3n provisional para el presunto autor del crimen machista de Pontevedra\"},{\"@type\":\"BreadcrumbList\",\"@id\":\"https:\/\/www.diario21.tv\/noticias\/detenido-presunto-autor-del-crimen-machista-en-pontevedra-en-prision-provisional\/#breadcrumb\",\"itemListElement\":[{\"@type\":\"ListItem\",\"position\":1,\"name\":\"Accueil\",\"item\":\"https:\/\/www.diario21.tv\/noticias\/\"},{\"@type\":\"ListItem\",\"position\":2,\"name\":\"\u00a1Detenido! Presunto autor del crimen machista en Pontevedra en prisi\u00f3n provisional\"}]},{\"@type\":\"WebSite\",\"@id\":\"https:\/\/www.diario21.tv\/noticias\/#website\",\"url\":\"https:\/\/www.diario21.tv\/noticias\/\",\"name\":\"Diario 21\",\"description\":\"\",\"potentialAction\":[{\"@type\":\"SearchAction\",\"target\":{\"@type\":\"EntryPoint\",\"urlTemplate\":\"https:\/\/www.diario21.tv\/noticias\/?s={search_term_string}\"},\"query-input\":{\"@type\":\"PropertyValueSpecification\",\"valueRequired\":true,\"valueName\":\"search_term_string\"}}],\"inLanguage\":\"es-AR\"},{\"@type\":\"Person\",\"@id\":\"https:\/\/www.diario21.tv\/noticias\/#\/schema\/person\/dfb778f73814d8f09f302618446a526b\",\"name\":\"Juan P\u00e9rez\",\"image\":{\"@type\":\"ImageObject\",\"inLanguage\":\"es-AR\",\"@id\":\"https:\/\/www.diario21.tv\/noticias\/#\/schema\/person\/image\/\",\"url\":\"https:\/\/secure.gravatar.com\/avatar\/c478a405bd10621167f4c3167cc770f5?s=96&d=mm&r=g\",\"contentUrl\":\"https:\/\/secure.gravatar.com\/avatar\/c478a405bd10621167f4c3167cc770f5?s=96&d=mm&r=g\",\"caption\":\"Juan P\u00e9rez\"},\"description\":\"Juan P\u00e9rez es el redactor en jefe de Diario 21. Con m\u00e1s de 10 a\u00f1os de experiencia en el periodismo, se especializa en pol\u00edtica nacional y an\u00e1lisis socioecon\u00f3mico. Su enfoque cr\u00edtico y riguroso aporta una perspectiva \u00fanica a cada art\u00edculo.\",\"sameAs\":[\"https:\/\/www.diario21.tv\/noticias\/\"],\"url\":\"https:\/\/www.diario21.tv\/noticias\/author\/juan-perez\/\"}]}<\/script>\n<!-- \/ Yoast SEO plugin. -->","yoast_head_json":{"title":"\u00a1Detenido! Presunto autor del crimen machista en Pontevedra en prisi\u00f3n provisional - Diario 21","robots":{"index":"index","follow":"follow","max-snippet":"max-snippet:-1","max-image-preview":"max-image-preview:large","max-video-preview":"max-video-preview:-1"},"canonical":"https:\/\/www.diario21.tv\/noticias\/detenido-presunto-autor-del-crimen-machista-en-pontevedra-en-prision-provisional\/","og_locale":"es_ES","og_type":"article","og_title":"\u00a1Detenido! Presunto autor del crimen machista en Pontevedra en prisi\u00f3n provisional - Diario 21","og_description":"Detenci\u00f3n Temporal para el Supuesto Autor del Asesinato por Violencia de G\u00e9nero en Pontevedra El juzgado ha ordenado la prisi\u00f3n provisional, comunicada y sin fianza para ... Seguir leyendo &rarr;","og_url":"https:\/\/www.diario21.tv\/noticias\/detenido-presunto-autor-del-crimen-machista-en-pontevedra-en-prision-provisional\/","og_site_name":"Diario 21","article_published_time":"2024-11-16T21:47:32+00:00","article_modified_time":"2024-11-16T21:47:36+00:00","og_image":[{"width":1913,"height":1080,"url":"https:\/\/www.diario21.tv\/noticias\/wp-content\/uploads\/2024\/11\/\u00a1Detenido-Presunto-autor-del-crimen-machista-en-Pontevedra-en-prision.JPG","type":"image\/jpeg"}],"author":"Juan P\u00e9rez","twitter_card":"summary_large_image","twitter_misc":{"Escrito por":"Juan P\u00e9rez","Tiempo de lectura":"2 minutos"},"schema":{"@context":"https:\/\/schema.org","@graph":[{"@type":"WebPage","@id":"https:\/\/www.diario21.tv\/noticias\/detenido-presunto-autor-del-crimen-machista-en-pontevedra-en-prision-provisional\/","url":"https:\/\/www.diario21.tv\/noticias\/detenido-presunto-autor-del-crimen-machista-en-pontevedra-en-prision-provisional\/","name":"\u00a1Detenido! Presunto autor del crimen machista en Pontevedra en prisi\u00f3n provisional - Diario 21","isPartOf":{"@id":"https:\/\/www.diario21.tv\/noticias\/#website"},"primaryImageOfPage":{"@id":"https:\/\/www.diario21.tv\/noticias\/detenido-presunto-autor-del-crimen-machista-en-pontevedra-en-prision-provisional\/#primaryimage"},"image":{"@id":"https:\/\/www.diario21.tv\/noticias\/detenido-presunto-autor-del-crimen-machista-en-pontevedra-en-prision-provisional\/#primaryimage"},"thumbnailUrl":"https:\/\/www.diario21.tv\/noticias\/wp-content\/uploads\/2024\/11\/\u00a1Detenido-Presunto-autor-del-crimen-machista-en-Pontevedra-en-prision.JPG","datePublished":"2024-11-16T21:47:32+00:00","dateModified":"2024-11-16T21:47:36+00:00","author":{"@id":"https:\/\/www.diario21.tv\/noticias\/#\/schema\/person\/dfb778f73814d8f09f302618446a526b"},"breadcrumb":{"@id":"https:\/\/www.diario21.tv\/noticias\/detenido-presunto-autor-del-crimen-machista-en-pontevedra-en-prision-provisional\/#breadcrumb"},"inLanguage":"es-AR","potentialAction":[{"@type":"ReadAction","target":["https:\/\/www.diario21.tv\/noticias\/detenido-presunto-autor-del-crimen-machista-en-pontevedra-en-prision-provisional\/"]}]},{"@type":"ImageObject","inLanguage":"es-AR","@id":"https:\/\/www.diario21.tv\/noticias\/detenido-presunto-autor-del-crimen-machista-en-pontevedra-en-prision-provisional\/#primaryimage","url":"https:\/\/www.diario21.tv\/noticias\/wp-content\/uploads\/2024\/11\/\u00a1Detenido-Presunto-autor-del-crimen-machista-en-Pontevedra-en-prision.JPG","contentUrl":"https:\/\/www.diario21.tv\/noticias\/wp-content\/uploads\/2024\/11\/\u00a1Detenido-Presunto-autor-del-crimen-machista-en-Pontevedra-en-prision.JPG","width":1913,"height":1080,"caption":"Prisi\u00f3n provisional para el presunto autor del crimen machista de Pontevedra"},{"@type":"BreadcrumbList","@id":"https:\/\/www.diario21.tv\/noticias\/detenido-presunto-autor-del-crimen-machista-en-pontevedra-en-prision-provisional\/#breadcrumb","itemListElement":[{"@type":"ListItem","position":1,"name":"Accueil","item":"https:\/\/www.diario21.tv\/noticias\/"},{"@type":"ListItem","position":2,"name":"\u00a1Detenido! Presunto autor del crimen machista en Pontevedra en prisi\u00f3n provisional"}]},{"@type":"WebSite","@id":"https:\/\/www.diario21.tv\/noticias\/#website","url":"https:\/\/www.diario21.tv\/noticias\/","name":"Diario 21","description":"","potentialAction":[{"@type":"SearchAction","target":{"@type":"EntryPoint","urlTemplate":"https:\/\/www.diario21.tv\/noticias\/?s={search_term_string}"},"query-input":{"@type":"PropertyValueSpecification","valueRequired":true,"valueName":"search_term_string"}}],"inLanguage":"es-AR"},{"@type":"Person","@id":"https:\/\/www.diario21.tv\/noticias\/#\/schema\/person\/dfb778f73814d8f09f302618446a526b","name":"Juan P\u00e9rez","image":{"@type":"ImageObject","inLanguage":"es-AR","@id":"https:\/\/www.diario21.tv\/noticias\/#\/schema\/person\/image\/","url":"https:\/\/secure.gravatar.com\/avatar\/c478a405bd10621167f4c3167cc770f5?s=96&d=mm&r=g","contentUrl":"https:\/\/secure.gravatar.com\/avatar\/c478a405bd10621167f4c3167cc770f5?s=96&d=mm&r=g","caption":"Juan P\u00e9rez"},"description":"Juan P\u00e9rez es el redactor en jefe de Diario 21. Con m\u00e1s de 10 a\u00f1os de experiencia en el periodismo, se especializa en pol\u00edtica nacional y an\u00e1lisis socioecon\u00f3mico. Su enfoque cr\u00edtico y riguroso aporta una perspectiva \u00fanica a cada art\u00edculo.","sameAs":["https:\/\/www.diario21.tv\/noticias\/"],"url":"https:\/\/www.diario21.tv\/noticias\/author\/juan-perez\/"}]}},"_links":{"self":[{"href":"https:\/\/www.diario21.tv\/noticias\/wp-json\/wp\/v2\/posts\/1226"}],"collection":[{"href":"https:\/\/www.diario21.tv\/noticias\/wp-json\/wp\/v2\/posts"}],"about":[{"href":"https:\/\/www.diario21.tv\/noticias\/wp-json\/wp\/v2\/types\/post"}],"author":[{"embeddable":true,"href":"https:\/\/www.diario21.tv\/noticias\/wp-json\/wp\/v2\/users\/20"}],"replies":[{"embeddable":true,"href":"https:\/\/www.diario21.tv\/noticias\/wp-json\/wp\/v2\/comments?post=1226"}],"version-history":[{"count":1,"href":"https:\/\/www.diario21.tv\/noticias\/wp-json\/wp\/v2\/posts\/1226\/revisions"}],"predecessor-version":[{"id":1228,"href":"https:\/\/www.diario21.tv\/noticias\/wp-json\/wp\/v2\/posts\/1226\/revisions\/1228"}],"wp:featuredmedia":[{"embeddable":true,"href":"https:\/\/www.diario21.tv\/noticias\/wp-json\/wp\/v2\/media\/1227"}],"wp:attachment":[{"href":"https:\/\/www.diario21.tv\/noticias\/wp-json\/wp\/v2\/media?parent=1226"}],"wp:term":[{"taxonomy":"category","embeddable":true,"href":"https:\/\/www.diario21.tv\/noticias\/wp-json\/wp\/v2\/categories?post=1226"},{"taxonomy":"post_tag","embeddable":true,"href":"https:\/\/www.diario21.tv\/noticias\/wp-json\/wp\/v2\/tags?post=1226"}],"curies":[{"name":"wp","href":"https:\/\/api.w.org\/{rel}","templated":true}]}}