{"id":1209,"date":"2024-11-15T02:15:57","date_gmt":"2024-11-15T02:15:57","guid":{"rendered":"https:\/\/www.diario21.tv\/noticias\/alerta-en-valencia-los-muertos-por-la-dana-ascienden-a-215\/"},"modified":"2024-11-15T02:16:00","modified_gmt":"2024-11-15T02:16:00","slug":"alerta-en-valencia-los-muertos-por-la-dana-ascienden-a-215","status":"publish","type":"post","link":"https:\/\/www.diario21.tv\/noticias\/alerta-en-valencia-los-muertos-por-la-dana-ascienden-a-215\/","title":{"rendered":"\u00a1Alerta en Valencia! Los muertos por la DANA ascienden a 215"},"content":{"rendered":"<h2>Aumenta a 215 el N\u00famero de V\u00edctimas Mortales por la DANA en Valencia<\/h2>\n<p>La Depresi\u00f3n Aislada en Niveles Altos (DANA), que ha azotado recientemente la regi\u00f3n de Valencia, ha dejado un saldo tr\u00e1gico de 215 muertos. Este fen\u00f3meno meteorol\u00f3gico, conocido por causar intensas lluvias y tormentas, ha impactado gravemente a esta comunidad aut\u00f3noma del este de Espa\u00f1a.<\/p>\n<h3>Detalles del Desastre Meteorol\u00f3gico<\/h3>\n<p>La DANA, un sistema de baja presi\u00f3n que se caracteriza por su capacidad de generar condiciones meteorol\u00f3gicas extremas, ha provocado inundaciones y deslaves en varias zonas de Valencia. Las intensas precipitaciones han superado los registros hist\u00f3ricos en algunas localidades, causando el desbordamiento de r\u00edos y arroyos, y dejando a su paso una estela de destrucci\u00f3n.<\/p>\n<h3>Respuesta de las Autoridades<\/h3>\n<p>Ante la magnitud del desastre, las autoridades locales y nacionales han desplegado un amplio operativo de rescate y asistencia. Equipos de emergencia, incluidos bomberos, polic\u00edas y voluntarios, han trabajado incansablemente para ayudar a los afectados y buscar a aquellos que a\u00fan se encuentran desaparecidos. El gobierno, por su parte, ha prometido fondos y recursos para la reconstrucci\u00f3n de las \u00e1reas m\u00e1s golpeadas.<\/p>\n<h3>Impacto en la Comunidad<\/h3>\n<p>La comunidad valenciana ha sufrido un duro golpe. Miles de personas han sido evacuadas de sus hogares, y muchas han perdido todo debido a las inundaciones. La infraestructura de la regi\u00f3n tambi\u00e9n ha experimentado da\u00f1os significativos, incluyendo carreteras cortadas y edificaciones arruinadas. La recuperaci\u00f3n de Valencia tras este desastre natural se anticipa como un proceso largo y costoso.<\/p>\n<h3>Medidas Preventivas y Futuras<\/h3>\n<p>Este evento ha puesto de relieve la necesidad de mejorar los sistemas de alerta temprana y de implementar pol\u00edticas m\u00e1s robustas de gesti\u00f3n de riesgos de desastres. Expertos y autoridades est\u00e1n evaluando las lecciones aprendidas de esta cat\u00e1strofe para fortalecer la resiliencia de la regi\u00f3n ante futuras DANAs u otros fen\u00f3menos similares.<\/p>\n<p>En resumen, la DANA ha dejado una marca indeleble en Valencia, con un alto n\u00famero de v\u00edctimas y da\u00f1os extensos. La comunidad, aunque golpeada, se esfuerza por recuperarse y reconstruir, con la esperanza de que medidas m\u00e1s efectivas puedan prevenir o mitigar el impacto de futuros desastres naturales.<\/p>\n\n\n<div class=\"kk-star-ratings kksr-auto kksr-align-left kksr-valign-bottom\"\n    data-payload='{&quot;align&quot;:&quot;left&quot;,&quot;id&quot;:&quot;1209&quot;,&quot;slug&quot;:&quot;default&quot;,&quot;valign&quot;:&quot;bottom&quot;,&quot;ignore&quot;:&quot;&quot;,&quot;reference&quot;:&quot;auto&quot;,&quot;class&quot;:&quot;&quot;,&quot;count&quot;:&quot;0&quot;,&quot;legendonly&quot;:&quot;&quot;,&quot;readonly&quot;:&quot;&quot;,&quot;score&quot;:&quot;0&quot;,&quot;starsonly&quot;:&quot;&quot;,&quot;best&quot;:&quot;5&quot;,&quot;gap&quot;:&quot;5&quot;,&quot;greet&quot;:&quot;Valora este post&quot;,&quot;legend&quot;:&quot;0\\\/5 - (0 votes)&quot;,&quot;size&quot;:&quot;22&quot;,&quot;title&quot;:&quot;\u00a1Alerta en Valencia! Los muertos por la DANA ascienden a 215&quot;,&quot;width&quot;:&quot;0&quot;,&quot;_legend&quot;:&quot;{score}\\\/{best} - ({count} {votes})&quot;,&quot;font_factor&quot;:&quot;1.25&quot;}'>\n            \n<div class=\"kksr-stars\">\n    \n<div class=\"kksr-stars-inactive\">\n            <div class=\"kksr-star\" data-star=\"1\" style=\"padding-right: 5px\">\n            \n\n<div class=\"kksr-icon\" style=\"width: 22px; height: 22px;\"><\/div>\n        <\/div>\n            <div class=\"kksr-star\" data-star=\"2\" style=\"padding-right: 5px\">\n            \n\n<div class=\"kksr-icon\" style=\"width: 22px; height: 22px;\"><\/div>\n        <\/div>\n            <div class=\"kksr-star\" data-star=\"3\" style=\"padding-right: 5px\">\n            \n\n<div class=\"kksr-icon\" style=\"width: 22px; height: 22px;\"><\/div>\n        <\/div>\n            <div class=\"kksr-star\" data-star=\"4\" style=\"padding-right: 5px\">\n            \n\n<div class=\"kksr-icon\" style=\"width: 22px; height: 22px;\"><\/div>\n        <\/div>\n            <div class=\"kksr-star\" data-star=\"5\" style=\"padding-right: 5px\">\n            \n\n<div class=\"kksr-icon\" style=\"width: 22px; height: 22px;\"><\/div>\n        <\/div>\n    <\/div>\n    \n<div class=\"kksr-stars-active\" style=\"width: 0px;\">\n            <div class=\"kksr-star\" style=\"padding-right: 5px\">\n            \n\n<div class=\"kksr-icon\" style=\"width: 22px; height: 22px;\"><\/div>\n        <\/div>\n            <div class=\"kksr-star\" style=\"padding-right: 5px\">\n            \n\n<div class=\"kksr-icon\" style=\"width: 22px; height: 22px;\"><\/div>\n        <\/div>\n            <div class=\"kksr-star\" style=\"padding-right: 5px\">\n            \n\n<div class=\"kksr-icon\" style=\"width: 22px; height: 22px;\"><\/div>\n        <\/div>\n            <div class=\"kksr-star\" style=\"padding-right: 5px\">\n            \n\n<div class=\"kksr-icon\" style=\"width: 22px; height: 22px;\"><\/div>\n        <\/div>\n            <div class=\"kksr-star\" style=\"padding-right: 5px\">\n            \n\n<div class=\"kksr-icon\" style=\"width: 22px; height: 22px;\"><\/div>\n        <\/div>\n    <\/div>\n<\/div>\n                \n\n<div class=\"kksr-legend\" style=\"font-size: 17.6px;\">\n            <span class=\"kksr-muted\">Valora este post<\/span>\n    <\/div>\n    <\/div>\n","protected":false},"excerpt":{"rendered":"<p>Aumenta a 215 el N\u00famero de V\u00edctimas Mortales por la DANA en Valencia La Depresi\u00f3n Aislada en Niveles Altos (DANA), que ha azotado recientemente la regi\u00f3n &#8230; <a title=\"\u00a1Alerta en Valencia! Los muertos por la DANA ascienden a 215\" class=\"read-more\" href=\"https:\/\/www.diario21.tv\/noticias\/alerta-en-valencia-los-muertos-por-la-dana-ascienden-a-215\/\" aria-label=\"Leer m\u00e1s sobre \u00a1Alerta en Valencia! Los muertos por la DANA ascienden a 215\">Seguir leyendo &rarr;<\/a><\/p>\n","protected":false},"author":20,"featured_media":1210,"comment_status":"open","ping_status":"open","sticky":false,"template":"","format":"standard","meta":{"footnotes":""},"categories":[13],"tags":[],"class_list":["post-1209","post","type-post","status-publish","format-standard","has-post-thumbnail","hentry","category-portada"],"yoast_head":"<!-- This site is optimized with the Yoast SEO plugin v25.6 - https:\/\/yoast.com\/wordpress\/plugins\/seo\/ -->\n<title>\u00a1Alerta en Valencia! Los muertos por la DANA ascienden a 215 - Diario 21<\/title>\n<meta name=\"robots\" content=\"index, follow, max-snippet:-1, max-image-preview:large, max-video-preview:-1\" \/>\n<link rel=\"canonical\" href=\"https:\/\/www.diario21.tv\/noticias\/alerta-en-valencia-los-muertos-por-la-dana-ascienden-a-215\/\" \/>\n<meta property=\"og:locale\" content=\"es_ES\" \/>\n<meta property=\"og:type\" content=\"article\" \/>\n<meta property=\"og:title\" content=\"\u00a1Alerta en Valencia! Los muertos por la DANA ascienden a 215 - Diario 21\" \/>\n<meta property=\"og:description\" content=\"Aumenta a 215 el N\u00famero de V\u00edctimas Mortales por la DANA en Valencia La Depresi\u00f3n Aislada en Niveles Altos (DANA), que ha azotado recientemente la regi\u00f3n ... Seguir leyendo &rarr;\" \/>\n<meta property=\"og:url\" content=\"https:\/\/www.diario21.tv\/noticias\/alerta-en-valencia-los-muertos-por-la-dana-ascienden-a-215\/\" \/>\n<meta property=\"og:site_name\" content=\"Diario 21\" \/>\n<meta property=\"article:published_time\" content=\"2024-11-15T02:15:57+00:00\" \/>\n<meta property=\"article:modified_time\" content=\"2024-11-15T02:16:00+00:00\" \/>\n<meta property=\"og:image\" content=\"https:\/\/www.diario21.tv\/noticias\/wp-content\/uploads\/2024\/11\/\u00a1Alerta-en-Valencia-Los-muertos-por-la-DANA-ascienden-a.jpg\" \/>\n\t<meta property=\"og:image:width\" content=\"1920\" \/>\n\t<meta property=\"og:image:height\" content=\"1080\" \/>\n\t<meta property=\"og:image:type\" content=\"image\/jpeg\" \/>\n<meta name=\"author\" content=\"Juan P\u00e9rez\" \/>\n<meta name=\"twitter:card\" content=\"summary_large_image\" \/>\n<meta name=\"twitter:label1\" content=\"Escrito por\" \/>\n\t<meta name=\"twitter:data1\" content=\"Juan P\u00e9rez\" \/>\n\t<meta name=\"twitter:label2\" content=\"Tiempo de lectura\" \/>\n\t<meta name=\"twitter:data2\" content=\"2 minutos\" \/>\n<script type=\"application\/ld+json\" class=\"yoast-schema-graph\">{\"@context\":\"https:\/\/schema.org\",\"@graph\":[{\"@type\":\"WebPage\",\"@id\":\"https:\/\/www.diario21.tv\/noticias\/alerta-en-valencia-los-muertos-por-la-dana-ascienden-a-215\/\",\"url\":\"https:\/\/www.diario21.tv\/noticias\/alerta-en-valencia-los-muertos-por-la-dana-ascienden-a-215\/\",\"name\":\"\u00a1Alerta en Valencia! Los muertos por la DANA ascienden a 215 - Diario 21\",\"isPartOf\":{\"@id\":\"https:\/\/www.diario21.tv\/noticias\/#website\"},\"primaryImageOfPage\":{\"@id\":\"https:\/\/www.diario21.tv\/noticias\/alerta-en-valencia-los-muertos-por-la-dana-ascienden-a-215\/#primaryimage\"},\"image\":{\"@id\":\"https:\/\/www.diario21.tv\/noticias\/alerta-en-valencia-los-muertos-por-la-dana-ascienden-a-215\/#primaryimage\"},\"thumbnailUrl\":\"https:\/\/www.diario21.tv\/noticias\/wp-content\/uploads\/2024\/11\/\u00a1Alerta-en-Valencia-Los-muertos-por-la-DANA-ascienden-a.jpg\",\"datePublished\":\"2024-11-15T02:15:57+00:00\",\"dateModified\":\"2024-11-15T02:16:00+00:00\",\"author\":{\"@id\":\"https:\/\/www.diario21.tv\/noticias\/#\/schema\/person\/dfb778f73814d8f09f302618446a526b\"},\"breadcrumb\":{\"@id\":\"https:\/\/www.diario21.tv\/noticias\/alerta-en-valencia-los-muertos-por-la-dana-ascienden-a-215\/#breadcrumb\"},\"inLanguage\":\"es-AR\",\"potentialAction\":[{\"@type\":\"ReadAction\",\"target\":[\"https:\/\/www.diario21.tv\/noticias\/alerta-en-valencia-los-muertos-por-la-dana-ascienden-a-215\/\"]}]},{\"@type\":\"ImageObject\",\"inLanguage\":\"es-AR\",\"@id\":\"https:\/\/www.diario21.tv\/noticias\/alerta-en-valencia-los-muertos-por-la-dana-ascienden-a-215\/#primaryimage\",\"url\":\"https:\/\/www.diario21.tv\/noticias\/wp-content\/uploads\/2024\/11\/\u00a1Alerta-en-Valencia-Los-muertos-por-la-DANA-ascienden-a.jpg\",\"contentUrl\":\"https:\/\/www.diario21.tv\/noticias\/wp-content\/uploads\/2024\/11\/\u00a1Alerta-en-Valencia-Los-muertos-por-la-DANA-ascienden-a.jpg\",\"width\":1920,\"height\":1080,\"caption\":\"Aumentan a 215 los fallecidos por la DANA en Valencia\"},{\"@type\":\"BreadcrumbList\",\"@id\":\"https:\/\/www.diario21.tv\/noticias\/alerta-en-valencia-los-muertos-por-la-dana-ascienden-a-215\/#breadcrumb\",\"itemListElement\":[{\"@type\":\"ListItem\",\"position\":1,\"name\":\"Accueil\",\"item\":\"https:\/\/www.diario21.tv\/noticias\/\"},{\"@type\":\"ListItem\",\"position\":2,\"name\":\"\u00a1Alerta en Valencia! Los muertos por la DANA ascienden a 215\"}]},{\"@type\":\"WebSite\",\"@id\":\"https:\/\/www.diario21.tv\/noticias\/#website\",\"url\":\"https:\/\/www.diario21.tv\/noticias\/\",\"name\":\"Diario 21\",\"description\":\"\",\"potentialAction\":[{\"@type\":\"SearchAction\",\"target\":{\"@type\":\"EntryPoint\",\"urlTemplate\":\"https:\/\/www.diario21.tv\/noticias\/?s={search_term_string}\"},\"query-input\":{\"@type\":\"PropertyValueSpecification\",\"valueRequired\":true,\"valueName\":\"search_term_string\"}}],\"inLanguage\":\"es-AR\"},{\"@type\":\"Person\",\"@id\":\"https:\/\/www.diario21.tv\/noticias\/#\/schema\/person\/dfb778f73814d8f09f302618446a526b\",\"name\":\"Juan P\u00e9rez\",\"image\":{\"@type\":\"ImageObject\",\"inLanguage\":\"es-AR\",\"@id\":\"https:\/\/www.diario21.tv\/noticias\/#\/schema\/person\/image\/\",\"url\":\"https:\/\/secure.gravatar.com\/avatar\/c478a405bd10621167f4c3167cc770f5?s=96&d=mm&r=g\",\"contentUrl\":\"https:\/\/secure.gravatar.com\/avatar\/c478a405bd10621167f4c3167cc770f5?s=96&d=mm&r=g\",\"caption\":\"Juan P\u00e9rez\"},\"description\":\"Juan P\u00e9rez es el redactor en jefe de Diario 21. Con m\u00e1s de 10 a\u00f1os de experiencia en el periodismo, se especializa en pol\u00edtica nacional y an\u00e1lisis socioecon\u00f3mico. Su enfoque cr\u00edtico y riguroso aporta una perspectiva \u00fanica a cada art\u00edculo.\",\"sameAs\":[\"https:\/\/www.diario21.tv\/noticias\/\"],\"url\":\"https:\/\/www.diario21.tv\/noticias\/author\/juan-perez\/\"}]}<\/script>\n<!-- \/ Yoast SEO plugin. -->","yoast_head_json":{"title":"\u00a1Alerta en Valencia! Los muertos por la DANA ascienden a 215 - Diario 21","robots":{"index":"index","follow":"follow","max-snippet":"max-snippet:-1","max-image-preview":"max-image-preview:large","max-video-preview":"max-video-preview:-1"},"canonical":"https:\/\/www.diario21.tv\/noticias\/alerta-en-valencia-los-muertos-por-la-dana-ascienden-a-215\/","og_locale":"es_ES","og_type":"article","og_title":"\u00a1Alerta en Valencia! Los muertos por la DANA ascienden a 215 - Diario 21","og_description":"Aumenta a 215 el N\u00famero de V\u00edctimas Mortales por la DANA en Valencia La Depresi\u00f3n Aislada en Niveles Altos (DANA), que ha azotado recientemente la regi\u00f3n ... Seguir leyendo &rarr;","og_url":"https:\/\/www.diario21.tv\/noticias\/alerta-en-valencia-los-muertos-por-la-dana-ascienden-a-215\/","og_site_name":"Diario 21","article_published_time":"2024-11-15T02:15:57+00:00","article_modified_time":"2024-11-15T02:16:00+00:00","og_image":[{"width":1920,"height":1080,"url":"https:\/\/www.diario21.tv\/noticias\/wp-content\/uploads\/2024\/11\/\u00a1Alerta-en-Valencia-Los-muertos-por-la-DANA-ascienden-a.jpg","type":"image\/jpeg"}],"author":"Juan P\u00e9rez","twitter_card":"summary_large_image","twitter_misc":{"Escrito por":"Juan P\u00e9rez","Tiempo de lectura":"2 minutos"},"schema":{"@context":"https:\/\/schema.org","@graph":[{"@type":"WebPage","@id":"https:\/\/www.diario21.tv\/noticias\/alerta-en-valencia-los-muertos-por-la-dana-ascienden-a-215\/","url":"https:\/\/www.diario21.tv\/noticias\/alerta-en-valencia-los-muertos-por-la-dana-ascienden-a-215\/","name":"\u00a1Alerta en Valencia! Los muertos por la DANA ascienden a 215 - Diario 21","isPartOf":{"@id":"https:\/\/www.diario21.tv\/noticias\/#website"},"primaryImageOfPage":{"@id":"https:\/\/www.diario21.tv\/noticias\/alerta-en-valencia-los-muertos-por-la-dana-ascienden-a-215\/#primaryimage"},"image":{"@id":"https:\/\/www.diario21.tv\/noticias\/alerta-en-valencia-los-muertos-por-la-dana-ascienden-a-215\/#primaryimage"},"thumbnailUrl":"https:\/\/www.diario21.tv\/noticias\/wp-content\/uploads\/2024\/11\/\u00a1Alerta-en-Valencia-Los-muertos-por-la-DANA-ascienden-a.jpg","datePublished":"2024-11-15T02:15:57+00:00","dateModified":"2024-11-15T02:16:00+00:00","author":{"@id":"https:\/\/www.diario21.tv\/noticias\/#\/schema\/person\/dfb778f73814d8f09f302618446a526b"},"breadcrumb":{"@id":"https:\/\/www.diario21.tv\/noticias\/alerta-en-valencia-los-muertos-por-la-dana-ascienden-a-215\/#breadcrumb"},"inLanguage":"es-AR","potentialAction":[{"@type":"ReadAction","target":["https:\/\/www.diario21.tv\/noticias\/alerta-en-valencia-los-muertos-por-la-dana-ascienden-a-215\/"]}]},{"@type":"ImageObject","inLanguage":"es-AR","@id":"https:\/\/www.diario21.tv\/noticias\/alerta-en-valencia-los-muertos-por-la-dana-ascienden-a-215\/#primaryimage","url":"https:\/\/www.diario21.tv\/noticias\/wp-content\/uploads\/2024\/11\/\u00a1Alerta-en-Valencia-Los-muertos-por-la-DANA-ascienden-a.jpg","contentUrl":"https:\/\/www.diario21.tv\/noticias\/wp-content\/uploads\/2024\/11\/\u00a1Alerta-en-Valencia-Los-muertos-por-la-DANA-ascienden-a.jpg","width":1920,"height":1080,"caption":"Aumentan a 215 los fallecidos por la DANA en Valencia"},{"@type":"BreadcrumbList","@id":"https:\/\/www.diario21.tv\/noticias\/alerta-en-valencia-los-muertos-por-la-dana-ascienden-a-215\/#breadcrumb","itemListElement":[{"@type":"ListItem","position":1,"name":"Accueil","item":"https:\/\/www.diario21.tv\/noticias\/"},{"@type":"ListItem","position":2,"name":"\u00a1Alerta en Valencia! Los muertos por la DANA ascienden a 215"}]},{"@type":"WebSite","@id":"https:\/\/www.diario21.tv\/noticias\/#website","url":"https:\/\/www.diario21.tv\/noticias\/","name":"Diario 21","description":"","potentialAction":[{"@type":"SearchAction","target":{"@type":"EntryPoint","urlTemplate":"https:\/\/www.diario21.tv\/noticias\/?s={search_term_string}"},"query-input":{"@type":"PropertyValueSpecification","valueRequired":true,"valueName":"search_term_string"}}],"inLanguage":"es-AR"},{"@type":"Person","@id":"https:\/\/www.diario21.tv\/noticias\/#\/schema\/person\/dfb778f73814d8f09f302618446a526b","name":"Juan P\u00e9rez","image":{"@type":"ImageObject","inLanguage":"es-AR","@id":"https:\/\/www.diario21.tv\/noticias\/#\/schema\/person\/image\/","url":"https:\/\/secure.gravatar.com\/avatar\/c478a405bd10621167f4c3167cc770f5?s=96&d=mm&r=g","contentUrl":"https:\/\/secure.gravatar.com\/avatar\/c478a405bd10621167f4c3167cc770f5?s=96&d=mm&r=g","caption":"Juan P\u00e9rez"},"description":"Juan P\u00e9rez es el redactor en jefe de Diario 21. Con m\u00e1s de 10 a\u00f1os de experiencia en el periodismo, se especializa en pol\u00edtica nacional y an\u00e1lisis socioecon\u00f3mico. Su enfoque cr\u00edtico y riguroso aporta una perspectiva \u00fanica a cada art\u00edculo.","sameAs":["https:\/\/www.diario21.tv\/noticias\/"],"url":"https:\/\/www.diario21.tv\/noticias\/author\/juan-perez\/"}]}},"_links":{"self":[{"href":"https:\/\/www.diario21.tv\/noticias\/wp-json\/wp\/v2\/posts\/1209"}],"collection":[{"href":"https:\/\/www.diario21.tv\/noticias\/wp-json\/wp\/v2\/posts"}],"about":[{"href":"https:\/\/www.diario21.tv\/noticias\/wp-json\/wp\/v2\/types\/post"}],"author":[{"embeddable":true,"href":"https:\/\/www.diario21.tv\/noticias\/wp-json\/wp\/v2\/users\/20"}],"replies":[{"embeddable":true,"href":"https:\/\/www.diario21.tv\/noticias\/wp-json\/wp\/v2\/comments?post=1209"}],"version-history":[{"count":1,"href":"https:\/\/www.diario21.tv\/noticias\/wp-json\/wp\/v2\/posts\/1209\/revisions"}],"predecessor-version":[{"id":1211,"href":"https:\/\/www.diario21.tv\/noticias\/wp-json\/wp\/v2\/posts\/1209\/revisions\/1211"}],"wp:featuredmedia":[{"embeddable":true,"href":"https:\/\/www.diario21.tv\/noticias\/wp-json\/wp\/v2\/media\/1210"}],"wp:attachment":[{"href":"https:\/\/www.diario21.tv\/noticias\/wp-json\/wp\/v2\/media?parent=1209"}],"wp:term":[{"taxonomy":"category","embeddable":true,"href":"https:\/\/www.diario21.tv\/noticias\/wp-json\/wp\/v2\/categories?post=1209"},{"taxonomy":"post_tag","embeddable":true,"href":"https:\/\/www.diario21.tv\/noticias\/wp-json\/wp\/v2\/tags?post=1209"}],"curies":[{"name":"wp","href":"https:\/\/api.w.org\/{rel}","templated":true}]}}