{"id":1203,"date":"2024-11-14T13:39:26","date_gmt":"2024-11-14T13:39:26","guid":{"rendered":"https:\/\/www.diario21.tv\/noticias\/descubre-las-iniciativas-premiadas-por-la-fundacion-caser-para-mejorar-la-vida-de-personas-dependientes\/"},"modified":"2024-11-14T13:39:28","modified_gmt":"2024-11-14T13:39:28","slug":"descubre-las-iniciativas-premiadas-por-la-fundacion-caser-para-mejorar-la-vida-de-personas-dependientes","status":"publish","type":"post","link":"https:\/\/www.diario21.tv\/noticias\/descubre-las-iniciativas-premiadas-por-la-fundacion-caser-para-mejorar-la-vida-de-personas-dependientes\/","title":{"rendered":"Descubre las iniciativas premiadas por la Fundaci\u00f3n Caser para mejorar la vida de personas dependientes"},"content":{"rendered":"<h2>La Fundaci\u00f3n Caser premia proyectos que destacan por su impacto positivo en la vida de individuos con discapacidades o dependencias<\/h2>\n<p>La Fundaci\u00f3n Caser ha otorgado reconocimientos a diversas iniciativas que se destacan por su contribuci\u00f3n significativa al mejoramiento de la calidad de vida de las personas con discapacidad o en situaci\u00f3n de dependencia. Estos premios buscan resaltar el trabajo y la dedicaci\u00f3n de organizaciones y profesionales que desarrollan soluciones innovadoras y efectivas para enfrentar los desaf\u00edos que estas comunidades enfrentan diariamente.<\/p>\n<h3>Iniciativas que Cambian Vidas<\/h3>\n<p>Los proyectos reconocidos este a\u00f1o por la Fundaci\u00f3n Caser abarcan un amplio espectro de soluciones, desde tecnolog\u00edas de asistencia hasta programas de integraci\u00f3n social y laboral. El objetivo de estos premios es no solo ofrecer apoyo econ\u00f3mico a los ganadores, sino tambi\u00e9n promover la visibilidad de estrategias exitosas que pueden ser replicadas o adaptadas en otros contextos.<\/p>\n<p>Uno de los criterios principales en la selecci\u00f3n de los proyectos premiados es su capacidad para proporcionar herramientas que mejoren la autonom\u00eda personal y faciliten la inclusi\u00f3n de personas con dependencia o discapacidad en todos los \u00e1mbitos de la sociedad. Adem\u00e1s, se eval\u00faa la innovaci\u00f3n en los m\u00e9todos y la sostenibilidad de las iniciativas a largo plazo.<\/p>\n<h3>Reconocimiento a la Innovaci\u00f3n y Compromiso<\/h3>\n<p>La entrega de premios de la Fundaci\u00f3n Caser es un evento destacado que no solo celebra las mejores pr\u00e1cticas en el \u00e1mbito de la discapacidad y dependencia sino que tambi\u00e9n sirve como una plataforma para que los l\u00edderes de proyecto compartan sus experiencias y aprendizajes. Este intercambio de conocimientos es vital para fomentar una comunidad m\u00e1s resiliente y preparada para mejorar continuamente la calidad de vida de sus miembros m\u00e1s vulnerables.<\/p>\n<p>Cada a\u00f1o, los proyectos galardonados se convierten en ejemplos a seguir, inspirando a otros a tomar acci\u00f3n y a buscar soluciones creativas para los retos que enfrentan las personas con dependencia o discapacidad. La Fundaci\u00f3n Caser se compromete a seguir apoyando estas iniciativas y a trabajar conjuntamente con diversos actores para ampliar el impacto de su labor.<\/p>\n<h3>Un Futuro M\u00e1s Inclusivo<\/h3>\n<p>Con cada edici\u00f3n de sus premios, la Fundaci\u00f3n Caser reafirma su compromiso con la creaci\u00f3n de una sociedad m\u00e1s inclusiva. Estas distinciones no solo reconocen los logros actuales, sino que tambi\u00e9n motivan a profesionales y organizaciones a seguir trabajando duro en la b\u00fasqueda de un mundo donde la dependencia y la discapacidad no sean obst\u00e1culos para vivir una vida plena y productiva.<\/p>\n<p>En resumen, los esfuerzos de la Fundaci\u00f3n Caser y de los proyectos premiados son esenciales para construir una sociedad que valore, respete y empodere a todas las personas, independientemente de sus capacidades f\u00edsicas o mentales. Este reconocimiento es un paso vital hacia la eliminaci\u00f3n de barreras y la celebraci\u00f3n de la diversidad humana en todas sus formas.<\/p>\n\n\n<div class=\"kk-star-ratings kksr-auto kksr-align-left kksr-valign-bottom\"\n    data-payload='{&quot;align&quot;:&quot;left&quot;,&quot;id&quot;:&quot;1203&quot;,&quot;slug&quot;:&quot;default&quot;,&quot;valign&quot;:&quot;bottom&quot;,&quot;ignore&quot;:&quot;&quot;,&quot;reference&quot;:&quot;auto&quot;,&quot;class&quot;:&quot;&quot;,&quot;count&quot;:&quot;0&quot;,&quot;legendonly&quot;:&quot;&quot;,&quot;readonly&quot;:&quot;&quot;,&quot;score&quot;:&quot;0&quot;,&quot;starsonly&quot;:&quot;&quot;,&quot;best&quot;:&quot;5&quot;,&quot;gap&quot;:&quot;5&quot;,&quot;greet&quot;:&quot;Valora este post&quot;,&quot;legend&quot;:&quot;0\\\/5 - (0 votes)&quot;,&quot;size&quot;:&quot;22&quot;,&quot;title&quot;:&quot;Descubre las iniciativas premiadas por la Fundaci\u00f3n Caser para mejorar la vida de personas dependientes&quot;,&quot;width&quot;:&quot;0&quot;,&quot;_legend&quot;:&quot;{score}\\\/{best} - ({count} {votes})&quot;,&quot;font_factor&quot;:&quot;1.25&quot;}'>\n            \n<div class=\"kksr-stars\">\n    \n<div class=\"kksr-stars-inactive\">\n            <div class=\"kksr-star\" data-star=\"1\" style=\"padding-right: 5px\">\n            \n\n<div class=\"kksr-icon\" style=\"width: 22px; height: 22px;\"><\/div>\n        <\/div>\n            <div class=\"kksr-star\" data-star=\"2\" style=\"padding-right: 5px\">\n            \n\n<div class=\"kksr-icon\" style=\"width: 22px; height: 22px;\"><\/div>\n        <\/div>\n            <div class=\"kksr-star\" data-star=\"3\" style=\"padding-right: 5px\">\n            \n\n<div class=\"kksr-icon\" style=\"width: 22px; height: 22px;\"><\/div>\n        <\/div>\n            <div class=\"kksr-star\" data-star=\"4\" style=\"padding-right: 5px\">\n            \n\n<div class=\"kksr-icon\" style=\"width: 22px; height: 22px;\"><\/div>\n        <\/div>\n            <div class=\"kksr-star\" data-star=\"5\" style=\"padding-right: 5px\">\n            \n\n<div class=\"kksr-icon\" style=\"width: 22px; height: 22px;\"><\/div>\n        <\/div>\n    <\/div>\n    \n<div class=\"kksr-stars-active\" style=\"width: 0px;\">\n            <div class=\"kksr-star\" style=\"padding-right: 5px\">\n            \n\n<div class=\"kksr-icon\" style=\"width: 22px; height: 22px;\"><\/div>\n        <\/div>\n            <div class=\"kksr-star\" style=\"padding-right: 5px\">\n            \n\n<div class=\"kksr-icon\" style=\"width: 22px; height: 22px;\"><\/div>\n        <\/div>\n            <div class=\"kksr-star\" style=\"padding-right: 5px\">\n            \n\n<div class=\"kksr-icon\" style=\"width: 22px; height: 22px;\"><\/div>\n        <\/div>\n            <div class=\"kksr-star\" style=\"padding-right: 5px\">\n            \n\n<div class=\"kksr-icon\" style=\"width: 22px; height: 22px;\"><\/div>\n        <\/div>\n            <div class=\"kksr-star\" style=\"padding-right: 5px\">\n            \n\n<div class=\"kksr-icon\" style=\"width: 22px; height: 22px;\"><\/div>\n        <\/div>\n    <\/div>\n<\/div>\n                \n\n<div class=\"kksr-legend\" style=\"font-size: 17.6px;\">\n            <span class=\"kksr-muted\">Valora este post<\/span>\n    <\/div>\n    <\/div>\n","protected":false},"excerpt":{"rendered":"<p>La Fundaci\u00f3n Caser premia proyectos que destacan por su impacto positivo en la vida de individuos con discapacidades o dependencias La Fundaci\u00f3n Caser ha otorgado reconocimientos &#8230; <a title=\"Descubre las iniciativas premiadas por la Fundaci\u00f3n Caser para mejorar la vida de personas dependientes\" class=\"read-more\" href=\"https:\/\/www.diario21.tv\/noticias\/descubre-las-iniciativas-premiadas-por-la-fundacion-caser-para-mejorar-la-vida-de-personas-dependientes\/\" aria-label=\"Leer m\u00e1s sobre Descubre las iniciativas premiadas por la Fundaci\u00f3n Caser para mejorar la vida de personas dependientes\">Seguir leyendo &rarr;<\/a><\/p>\n","protected":false},"author":20,"featured_media":1204,"comment_status":"open","ping_status":"open","sticky":false,"template":"","format":"standard","meta":{"footnotes":""},"categories":[13],"tags":[],"class_list":["post-1203","post","type-post","status-publish","format-standard","has-post-thumbnail","hentry","category-portada"],"yoast_head":"<!-- This site is optimized with the Yoast SEO plugin v25.6 - https:\/\/yoast.com\/wordpress\/plugins\/seo\/ -->\n<title>Descubre las iniciativas premiadas por la Fundaci\u00f3n Caser para mejorar la vida de personas dependientes - Diario 21<\/title>\n<meta name=\"robots\" content=\"index, follow, max-snippet:-1, max-image-preview:large, max-video-preview:-1\" \/>\n<link rel=\"canonical\" href=\"https:\/\/www.diario21.tv\/noticias\/descubre-las-iniciativas-premiadas-por-la-fundacion-caser-para-mejorar-la-vida-de-personas-dependientes\/\" \/>\n<meta property=\"og:locale\" content=\"es_ES\" \/>\n<meta property=\"og:type\" content=\"article\" \/>\n<meta property=\"og:title\" content=\"Descubre las iniciativas premiadas por la Fundaci\u00f3n Caser para mejorar la vida de personas dependientes - Diario 21\" \/>\n<meta property=\"og:description\" content=\"La Fundaci\u00f3n Caser premia proyectos que destacan por su impacto positivo en la vida de individuos con discapacidades o dependencias La Fundaci\u00f3n Caser ha otorgado reconocimientos ... Seguir leyendo &rarr;\" \/>\n<meta property=\"og:url\" content=\"https:\/\/www.diario21.tv\/noticias\/descubre-las-iniciativas-premiadas-por-la-fundacion-caser-para-mejorar-la-vida-de-personas-dependientes\/\" \/>\n<meta property=\"og:site_name\" content=\"Diario 21\" \/>\n<meta property=\"article:published_time\" content=\"2024-11-14T13:39:26+00:00\" \/>\n<meta property=\"article:modified_time\" content=\"2024-11-14T13:39:28+00:00\" \/>\n<meta property=\"og:image\" content=\"https:\/\/www.diario21.tv\/noticias\/wp-content\/uploads\/2024\/11\/Descubre-las-iniciativas-premiadas-por-la-Fundacion-Caser-para-mejorar.jpg\" \/>\n\t<meta property=\"og:image:width\" content=\"1920\" \/>\n\t<meta property=\"og:image:height\" content=\"1080\" \/>\n\t<meta property=\"og:image:type\" content=\"image\/jpeg\" \/>\n<meta name=\"author\" content=\"Juan P\u00e9rez\" \/>\n<meta name=\"twitter:card\" content=\"summary_large_image\" \/>\n<meta name=\"twitter:label1\" content=\"Escrito por\" \/>\n\t<meta name=\"twitter:data1\" content=\"Juan P\u00e9rez\" \/>\n\t<meta name=\"twitter:label2\" content=\"Tiempo de lectura\" \/>\n\t<meta name=\"twitter:data2\" content=\"2 minutos\" \/>\n<script type=\"application\/ld+json\" class=\"yoast-schema-graph\">{\"@context\":\"https:\/\/schema.org\",\"@graph\":[{\"@type\":\"WebPage\",\"@id\":\"https:\/\/www.diario21.tv\/noticias\/descubre-las-iniciativas-premiadas-por-la-fundacion-caser-para-mejorar-la-vida-de-personas-dependientes\/\",\"url\":\"https:\/\/www.diario21.tv\/noticias\/descubre-las-iniciativas-premiadas-por-la-fundacion-caser-para-mejorar-la-vida-de-personas-dependientes\/\",\"name\":\"Descubre las iniciativas premiadas por la Fundaci\u00f3n Caser para mejorar la vida de personas dependientes - Diario 21\",\"isPartOf\":{\"@id\":\"https:\/\/www.diario21.tv\/noticias\/#website\"},\"primaryImageOfPage\":{\"@id\":\"https:\/\/www.diario21.tv\/noticias\/descubre-las-iniciativas-premiadas-por-la-fundacion-caser-para-mejorar-la-vida-de-personas-dependientes\/#primaryimage\"},\"image\":{\"@id\":\"https:\/\/www.diario21.tv\/noticias\/descubre-las-iniciativas-premiadas-por-la-fundacion-caser-para-mejorar-la-vida-de-personas-dependientes\/#primaryimage\"},\"thumbnailUrl\":\"https:\/\/www.diario21.tv\/noticias\/wp-content\/uploads\/2024\/11\/Descubre-las-iniciativas-premiadas-por-la-Fundacion-Caser-para-mejorar.jpg\",\"datePublished\":\"2024-11-14T13:39:26+00:00\",\"dateModified\":\"2024-11-14T13:39:28+00:00\",\"author\":{\"@id\":\"https:\/\/www.diario21.tv\/noticias\/#\/schema\/person\/dfb778f73814d8f09f302618446a526b\"},\"breadcrumb\":{\"@id\":\"https:\/\/www.diario21.tv\/noticias\/descubre-las-iniciativas-premiadas-por-la-fundacion-caser-para-mejorar-la-vida-de-personas-dependientes\/#breadcrumb\"},\"inLanguage\":\"es-AR\",\"potentialAction\":[{\"@type\":\"ReadAction\",\"target\":[\"https:\/\/www.diario21.tv\/noticias\/descubre-las-iniciativas-premiadas-por-la-fundacion-caser-para-mejorar-la-vida-de-personas-dependientes\/\"]}]},{\"@type\":\"ImageObject\",\"inLanguage\":\"es-AR\",\"@id\":\"https:\/\/www.diario21.tv\/noticias\/descubre-las-iniciativas-premiadas-por-la-fundacion-caser-para-mejorar-la-vida-de-personas-dependientes\/#primaryimage\",\"url\":\"https:\/\/www.diario21.tv\/noticias\/wp-content\/uploads\/2024\/11\/Descubre-las-iniciativas-premiadas-por-la-Fundacion-Caser-para-mejorar.jpg\",\"contentUrl\":\"https:\/\/www.diario21.tv\/noticias\/wp-content\/uploads\/2024\/11\/Descubre-las-iniciativas-premiadas-por-la-Fundacion-Caser-para-mejorar.jpg\",\"width\":1920,\"height\":1080,\"caption\":\"La Fundaci\u00f3n Caser reconoce iniciativas que mejoran la calidad de vida de las personas con dependencia o discapacidad\"},{\"@type\":\"BreadcrumbList\",\"@id\":\"https:\/\/www.diario21.tv\/noticias\/descubre-las-iniciativas-premiadas-por-la-fundacion-caser-para-mejorar-la-vida-de-personas-dependientes\/#breadcrumb\",\"itemListElement\":[{\"@type\":\"ListItem\",\"position\":1,\"name\":\"Accueil\",\"item\":\"https:\/\/www.diario21.tv\/noticias\/\"},{\"@type\":\"ListItem\",\"position\":2,\"name\":\"Descubre las iniciativas premiadas por la Fundaci\u00f3n Caser para mejorar la vida de personas dependientes\"}]},{\"@type\":\"WebSite\",\"@id\":\"https:\/\/www.diario21.tv\/noticias\/#website\",\"url\":\"https:\/\/www.diario21.tv\/noticias\/\",\"name\":\"Diario 21\",\"description\":\"\",\"potentialAction\":[{\"@type\":\"SearchAction\",\"target\":{\"@type\":\"EntryPoint\",\"urlTemplate\":\"https:\/\/www.diario21.tv\/noticias\/?s={search_term_string}\"},\"query-input\":{\"@type\":\"PropertyValueSpecification\",\"valueRequired\":true,\"valueName\":\"search_term_string\"}}],\"inLanguage\":\"es-AR\"},{\"@type\":\"Person\",\"@id\":\"https:\/\/www.diario21.tv\/noticias\/#\/schema\/person\/dfb778f73814d8f09f302618446a526b\",\"name\":\"Juan P\u00e9rez\",\"image\":{\"@type\":\"ImageObject\",\"inLanguage\":\"es-AR\",\"@id\":\"https:\/\/www.diario21.tv\/noticias\/#\/schema\/person\/image\/\",\"url\":\"https:\/\/secure.gravatar.com\/avatar\/c478a405bd10621167f4c3167cc770f5?s=96&d=mm&r=g\",\"contentUrl\":\"https:\/\/secure.gravatar.com\/avatar\/c478a405bd10621167f4c3167cc770f5?s=96&d=mm&r=g\",\"caption\":\"Juan P\u00e9rez\"},\"description\":\"Juan P\u00e9rez es el redactor en jefe de Diario 21. Con m\u00e1s de 10 a\u00f1os de experiencia en el periodismo, se especializa en pol\u00edtica nacional y an\u00e1lisis socioecon\u00f3mico. Su enfoque cr\u00edtico y riguroso aporta una perspectiva \u00fanica a cada art\u00edculo.\",\"sameAs\":[\"https:\/\/www.diario21.tv\/noticias\/\"],\"url\":\"https:\/\/www.diario21.tv\/noticias\/author\/juan-perez\/\"}]}<\/script>\n<!-- \/ Yoast SEO plugin. -->","yoast_head_json":{"title":"Descubre las iniciativas premiadas por la Fundaci\u00f3n Caser para mejorar la vida de personas dependientes - Diario 21","robots":{"index":"index","follow":"follow","max-snippet":"max-snippet:-1","max-image-preview":"max-image-preview:large","max-video-preview":"max-video-preview:-1"},"canonical":"https:\/\/www.diario21.tv\/noticias\/descubre-las-iniciativas-premiadas-por-la-fundacion-caser-para-mejorar-la-vida-de-personas-dependientes\/","og_locale":"es_ES","og_type":"article","og_title":"Descubre las iniciativas premiadas por la Fundaci\u00f3n Caser para mejorar la vida de personas dependientes - Diario 21","og_description":"La Fundaci\u00f3n Caser premia proyectos que destacan por su impacto positivo en la vida de individuos con discapacidades o dependencias La Fundaci\u00f3n Caser ha otorgado reconocimientos ... Seguir leyendo &rarr;","og_url":"https:\/\/www.diario21.tv\/noticias\/descubre-las-iniciativas-premiadas-por-la-fundacion-caser-para-mejorar-la-vida-de-personas-dependientes\/","og_site_name":"Diario 21","article_published_time":"2024-11-14T13:39:26+00:00","article_modified_time":"2024-11-14T13:39:28+00:00","og_image":[{"width":1920,"height":1080,"url":"https:\/\/www.diario21.tv\/noticias\/wp-content\/uploads\/2024\/11\/Descubre-las-iniciativas-premiadas-por-la-Fundacion-Caser-para-mejorar.jpg","type":"image\/jpeg"}],"author":"Juan P\u00e9rez","twitter_card":"summary_large_image","twitter_misc":{"Escrito por":"Juan P\u00e9rez","Tiempo de lectura":"2 minutos"},"schema":{"@context":"https:\/\/schema.org","@graph":[{"@type":"WebPage","@id":"https:\/\/www.diario21.tv\/noticias\/descubre-las-iniciativas-premiadas-por-la-fundacion-caser-para-mejorar-la-vida-de-personas-dependientes\/","url":"https:\/\/www.diario21.tv\/noticias\/descubre-las-iniciativas-premiadas-por-la-fundacion-caser-para-mejorar-la-vida-de-personas-dependientes\/","name":"Descubre las iniciativas premiadas por la Fundaci\u00f3n Caser para mejorar la vida de personas dependientes - Diario 21","isPartOf":{"@id":"https:\/\/www.diario21.tv\/noticias\/#website"},"primaryImageOfPage":{"@id":"https:\/\/www.diario21.tv\/noticias\/descubre-las-iniciativas-premiadas-por-la-fundacion-caser-para-mejorar-la-vida-de-personas-dependientes\/#primaryimage"},"image":{"@id":"https:\/\/www.diario21.tv\/noticias\/descubre-las-iniciativas-premiadas-por-la-fundacion-caser-para-mejorar-la-vida-de-personas-dependientes\/#primaryimage"},"thumbnailUrl":"https:\/\/www.diario21.tv\/noticias\/wp-content\/uploads\/2024\/11\/Descubre-las-iniciativas-premiadas-por-la-Fundacion-Caser-para-mejorar.jpg","datePublished":"2024-11-14T13:39:26+00:00","dateModified":"2024-11-14T13:39:28+00:00","author":{"@id":"https:\/\/www.diario21.tv\/noticias\/#\/schema\/person\/dfb778f73814d8f09f302618446a526b"},"breadcrumb":{"@id":"https:\/\/www.diario21.tv\/noticias\/descubre-las-iniciativas-premiadas-por-la-fundacion-caser-para-mejorar-la-vida-de-personas-dependientes\/#breadcrumb"},"inLanguage":"es-AR","potentialAction":[{"@type":"ReadAction","target":["https:\/\/www.diario21.tv\/noticias\/descubre-las-iniciativas-premiadas-por-la-fundacion-caser-para-mejorar-la-vida-de-personas-dependientes\/"]}]},{"@type":"ImageObject","inLanguage":"es-AR","@id":"https:\/\/www.diario21.tv\/noticias\/descubre-las-iniciativas-premiadas-por-la-fundacion-caser-para-mejorar-la-vida-de-personas-dependientes\/#primaryimage","url":"https:\/\/www.diario21.tv\/noticias\/wp-content\/uploads\/2024\/11\/Descubre-las-iniciativas-premiadas-por-la-Fundacion-Caser-para-mejorar.jpg","contentUrl":"https:\/\/www.diario21.tv\/noticias\/wp-content\/uploads\/2024\/11\/Descubre-las-iniciativas-premiadas-por-la-Fundacion-Caser-para-mejorar.jpg","width":1920,"height":1080,"caption":"La Fundaci\u00f3n Caser reconoce iniciativas que mejoran la calidad de vida de las personas con dependencia o discapacidad"},{"@type":"BreadcrumbList","@id":"https:\/\/www.diario21.tv\/noticias\/descubre-las-iniciativas-premiadas-por-la-fundacion-caser-para-mejorar-la-vida-de-personas-dependientes\/#breadcrumb","itemListElement":[{"@type":"ListItem","position":1,"name":"Accueil","item":"https:\/\/www.diario21.tv\/noticias\/"},{"@type":"ListItem","position":2,"name":"Descubre las iniciativas premiadas por la Fundaci\u00f3n Caser para mejorar la vida de personas dependientes"}]},{"@type":"WebSite","@id":"https:\/\/www.diario21.tv\/noticias\/#website","url":"https:\/\/www.diario21.tv\/noticias\/","name":"Diario 21","description":"","potentialAction":[{"@type":"SearchAction","target":{"@type":"EntryPoint","urlTemplate":"https:\/\/www.diario21.tv\/noticias\/?s={search_term_string}"},"query-input":{"@type":"PropertyValueSpecification","valueRequired":true,"valueName":"search_term_string"}}],"inLanguage":"es-AR"},{"@type":"Person","@id":"https:\/\/www.diario21.tv\/noticias\/#\/schema\/person\/dfb778f73814d8f09f302618446a526b","name":"Juan P\u00e9rez","image":{"@type":"ImageObject","inLanguage":"es-AR","@id":"https:\/\/www.diario21.tv\/noticias\/#\/schema\/person\/image\/","url":"https:\/\/secure.gravatar.com\/avatar\/c478a405bd10621167f4c3167cc770f5?s=96&d=mm&r=g","contentUrl":"https:\/\/secure.gravatar.com\/avatar\/c478a405bd10621167f4c3167cc770f5?s=96&d=mm&r=g","caption":"Juan P\u00e9rez"},"description":"Juan P\u00e9rez es el redactor en jefe de Diario 21. Con m\u00e1s de 10 a\u00f1os de experiencia en el periodismo, se especializa en pol\u00edtica nacional y an\u00e1lisis socioecon\u00f3mico. Su enfoque cr\u00edtico y riguroso aporta una perspectiva \u00fanica a cada art\u00edculo.","sameAs":["https:\/\/www.diario21.tv\/noticias\/"],"url":"https:\/\/www.diario21.tv\/noticias\/author\/juan-perez\/"}]}},"_links":{"self":[{"href":"https:\/\/www.diario21.tv\/noticias\/wp-json\/wp\/v2\/posts\/1203"}],"collection":[{"href":"https:\/\/www.diario21.tv\/noticias\/wp-json\/wp\/v2\/posts"}],"about":[{"href":"https:\/\/www.diario21.tv\/noticias\/wp-json\/wp\/v2\/types\/post"}],"author":[{"embeddable":true,"href":"https:\/\/www.diario21.tv\/noticias\/wp-json\/wp\/v2\/users\/20"}],"replies":[{"embeddable":true,"href":"https:\/\/www.diario21.tv\/noticias\/wp-json\/wp\/v2\/comments?post=1203"}],"version-history":[{"count":1,"href":"https:\/\/www.diario21.tv\/noticias\/wp-json\/wp\/v2\/posts\/1203\/revisions"}],"predecessor-version":[{"id":1205,"href":"https:\/\/www.diario21.tv\/noticias\/wp-json\/wp\/v2\/posts\/1203\/revisions\/1205"}],"wp:featuredmedia":[{"embeddable":true,"href":"https:\/\/www.diario21.tv\/noticias\/wp-json\/wp\/v2\/media\/1204"}],"wp:attachment":[{"href":"https:\/\/www.diario21.tv\/noticias\/wp-json\/wp\/v2\/media?parent=1203"}],"wp:term":[{"taxonomy":"category","embeddable":true,"href":"https:\/\/www.diario21.tv\/noticias\/wp-json\/wp\/v2\/categories?post=1203"},{"taxonomy":"post_tag","embeddable":true,"href":"https:\/\/www.diario21.tv\/noticias\/wp-json\/wp\/v2\/tags?post=1203"}],"curies":[{"name":"wp","href":"https:\/\/api.w.org\/{rel}","templated":true}]}}