{"id":1185,"date":"2024-11-13T00:14:30","date_gmt":"2024-11-13T00:14:30","guid":{"rendered":"https:\/\/www.diario21.tv\/noticias\/descubre-como-los-alumnos-espanoles-dominan-en-informatica-frente-a-sus-pares-europeos\/"},"modified":"2024-11-13T00:14:31","modified_gmt":"2024-11-13T00:14:31","slug":"descubre-como-los-alumnos-espanoles-dominan-en-informatica-frente-a-sus-pares-europeos","status":"publish","type":"post","link":"https:\/\/www.diario21.tv\/noticias\/descubre-como-los-alumnos-espanoles-dominan-en-informatica-frente-a-sus-pares-europeos\/","title":{"rendered":"\u00a1Descubre c\u00f3mo los alumnos espa\u00f1oles dominan en inform\u00e1tica frente a sus pares europeos!"},"content":{"rendered":"<h2>Habilidades Inform\u00e1ticas de Estudiantes Espa\u00f1oles Sobresalen en Europa<\/h2>\n<p>Seg\u00fan estudios recientes, los estudiantes de Espa\u00f1a muestran una mayor competencia en el manejo de computadoras en comparaci\u00f3n con sus pares en otros pa\u00edses europeos. Este descubrimiento subraya la eficacia de los programas educativos en Espa\u00f1a que integran la tecnolog\u00eda en el curr\u00edculum escolar.<\/p>\n<h3>Comparaci\u00f3n Europea en Competencias Digitales<\/h3>\n<p>Un an\u00e1lisis detallado de las capacidades digitales de los estudiantes revela que los j\u00f3venes espa\u00f1oles est\u00e1n m\u00e1s familiarizados y son m\u00e1s h\u00e1biles con las tecnolog\u00edas de la informaci\u00f3n y la comunicaci\u00f3n (TIC) que muchos de sus contempor\u00e1neos en Europa. Este estudio compar\u00f3 diversas habilidades tecnol\u00f3gicas, incluyendo el uso de software y la capacidad para resolver problemas en entornos digitales.<\/p>\n<h3>Impacto de la Educaci\u00f3n Tecnol\u00f3gica en Espa\u00f1a<\/h3>\n<p>La integraci\u00f3n de tecnolog\u00edas en las aulas de Espa\u00f1a ha sido un punto focal en los \u00faltimos a\u00f1os, con una inversi\u00f3n considerable en infraestructura tecnol\u00f3gica y formaci\u00f3n docente en TIC. Este enfoque ha permitido a los estudiantes no solo familiarizarse con el uso b\u00e1sico de las computadoras, sino tambi\u00e9n desarrollar habilidades avanzadas que son esenciales en el mercado laboral moderno.<\/p>\n<h3>Beneficios de la Competencia Digital Avanzada<\/h3>\n<p>Dominar las herramientas digitales ofrece a los estudiantes espa\u00f1oles una ventaja significativa. No solo mejora su rendimiento acad\u00e9mico, sino que tambi\u00e9n los prepara mejor para el futuro laboral, donde las habilidades digitales son cada vez m\u00e1s cruciales. Adem\u00e1s, la capacidad de manejar eficientemente las tecnolog\u00edas digitales fomenta una mejor comprensi\u00f3n y adaptaci\u00f3n a los cambios tecnol\u00f3gicos constantes.<\/p>\n<h3>Desaf\u00edos y Oportunidades<\/h3>\n<p>A pesar de estos avances positivos, a\u00fan existen desaf\u00edos que superar. La brecha digital, que refleja las diferencias en el acceso y uso de tecnolog\u00edas entre diversos grupos socioecon\u00f3micos, sigue siendo un problema. Trabajar para cerrar esta brecha es esencial para asegurar que todos los estudiantes tengan las mismas oportunidades de beneficiarse de la educaci\u00f3n digital.<\/p>\n<p>En conclusi\u00f3n, los estudiantes espa\u00f1oles est\u00e1n liderando el camino en competencias digitales en comparaci\u00f3n con sus colegas europeos, gracias a pol\u00edticas educativas progresistas y una fuerte inversi\u00f3n en tecnolog\u00eda. Sin embargo, es crucial continuar trabajando para mejorar el acceso y la calidad de la educaci\u00f3n tecnol\u00f3gica para todos los estudiantes, asegurando as\u00ed la equidad y la inclusi\u00f3n en el panorama educativo del futuro.<\/p>\n\n\n<div class=\"kk-star-ratings kksr-auto kksr-align-left kksr-valign-bottom\"\n    data-payload='{&quot;align&quot;:&quot;left&quot;,&quot;id&quot;:&quot;1185&quot;,&quot;slug&quot;:&quot;default&quot;,&quot;valign&quot;:&quot;bottom&quot;,&quot;ignore&quot;:&quot;&quot;,&quot;reference&quot;:&quot;auto&quot;,&quot;class&quot;:&quot;&quot;,&quot;count&quot;:&quot;0&quot;,&quot;legendonly&quot;:&quot;&quot;,&quot;readonly&quot;:&quot;&quot;,&quot;score&quot;:&quot;0&quot;,&quot;starsonly&quot;:&quot;&quot;,&quot;best&quot;:&quot;5&quot;,&quot;gap&quot;:&quot;5&quot;,&quot;greet&quot;:&quot;Valora este post&quot;,&quot;legend&quot;:&quot;0\\\/5 - (0 votes)&quot;,&quot;size&quot;:&quot;22&quot;,&quot;title&quot;:&quot;\u00a1Descubre c\u00f3mo los alumnos espa\u00f1oles dominan en inform\u00e1tica frente a sus pares europeos!&quot;,&quot;width&quot;:&quot;0&quot;,&quot;_legend&quot;:&quot;{score}\\\/{best} - ({count} {votes})&quot;,&quot;font_factor&quot;:&quot;1.25&quot;}'>\n            \n<div class=\"kksr-stars\">\n    \n<div class=\"kksr-stars-inactive\">\n            <div class=\"kksr-star\" data-star=\"1\" style=\"padding-right: 5px\">\n            \n\n<div class=\"kksr-icon\" style=\"width: 22px; height: 22px;\"><\/div>\n        <\/div>\n            <div class=\"kksr-star\" data-star=\"2\" style=\"padding-right: 5px\">\n            \n\n<div class=\"kksr-icon\" style=\"width: 22px; height: 22px;\"><\/div>\n        <\/div>\n            <div class=\"kksr-star\" data-star=\"3\" style=\"padding-right: 5px\">\n            \n\n<div class=\"kksr-icon\" style=\"width: 22px; height: 22px;\"><\/div>\n        <\/div>\n            <div class=\"kksr-star\" data-star=\"4\" style=\"padding-right: 5px\">\n            \n\n<div class=\"kksr-icon\" style=\"width: 22px; height: 22px;\"><\/div>\n        <\/div>\n            <div class=\"kksr-star\" data-star=\"5\" style=\"padding-right: 5px\">\n            \n\n<div class=\"kksr-icon\" style=\"width: 22px; height: 22px;\"><\/div>\n        <\/div>\n    <\/div>\n    \n<div class=\"kksr-stars-active\" style=\"width: 0px;\">\n            <div class=\"kksr-star\" style=\"padding-right: 5px\">\n            \n\n<div class=\"kksr-icon\" style=\"width: 22px; height: 22px;\"><\/div>\n        <\/div>\n            <div class=\"kksr-star\" style=\"padding-right: 5px\">\n            \n\n<div class=\"kksr-icon\" style=\"width: 22px; height: 22px;\"><\/div>\n        <\/div>\n            <div class=\"kksr-star\" style=\"padding-right: 5px\">\n            \n\n<div class=\"kksr-icon\" style=\"width: 22px; height: 22px;\"><\/div>\n        <\/div>\n            <div class=\"kksr-star\" style=\"padding-right: 5px\">\n            \n\n<div class=\"kksr-icon\" style=\"width: 22px; height: 22px;\"><\/div>\n        <\/div>\n            <div class=\"kksr-star\" style=\"padding-right: 5px\">\n            \n\n<div class=\"kksr-icon\" style=\"width: 22px; height: 22px;\"><\/div>\n        <\/div>\n    <\/div>\n<\/div>\n                \n\n<div class=\"kksr-legend\" style=\"font-size: 17.6px;\">\n            <span class=\"kksr-muted\">Valora este post<\/span>\n    <\/div>\n    <\/div>\n","protected":false},"excerpt":{"rendered":"<p>Habilidades Inform\u00e1ticas de Estudiantes Espa\u00f1oles Sobresalen en Europa Seg\u00fan estudios recientes, los estudiantes de Espa\u00f1a muestran una mayor competencia en el manejo de computadoras en comparaci\u00f3n &#8230; <a title=\"\u00a1Descubre c\u00f3mo los alumnos espa\u00f1oles dominan en inform\u00e1tica frente a sus pares europeos!\" class=\"read-more\" href=\"https:\/\/www.diario21.tv\/noticias\/descubre-como-los-alumnos-espanoles-dominan-en-informatica-frente-a-sus-pares-europeos\/\" aria-label=\"Leer m\u00e1s sobre \u00a1Descubre c\u00f3mo los alumnos espa\u00f1oles dominan en inform\u00e1tica frente a sus pares europeos!\">Seguir leyendo &rarr;<\/a><\/p>\n","protected":false},"author":20,"featured_media":1186,"comment_status":"open","ping_status":"open","sticky":false,"template":"","format":"standard","meta":{"footnotes":""},"categories":[13],"tags":[],"class_list":["post-1185","post","type-post","status-publish","format-standard","has-post-thumbnail","hentry","category-portada"],"yoast_head":"<!-- This site is optimized with the Yoast SEO plugin v25.6 - https:\/\/yoast.com\/wordpress\/plugins\/seo\/ -->\n<title>\u00a1Descubre c\u00f3mo los alumnos espa\u00f1oles dominan en inform\u00e1tica frente a sus pares europeos! - Diario 21<\/title>\n<meta name=\"robots\" content=\"index, follow, max-snippet:-1, max-image-preview:large, max-video-preview:-1\" \/>\n<link rel=\"canonical\" href=\"https:\/\/www.diario21.tv\/noticias\/descubre-como-los-alumnos-espanoles-dominan-en-informatica-frente-a-sus-pares-europeos\/\" \/>\n<meta property=\"og:locale\" content=\"es_ES\" \/>\n<meta property=\"og:type\" content=\"article\" \/>\n<meta property=\"og:title\" content=\"\u00a1Descubre c\u00f3mo los alumnos espa\u00f1oles dominan en inform\u00e1tica frente a sus pares europeos! - Diario 21\" \/>\n<meta property=\"og:description\" content=\"Habilidades Inform\u00e1ticas de Estudiantes Espa\u00f1oles Sobresalen en Europa Seg\u00fan estudios recientes, los estudiantes de Espa\u00f1a muestran una mayor competencia en el manejo de computadoras en comparaci\u00f3n ... Seguir leyendo &rarr;\" \/>\n<meta property=\"og:url\" content=\"https:\/\/www.diario21.tv\/noticias\/descubre-como-los-alumnos-espanoles-dominan-en-informatica-frente-a-sus-pares-europeos\/\" \/>\n<meta property=\"og:site_name\" content=\"Diario 21\" \/>\n<meta property=\"article:published_time\" content=\"2024-11-13T00:14:30+00:00\" \/>\n<meta property=\"article:modified_time\" content=\"2024-11-13T00:14:31+00:00\" \/>\n<meta property=\"og:image\" content=\"https:\/\/www.diario21.tv\/noticias\/wp-content\/uploads\/2024\/11\/\u00a1Descubre-como-los-alumnos-espanoles-dominan-en-informatica-frente-a.jpg\" \/>\n\t<meta property=\"og:image:width\" content=\"1920\" \/>\n\t<meta property=\"og:image:height\" content=\"1080\" \/>\n\t<meta property=\"og:image:type\" content=\"image\/jpeg\" \/>\n<meta name=\"author\" content=\"Juan P\u00e9rez\" \/>\n<meta name=\"twitter:card\" content=\"summary_large_image\" \/>\n<meta name=\"twitter:label1\" content=\"Escrito por\" \/>\n\t<meta name=\"twitter:data1\" content=\"Juan P\u00e9rez\" \/>\n\t<meta name=\"twitter:label2\" content=\"Tiempo de lectura\" \/>\n\t<meta name=\"twitter:data2\" content=\"2 minutos\" \/>\n<script type=\"application\/ld+json\" class=\"yoast-schema-graph\">{\"@context\":\"https:\/\/schema.org\",\"@graph\":[{\"@type\":\"WebPage\",\"@id\":\"https:\/\/www.diario21.tv\/noticias\/descubre-como-los-alumnos-espanoles-dominan-en-informatica-frente-a-sus-pares-europeos\/\",\"url\":\"https:\/\/www.diario21.tv\/noticias\/descubre-como-los-alumnos-espanoles-dominan-en-informatica-frente-a-sus-pares-europeos\/\",\"name\":\"\u00a1Descubre c\u00f3mo los alumnos espa\u00f1oles dominan en inform\u00e1tica frente a sus pares europeos! - Diario 21\",\"isPartOf\":{\"@id\":\"https:\/\/www.diario21.tv\/noticias\/#website\"},\"primaryImageOfPage\":{\"@id\":\"https:\/\/www.diario21.tv\/noticias\/descubre-como-los-alumnos-espanoles-dominan-en-informatica-frente-a-sus-pares-europeos\/#primaryimage\"},\"image\":{\"@id\":\"https:\/\/www.diario21.tv\/noticias\/descubre-como-los-alumnos-espanoles-dominan-en-informatica-frente-a-sus-pares-europeos\/#primaryimage\"},\"thumbnailUrl\":\"https:\/\/www.diario21.tv\/noticias\/wp-content\/uploads\/2024\/11\/\u00a1Descubre-como-los-alumnos-espanoles-dominan-en-informatica-frente-a.jpg\",\"datePublished\":\"2024-11-13T00:14:30+00:00\",\"dateModified\":\"2024-11-13T00:14:31+00:00\",\"author\":{\"@id\":\"https:\/\/www.diario21.tv\/noticias\/#\/schema\/person\/dfb778f73814d8f09f302618446a526b\"},\"breadcrumb\":{\"@id\":\"https:\/\/www.diario21.tv\/noticias\/descubre-como-los-alumnos-espanoles-dominan-en-informatica-frente-a-sus-pares-europeos\/#breadcrumb\"},\"inLanguage\":\"es-AR\",\"potentialAction\":[{\"@type\":\"ReadAction\",\"target\":[\"https:\/\/www.diario21.tv\/noticias\/descubre-como-los-alumnos-espanoles-dominan-en-informatica-frente-a-sus-pares-europeos\/\"]}]},{\"@type\":\"ImageObject\",\"inLanguage\":\"es-AR\",\"@id\":\"https:\/\/www.diario21.tv\/noticias\/descubre-como-los-alumnos-espanoles-dominan-en-informatica-frente-a-sus-pares-europeos\/#primaryimage\",\"url\":\"https:\/\/www.diario21.tv\/noticias\/wp-content\/uploads\/2024\/11\/\u00a1Descubre-como-los-alumnos-espanoles-dominan-en-informatica-frente-a.jpg\",\"contentUrl\":\"https:\/\/www.diario21.tv\/noticias\/wp-content\/uploads\/2024\/11\/\u00a1Descubre-como-los-alumnos-espanoles-dominan-en-informatica-frente-a.jpg\",\"width\":1920,\"height\":1080,\"caption\":\"Los alumnos espa\u00f1oles manejan mejor los ordenadores que sus compa\u00f1eros europeos\"},{\"@type\":\"BreadcrumbList\",\"@id\":\"https:\/\/www.diario21.tv\/noticias\/descubre-como-los-alumnos-espanoles-dominan-en-informatica-frente-a-sus-pares-europeos\/#breadcrumb\",\"itemListElement\":[{\"@type\":\"ListItem\",\"position\":1,\"name\":\"Accueil\",\"item\":\"https:\/\/www.diario21.tv\/noticias\/\"},{\"@type\":\"ListItem\",\"position\":2,\"name\":\"\u00a1Descubre c\u00f3mo los alumnos espa\u00f1oles dominan en inform\u00e1tica frente a sus pares europeos!\"}]},{\"@type\":\"WebSite\",\"@id\":\"https:\/\/www.diario21.tv\/noticias\/#website\",\"url\":\"https:\/\/www.diario21.tv\/noticias\/\",\"name\":\"Diario 21\",\"description\":\"\",\"potentialAction\":[{\"@type\":\"SearchAction\",\"target\":{\"@type\":\"EntryPoint\",\"urlTemplate\":\"https:\/\/www.diario21.tv\/noticias\/?s={search_term_string}\"},\"query-input\":{\"@type\":\"PropertyValueSpecification\",\"valueRequired\":true,\"valueName\":\"search_term_string\"}}],\"inLanguage\":\"es-AR\"},{\"@type\":\"Person\",\"@id\":\"https:\/\/www.diario21.tv\/noticias\/#\/schema\/person\/dfb778f73814d8f09f302618446a526b\",\"name\":\"Juan P\u00e9rez\",\"image\":{\"@type\":\"ImageObject\",\"inLanguage\":\"es-AR\",\"@id\":\"https:\/\/www.diario21.tv\/noticias\/#\/schema\/person\/image\/\",\"url\":\"https:\/\/secure.gravatar.com\/avatar\/c478a405bd10621167f4c3167cc770f5?s=96&d=mm&r=g\",\"contentUrl\":\"https:\/\/secure.gravatar.com\/avatar\/c478a405bd10621167f4c3167cc770f5?s=96&d=mm&r=g\",\"caption\":\"Juan P\u00e9rez\"},\"description\":\"Juan P\u00e9rez es el redactor en jefe de Diario 21. Con m\u00e1s de 10 a\u00f1os de experiencia en el periodismo, se especializa en pol\u00edtica nacional y an\u00e1lisis socioecon\u00f3mico. Su enfoque cr\u00edtico y riguroso aporta una perspectiva \u00fanica a cada art\u00edculo.\",\"sameAs\":[\"https:\/\/www.diario21.tv\/noticias\/\"],\"url\":\"https:\/\/www.diario21.tv\/noticias\/author\/juan-perez\/\"}]}<\/script>\n<!-- \/ Yoast SEO plugin. -->","yoast_head_json":{"title":"\u00a1Descubre c\u00f3mo los alumnos espa\u00f1oles dominan en inform\u00e1tica frente a sus pares europeos! - Diario 21","robots":{"index":"index","follow":"follow","max-snippet":"max-snippet:-1","max-image-preview":"max-image-preview:large","max-video-preview":"max-video-preview:-1"},"canonical":"https:\/\/www.diario21.tv\/noticias\/descubre-como-los-alumnos-espanoles-dominan-en-informatica-frente-a-sus-pares-europeos\/","og_locale":"es_ES","og_type":"article","og_title":"\u00a1Descubre c\u00f3mo los alumnos espa\u00f1oles dominan en inform\u00e1tica frente a sus pares europeos! - Diario 21","og_description":"Habilidades Inform\u00e1ticas de Estudiantes Espa\u00f1oles Sobresalen en Europa Seg\u00fan estudios recientes, los estudiantes de Espa\u00f1a muestran una mayor competencia en el manejo de computadoras en comparaci\u00f3n ... Seguir leyendo &rarr;","og_url":"https:\/\/www.diario21.tv\/noticias\/descubre-como-los-alumnos-espanoles-dominan-en-informatica-frente-a-sus-pares-europeos\/","og_site_name":"Diario 21","article_published_time":"2024-11-13T00:14:30+00:00","article_modified_time":"2024-11-13T00:14:31+00:00","og_image":[{"width":1920,"height":1080,"url":"https:\/\/www.diario21.tv\/noticias\/wp-content\/uploads\/2024\/11\/\u00a1Descubre-como-los-alumnos-espanoles-dominan-en-informatica-frente-a.jpg","type":"image\/jpeg"}],"author":"Juan P\u00e9rez","twitter_card":"summary_large_image","twitter_misc":{"Escrito por":"Juan P\u00e9rez","Tiempo de lectura":"2 minutos"},"schema":{"@context":"https:\/\/schema.org","@graph":[{"@type":"WebPage","@id":"https:\/\/www.diario21.tv\/noticias\/descubre-como-los-alumnos-espanoles-dominan-en-informatica-frente-a-sus-pares-europeos\/","url":"https:\/\/www.diario21.tv\/noticias\/descubre-como-los-alumnos-espanoles-dominan-en-informatica-frente-a-sus-pares-europeos\/","name":"\u00a1Descubre c\u00f3mo los alumnos espa\u00f1oles dominan en inform\u00e1tica frente a sus pares europeos! - Diario 21","isPartOf":{"@id":"https:\/\/www.diario21.tv\/noticias\/#website"},"primaryImageOfPage":{"@id":"https:\/\/www.diario21.tv\/noticias\/descubre-como-los-alumnos-espanoles-dominan-en-informatica-frente-a-sus-pares-europeos\/#primaryimage"},"image":{"@id":"https:\/\/www.diario21.tv\/noticias\/descubre-como-los-alumnos-espanoles-dominan-en-informatica-frente-a-sus-pares-europeos\/#primaryimage"},"thumbnailUrl":"https:\/\/www.diario21.tv\/noticias\/wp-content\/uploads\/2024\/11\/\u00a1Descubre-como-los-alumnos-espanoles-dominan-en-informatica-frente-a.jpg","datePublished":"2024-11-13T00:14:30+00:00","dateModified":"2024-11-13T00:14:31+00:00","author":{"@id":"https:\/\/www.diario21.tv\/noticias\/#\/schema\/person\/dfb778f73814d8f09f302618446a526b"},"breadcrumb":{"@id":"https:\/\/www.diario21.tv\/noticias\/descubre-como-los-alumnos-espanoles-dominan-en-informatica-frente-a-sus-pares-europeos\/#breadcrumb"},"inLanguage":"es-AR","potentialAction":[{"@type":"ReadAction","target":["https:\/\/www.diario21.tv\/noticias\/descubre-como-los-alumnos-espanoles-dominan-en-informatica-frente-a-sus-pares-europeos\/"]}]},{"@type":"ImageObject","inLanguage":"es-AR","@id":"https:\/\/www.diario21.tv\/noticias\/descubre-como-los-alumnos-espanoles-dominan-en-informatica-frente-a-sus-pares-europeos\/#primaryimage","url":"https:\/\/www.diario21.tv\/noticias\/wp-content\/uploads\/2024\/11\/\u00a1Descubre-como-los-alumnos-espanoles-dominan-en-informatica-frente-a.jpg","contentUrl":"https:\/\/www.diario21.tv\/noticias\/wp-content\/uploads\/2024\/11\/\u00a1Descubre-como-los-alumnos-espanoles-dominan-en-informatica-frente-a.jpg","width":1920,"height":1080,"caption":"Los alumnos espa\u00f1oles manejan mejor los ordenadores que sus compa\u00f1eros europeos"},{"@type":"BreadcrumbList","@id":"https:\/\/www.diario21.tv\/noticias\/descubre-como-los-alumnos-espanoles-dominan-en-informatica-frente-a-sus-pares-europeos\/#breadcrumb","itemListElement":[{"@type":"ListItem","position":1,"name":"Accueil","item":"https:\/\/www.diario21.tv\/noticias\/"},{"@type":"ListItem","position":2,"name":"\u00a1Descubre c\u00f3mo los alumnos espa\u00f1oles dominan en inform\u00e1tica frente a sus pares europeos!"}]},{"@type":"WebSite","@id":"https:\/\/www.diario21.tv\/noticias\/#website","url":"https:\/\/www.diario21.tv\/noticias\/","name":"Diario 21","description":"","potentialAction":[{"@type":"SearchAction","target":{"@type":"EntryPoint","urlTemplate":"https:\/\/www.diario21.tv\/noticias\/?s={search_term_string}"},"query-input":{"@type":"PropertyValueSpecification","valueRequired":true,"valueName":"search_term_string"}}],"inLanguage":"es-AR"},{"@type":"Person","@id":"https:\/\/www.diario21.tv\/noticias\/#\/schema\/person\/dfb778f73814d8f09f302618446a526b","name":"Juan P\u00e9rez","image":{"@type":"ImageObject","inLanguage":"es-AR","@id":"https:\/\/www.diario21.tv\/noticias\/#\/schema\/person\/image\/","url":"https:\/\/secure.gravatar.com\/avatar\/c478a405bd10621167f4c3167cc770f5?s=96&d=mm&r=g","contentUrl":"https:\/\/secure.gravatar.com\/avatar\/c478a405bd10621167f4c3167cc770f5?s=96&d=mm&r=g","caption":"Juan P\u00e9rez"},"description":"Juan P\u00e9rez es el redactor en jefe de Diario 21. Con m\u00e1s de 10 a\u00f1os de experiencia en el periodismo, se especializa en pol\u00edtica nacional y an\u00e1lisis socioecon\u00f3mico. Su enfoque cr\u00edtico y riguroso aporta una perspectiva \u00fanica a cada art\u00edculo.","sameAs":["https:\/\/www.diario21.tv\/noticias\/"],"url":"https:\/\/www.diario21.tv\/noticias\/author\/juan-perez\/"}]}},"_links":{"self":[{"href":"https:\/\/www.diario21.tv\/noticias\/wp-json\/wp\/v2\/posts\/1185"}],"collection":[{"href":"https:\/\/www.diario21.tv\/noticias\/wp-json\/wp\/v2\/posts"}],"about":[{"href":"https:\/\/www.diario21.tv\/noticias\/wp-json\/wp\/v2\/types\/post"}],"author":[{"embeddable":true,"href":"https:\/\/www.diario21.tv\/noticias\/wp-json\/wp\/v2\/users\/20"}],"replies":[{"embeddable":true,"href":"https:\/\/www.diario21.tv\/noticias\/wp-json\/wp\/v2\/comments?post=1185"}],"version-history":[{"count":1,"href":"https:\/\/www.diario21.tv\/noticias\/wp-json\/wp\/v2\/posts\/1185\/revisions"}],"predecessor-version":[{"id":1187,"href":"https:\/\/www.diario21.tv\/noticias\/wp-json\/wp\/v2\/posts\/1185\/revisions\/1187"}],"wp:featuredmedia":[{"embeddable":true,"href":"https:\/\/www.diario21.tv\/noticias\/wp-json\/wp\/v2\/media\/1186"}],"wp:attachment":[{"href":"https:\/\/www.diario21.tv\/noticias\/wp-json\/wp\/v2\/media?parent=1185"}],"wp:term":[{"taxonomy":"category","embeddable":true,"href":"https:\/\/www.diario21.tv\/noticias\/wp-json\/wp\/v2\/categories?post=1185"},{"taxonomy":"post_tag","embeddable":true,"href":"https:\/\/www.diario21.tv\/noticias\/wp-json\/wp\/v2\/tags?post=1185"}],"curies":[{"name":"wp","href":"https:\/\/api.w.org\/{rel}","templated":true}]}}