{"id":1182,"date":"2024-11-12T12:07:50","date_gmt":"2024-11-12T12:07:50","guid":{"rendered":"https:\/\/www.diario21.tv\/noticias\/increible-el-caliz-de-paiporta-intacto-tras-hallarlo-bajo-dos-metros-de-barro\/"},"modified":"2024-11-12T12:07:51","modified_gmt":"2024-11-12T12:07:51","slug":"increible-el-caliz-de-paiporta-intacto-tras-hallarlo-bajo-dos-metros-de-barro","status":"publish","type":"post","link":"https:\/\/www.diario21.tv\/noticias\/increible-el-caliz-de-paiporta-intacto-tras-hallarlo-bajo-dos-metros-de-barro\/","title":{"rendered":"\u00a1Incre\u00edble! El c\u00e1liz de Paiporta intacto tras hallarlo bajo dos metros de barro"},"content":{"rendered":"<h2>El Asombroso Fen\u00f3meno del C\u00e1liz de Paiporta: Dos Metros de Lodo en la Sacrist\u00eda y el Mantel de la Copa Impecable<\/h2>\n<p>En un evento que muchos han considerado milagroso, el c\u00e1liz utilizado en la iglesia de Paiporta ha sobrevivido a circunstancias extremadamente adversas sin sufrir da\u00f1o alguno. A pesar de que la sacrist\u00eda donde se guarda este valioso objeto religioso se vio inundada por dos metros de barro, el pa\u00f1o que cubre la copa se mantuvo inexplicablemente libre de cualquier mancha.<\/p>\n<h3>La Inundaci\u00f3n y el Descubrimiento<\/h3>\n<p>\nTodo comenz\u00f3 cuando un desafortunado evento meteorol\u00f3gico azot\u00f3 la regi\u00f3n, causando inundaciones significativas en varias \u00e1reas, incluyendo la iglesia. Las aguas invadieron la sacrist\u00eda, depositando una gruesa capa de barro que alcanz\u00f3 hasta dos metros de altura. Los da\u00f1os parec\u00edan irreparables y la comunidad tem\u00eda por la integridad de muchos de sus bienes m\u00e1s preciados, incluido el c\u00e1liz sagrado.<\/p>\n<p>Sin embargo, cuando el agua se retir\u00f3 y comenzaron las labores de limpieza, los encargados de la iglesia hicieron un hallazgo asombroso. A pesar de la capa de lodo que cubr\u00eda casi todo en la sacrist\u00eda, el pa\u00f1o que proteg\u00eda el c\u00e1liz no mostraba se\u00f1al alguna de haber sido tocado por el barro.<\/p>\n<h3>Reacciones y Especulaciones<\/h3>\n<p>\nEste sorprendente descubrimiento ha generado gran conmoci\u00f3n y alegr\u00eda entre los fieles y la comunidad en general. Muchos lo consideran un signo de protecci\u00f3n divina, un verdadero milagro que refuerza su fe y esperanza en tiempos dif\u00edciles. Expertos y curiosos han visitado la iglesia para ver por s\u00ed mismos el c\u00e1liz y su pa\u00f1o intacto, convirtiendo el lugar en un punto de inter\u00e9s a\u00fan mayor para la comunidad y visitantes de otras partes.<\/p>\n<p>Mientras algunos buscan explicaciones m\u00e1s cient\u00edficas o racionales, la mayor\u00eda prefiere aferrarse a la interpretaci\u00f3n de que fue una intervenci\u00f3n milagrosa la que mantuvo el c\u00e1liz y su pa\u00f1o a salvo del desastre natural. El debate sobre c\u00f3mo ocurri\u00f3 exactamente este fen\u00f3meno sigue abierto, alimentando tanto la fe como la curiosidad de quienes escuchan sobre este evento.<\/p>\n<h3>Implicaciones para la Comunidad<\/h3>\n<p>\nM\u00e1s all\u00e1 del asombro y las especulaciones, este evento ha tenido un impacto profundo en la comunidad de Paiporta. Ha servido como un catalizador para la uni\u00f3n y el fortalecimiento de la fe entre los habitantes, quienes han visto en este suceso un motivo para mantenerse positivos y esperanzados. Adem\u00e1s, ha atra\u00eddo la atenci\u00f3n de personas de otras \u00e1reas, aumentando el inter\u00e9s por las tradiciones y la cultura local.<\/p>\n<p>El fen\u00f3meno del c\u00e1liz de Paiporta no solo ha dejado una marca en la historia reciente de la ciudad, sino que tambi\u00e9n ha reforzado la importancia de la conservaci\u00f3n y el respeto por los objetos de significado religioso y cultural. Este evento, entre la devastaci\u00f3n y la revelaci\u00f3n, sigue siendo un poderoso recordatorio de la misteriosa interacci\u00f3n entre la naturaleza, la fe y la humanidad.<\/p>\n\n\n<div class=\"kk-star-ratings kksr-auto kksr-align-left kksr-valign-bottom\"\n    data-payload='{&quot;align&quot;:&quot;left&quot;,&quot;id&quot;:&quot;1182&quot;,&quot;slug&quot;:&quot;default&quot;,&quot;valign&quot;:&quot;bottom&quot;,&quot;ignore&quot;:&quot;&quot;,&quot;reference&quot;:&quot;auto&quot;,&quot;class&quot;:&quot;&quot;,&quot;count&quot;:&quot;0&quot;,&quot;legendonly&quot;:&quot;&quot;,&quot;readonly&quot;:&quot;&quot;,&quot;score&quot;:&quot;0&quot;,&quot;starsonly&quot;:&quot;&quot;,&quot;best&quot;:&quot;5&quot;,&quot;gap&quot;:&quot;5&quot;,&quot;greet&quot;:&quot;Valora este post&quot;,&quot;legend&quot;:&quot;0\\\/5 - (0 votes)&quot;,&quot;size&quot;:&quot;22&quot;,&quot;title&quot;:&quot;\u00a1Incre\u00edble! El c\u00e1liz de Paiporta intacto tras hallarlo bajo dos metros de barro&quot;,&quot;width&quot;:&quot;0&quot;,&quot;_legend&quot;:&quot;{score}\\\/{best} - ({count} {votes})&quot;,&quot;font_factor&quot;:&quot;1.25&quot;}'>\n            \n<div class=\"kksr-stars\">\n    \n<div class=\"kksr-stars-inactive\">\n            <div class=\"kksr-star\" data-star=\"1\" style=\"padding-right: 5px\">\n            \n\n<div class=\"kksr-icon\" style=\"width: 22px; height: 22px;\"><\/div>\n        <\/div>\n            <div class=\"kksr-star\" data-star=\"2\" style=\"padding-right: 5px\">\n            \n\n<div class=\"kksr-icon\" style=\"width: 22px; height: 22px;\"><\/div>\n        <\/div>\n            <div class=\"kksr-star\" data-star=\"3\" style=\"padding-right: 5px\">\n            \n\n<div class=\"kksr-icon\" style=\"width: 22px; height: 22px;\"><\/div>\n        <\/div>\n            <div class=\"kksr-star\" data-star=\"4\" style=\"padding-right: 5px\">\n            \n\n<div class=\"kksr-icon\" style=\"width: 22px; height: 22px;\"><\/div>\n        <\/div>\n            <div class=\"kksr-star\" data-star=\"5\" style=\"padding-right: 5px\">\n            \n\n<div class=\"kksr-icon\" style=\"width: 22px; height: 22px;\"><\/div>\n        <\/div>\n    <\/div>\n    \n<div class=\"kksr-stars-active\" style=\"width: 0px;\">\n            <div class=\"kksr-star\" style=\"padding-right: 5px\">\n            \n\n<div class=\"kksr-icon\" style=\"width: 22px; height: 22px;\"><\/div>\n        <\/div>\n            <div class=\"kksr-star\" style=\"padding-right: 5px\">\n            \n\n<div class=\"kksr-icon\" style=\"width: 22px; height: 22px;\"><\/div>\n        <\/div>\n            <div class=\"kksr-star\" style=\"padding-right: 5px\">\n            \n\n<div class=\"kksr-icon\" style=\"width: 22px; height: 22px;\"><\/div>\n        <\/div>\n            <div class=\"kksr-star\" style=\"padding-right: 5px\">\n            \n\n<div class=\"kksr-icon\" style=\"width: 22px; height: 22px;\"><\/div>\n        <\/div>\n            <div class=\"kksr-star\" style=\"padding-right: 5px\">\n            \n\n<div class=\"kksr-icon\" style=\"width: 22px; height: 22px;\"><\/div>\n        <\/div>\n    <\/div>\n<\/div>\n                \n\n<div class=\"kksr-legend\" style=\"font-size: 17.6px;\">\n            <span class=\"kksr-muted\">Valora este post<\/span>\n    <\/div>\n    <\/div>\n","protected":false},"excerpt":{"rendered":"<p>El Asombroso Fen\u00f3meno del C\u00e1liz de Paiporta: Dos Metros de Lodo en la Sacrist\u00eda y el Mantel de la Copa Impecable En un evento que muchos &#8230; <a title=\"\u00a1Incre\u00edble! El c\u00e1liz de Paiporta intacto tras hallarlo bajo dos metros de barro\" class=\"read-more\" href=\"https:\/\/www.diario21.tv\/noticias\/increible-el-caliz-de-paiporta-intacto-tras-hallarlo-bajo-dos-metros-de-barro\/\" aria-label=\"Leer m\u00e1s sobre \u00a1Incre\u00edble! El c\u00e1liz de Paiporta intacto tras hallarlo bajo dos metros de barro\">Seguir leyendo &rarr;<\/a><\/p>\n","protected":false},"author":20,"featured_media":1183,"comment_status":"open","ping_status":"open","sticky":false,"template":"","format":"standard","meta":{"footnotes":""},"categories":[13],"tags":[],"class_list":["post-1182","post","type-post","status-publish","format-standard","has-post-thumbnail","hentry","category-portada"],"yoast_head":"<!-- This site is optimized with the Yoast SEO plugin v25.6 - https:\/\/yoast.com\/wordpress\/plugins\/seo\/ -->\n<title>\u00a1Incre\u00edble! El c\u00e1liz de Paiporta intacto tras hallarlo bajo dos metros de barro - Diario 21<\/title>\n<meta name=\"robots\" content=\"index, follow, max-snippet:-1, max-image-preview:large, max-video-preview:-1\" \/>\n<link rel=\"canonical\" href=\"https:\/\/www.diario21.tv\/noticias\/increible-el-caliz-de-paiporta-intacto-tras-hallarlo-bajo-dos-metros-de-barro\/\" \/>\n<meta property=\"og:locale\" content=\"es_ES\" \/>\n<meta property=\"og:type\" content=\"article\" \/>\n<meta property=\"og:title\" content=\"\u00a1Incre\u00edble! El c\u00e1liz de Paiporta intacto tras hallarlo bajo dos metros de barro - Diario 21\" \/>\n<meta property=\"og:description\" content=\"El Asombroso Fen\u00f3meno del C\u00e1liz de Paiporta: Dos Metros de Lodo en la Sacrist\u00eda y el Mantel de la Copa Impecable En un evento que muchos ... Seguir leyendo &rarr;\" \/>\n<meta property=\"og:url\" content=\"https:\/\/www.diario21.tv\/noticias\/increible-el-caliz-de-paiporta-intacto-tras-hallarlo-bajo-dos-metros-de-barro\/\" \/>\n<meta property=\"og:site_name\" content=\"Diario 21\" \/>\n<meta property=\"article:published_time\" content=\"2024-11-12T12:07:50+00:00\" \/>\n<meta property=\"article:modified_time\" content=\"2024-11-12T12:07:51+00:00\" \/>\n<meta property=\"og:image\" content=\"https:\/\/www.diario21.tv\/noticias\/wp-content\/uploads\/2024\/11\/\u00a1Increible-El-caliz-de-Paiporta-intacto-tras-hallarlo-bajo-dos.jpg\" \/>\n\t<meta property=\"og:image:width\" content=\"1920\" \/>\n\t<meta property=\"og:image:height\" content=\"1080\" \/>\n\t<meta property=\"og:image:type\" content=\"image\/jpeg\" \/>\n<meta name=\"author\" content=\"Juan P\u00e9rez\" \/>\n<meta name=\"twitter:card\" content=\"summary_large_image\" \/>\n<meta name=\"twitter:label1\" content=\"Escrito por\" \/>\n\t<meta name=\"twitter:data1\" content=\"Juan P\u00e9rez\" \/>\n\t<meta name=\"twitter:label2\" content=\"Tiempo de lectura\" \/>\n\t<meta name=\"twitter:data2\" content=\"3 minutos\" \/>\n<script type=\"application\/ld+json\" class=\"yoast-schema-graph\">{\"@context\":\"https:\/\/schema.org\",\"@graph\":[{\"@type\":\"WebPage\",\"@id\":\"https:\/\/www.diario21.tv\/noticias\/increible-el-caliz-de-paiporta-intacto-tras-hallarlo-bajo-dos-metros-de-barro\/\",\"url\":\"https:\/\/www.diario21.tv\/noticias\/increible-el-caliz-de-paiporta-intacto-tras-hallarlo-bajo-dos-metros-de-barro\/\",\"name\":\"\u00a1Incre\u00edble! El c\u00e1liz de Paiporta intacto tras hallarlo bajo dos metros de barro - Diario 21\",\"isPartOf\":{\"@id\":\"https:\/\/www.diario21.tv\/noticias\/#website\"},\"primaryImageOfPage\":{\"@id\":\"https:\/\/www.diario21.tv\/noticias\/increible-el-caliz-de-paiporta-intacto-tras-hallarlo-bajo-dos-metros-de-barro\/#primaryimage\"},\"image\":{\"@id\":\"https:\/\/www.diario21.tv\/noticias\/increible-el-caliz-de-paiporta-intacto-tras-hallarlo-bajo-dos-metros-de-barro\/#primaryimage\"},\"thumbnailUrl\":\"https:\/\/www.diario21.tv\/noticias\/wp-content\/uploads\/2024\/11\/\u00a1Increible-El-caliz-de-Paiporta-intacto-tras-hallarlo-bajo-dos.jpg\",\"datePublished\":\"2024-11-12T12:07:50+00:00\",\"dateModified\":\"2024-11-12T12:07:51+00:00\",\"author\":{\"@id\":\"https:\/\/www.diario21.tv\/noticias\/#\/schema\/person\/dfb778f73814d8f09f302618446a526b\"},\"breadcrumb\":{\"@id\":\"https:\/\/www.diario21.tv\/noticias\/increible-el-caliz-de-paiporta-intacto-tras-hallarlo-bajo-dos-metros-de-barro\/#breadcrumb\"},\"inLanguage\":\"es-AR\",\"potentialAction\":[{\"@type\":\"ReadAction\",\"target\":[\"https:\/\/www.diario21.tv\/noticias\/increible-el-caliz-de-paiporta-intacto-tras-hallarlo-bajo-dos-metros-de-barro\/\"]}]},{\"@type\":\"ImageObject\",\"inLanguage\":\"es-AR\",\"@id\":\"https:\/\/www.diario21.tv\/noticias\/increible-el-caliz-de-paiporta-intacto-tras-hallarlo-bajo-dos-metros-de-barro\/#primaryimage\",\"url\":\"https:\/\/www.diario21.tv\/noticias\/wp-content\/uploads\/2024\/11\/\u00a1Increible-El-caliz-de-Paiporta-intacto-tras-hallarlo-bajo-dos.jpg\",\"contentUrl\":\"https:\/\/www.diario21.tv\/noticias\/wp-content\/uploads\/2024\/11\/\u00a1Increible-El-caliz-de-Paiporta-intacto-tras-hallarlo-bajo-dos.jpg\",\"width\":1920,\"height\":1080,\"caption\":\"El milagro del c\u00e1liz de Paiporta: dos metros de barro en la sacrist\u00eda y el pa\u00f1o que cubre la copa \u00absin una sola mancha\u00bb\"},{\"@type\":\"BreadcrumbList\",\"@id\":\"https:\/\/www.diario21.tv\/noticias\/increible-el-caliz-de-paiporta-intacto-tras-hallarlo-bajo-dos-metros-de-barro\/#breadcrumb\",\"itemListElement\":[{\"@type\":\"ListItem\",\"position\":1,\"name\":\"Accueil\",\"item\":\"https:\/\/www.diario21.tv\/noticias\/\"},{\"@type\":\"ListItem\",\"position\":2,\"name\":\"\u00a1Incre\u00edble! El c\u00e1liz de Paiporta intacto tras hallarlo bajo dos metros de barro\"}]},{\"@type\":\"WebSite\",\"@id\":\"https:\/\/www.diario21.tv\/noticias\/#website\",\"url\":\"https:\/\/www.diario21.tv\/noticias\/\",\"name\":\"Diario 21\",\"description\":\"\",\"potentialAction\":[{\"@type\":\"SearchAction\",\"target\":{\"@type\":\"EntryPoint\",\"urlTemplate\":\"https:\/\/www.diario21.tv\/noticias\/?s={search_term_string}\"},\"query-input\":{\"@type\":\"PropertyValueSpecification\",\"valueRequired\":true,\"valueName\":\"search_term_string\"}}],\"inLanguage\":\"es-AR\"},{\"@type\":\"Person\",\"@id\":\"https:\/\/www.diario21.tv\/noticias\/#\/schema\/person\/dfb778f73814d8f09f302618446a526b\",\"name\":\"Juan P\u00e9rez\",\"image\":{\"@type\":\"ImageObject\",\"inLanguage\":\"es-AR\",\"@id\":\"https:\/\/www.diario21.tv\/noticias\/#\/schema\/person\/image\/\",\"url\":\"https:\/\/secure.gravatar.com\/avatar\/c478a405bd10621167f4c3167cc770f5?s=96&d=mm&r=g\",\"contentUrl\":\"https:\/\/secure.gravatar.com\/avatar\/c478a405bd10621167f4c3167cc770f5?s=96&d=mm&r=g\",\"caption\":\"Juan P\u00e9rez\"},\"description\":\"Juan P\u00e9rez es el redactor en jefe de Diario 21. Con m\u00e1s de 10 a\u00f1os de experiencia en el periodismo, se especializa en pol\u00edtica nacional y an\u00e1lisis socioecon\u00f3mico. Su enfoque cr\u00edtico y riguroso aporta una perspectiva \u00fanica a cada art\u00edculo.\",\"sameAs\":[\"https:\/\/www.diario21.tv\/noticias\/\"],\"url\":\"https:\/\/www.diario21.tv\/noticias\/author\/juan-perez\/\"}]}<\/script>\n<!-- \/ Yoast SEO plugin. -->","yoast_head_json":{"title":"\u00a1Incre\u00edble! El c\u00e1liz de Paiporta intacto tras hallarlo bajo dos metros de barro - Diario 21","robots":{"index":"index","follow":"follow","max-snippet":"max-snippet:-1","max-image-preview":"max-image-preview:large","max-video-preview":"max-video-preview:-1"},"canonical":"https:\/\/www.diario21.tv\/noticias\/increible-el-caliz-de-paiporta-intacto-tras-hallarlo-bajo-dos-metros-de-barro\/","og_locale":"es_ES","og_type":"article","og_title":"\u00a1Incre\u00edble! El c\u00e1liz de Paiporta intacto tras hallarlo bajo dos metros de barro - Diario 21","og_description":"El Asombroso Fen\u00f3meno del C\u00e1liz de Paiporta: Dos Metros de Lodo en la Sacrist\u00eda y el Mantel de la Copa Impecable En un evento que muchos ... Seguir leyendo &rarr;","og_url":"https:\/\/www.diario21.tv\/noticias\/increible-el-caliz-de-paiporta-intacto-tras-hallarlo-bajo-dos-metros-de-barro\/","og_site_name":"Diario 21","article_published_time":"2024-11-12T12:07:50+00:00","article_modified_time":"2024-11-12T12:07:51+00:00","og_image":[{"width":1920,"height":1080,"url":"https:\/\/www.diario21.tv\/noticias\/wp-content\/uploads\/2024\/11\/\u00a1Increible-El-caliz-de-Paiporta-intacto-tras-hallarlo-bajo-dos.jpg","type":"image\/jpeg"}],"author":"Juan P\u00e9rez","twitter_card":"summary_large_image","twitter_misc":{"Escrito por":"Juan P\u00e9rez","Tiempo de lectura":"3 minutos"},"schema":{"@context":"https:\/\/schema.org","@graph":[{"@type":"WebPage","@id":"https:\/\/www.diario21.tv\/noticias\/increible-el-caliz-de-paiporta-intacto-tras-hallarlo-bajo-dos-metros-de-barro\/","url":"https:\/\/www.diario21.tv\/noticias\/increible-el-caliz-de-paiporta-intacto-tras-hallarlo-bajo-dos-metros-de-barro\/","name":"\u00a1Incre\u00edble! El c\u00e1liz de Paiporta intacto tras hallarlo bajo dos metros de barro - Diario 21","isPartOf":{"@id":"https:\/\/www.diario21.tv\/noticias\/#website"},"primaryImageOfPage":{"@id":"https:\/\/www.diario21.tv\/noticias\/increible-el-caliz-de-paiporta-intacto-tras-hallarlo-bajo-dos-metros-de-barro\/#primaryimage"},"image":{"@id":"https:\/\/www.diario21.tv\/noticias\/increible-el-caliz-de-paiporta-intacto-tras-hallarlo-bajo-dos-metros-de-barro\/#primaryimage"},"thumbnailUrl":"https:\/\/www.diario21.tv\/noticias\/wp-content\/uploads\/2024\/11\/\u00a1Increible-El-caliz-de-Paiporta-intacto-tras-hallarlo-bajo-dos.jpg","datePublished":"2024-11-12T12:07:50+00:00","dateModified":"2024-11-12T12:07:51+00:00","author":{"@id":"https:\/\/www.diario21.tv\/noticias\/#\/schema\/person\/dfb778f73814d8f09f302618446a526b"},"breadcrumb":{"@id":"https:\/\/www.diario21.tv\/noticias\/increible-el-caliz-de-paiporta-intacto-tras-hallarlo-bajo-dos-metros-de-barro\/#breadcrumb"},"inLanguage":"es-AR","potentialAction":[{"@type":"ReadAction","target":["https:\/\/www.diario21.tv\/noticias\/increible-el-caliz-de-paiporta-intacto-tras-hallarlo-bajo-dos-metros-de-barro\/"]}]},{"@type":"ImageObject","inLanguage":"es-AR","@id":"https:\/\/www.diario21.tv\/noticias\/increible-el-caliz-de-paiporta-intacto-tras-hallarlo-bajo-dos-metros-de-barro\/#primaryimage","url":"https:\/\/www.diario21.tv\/noticias\/wp-content\/uploads\/2024\/11\/\u00a1Increible-El-caliz-de-Paiporta-intacto-tras-hallarlo-bajo-dos.jpg","contentUrl":"https:\/\/www.diario21.tv\/noticias\/wp-content\/uploads\/2024\/11\/\u00a1Increible-El-caliz-de-Paiporta-intacto-tras-hallarlo-bajo-dos.jpg","width":1920,"height":1080,"caption":"El milagro del c\u00e1liz de Paiporta: dos metros de barro en la sacrist\u00eda y el pa\u00f1o que cubre la copa \u00absin una sola mancha\u00bb"},{"@type":"BreadcrumbList","@id":"https:\/\/www.diario21.tv\/noticias\/increible-el-caliz-de-paiporta-intacto-tras-hallarlo-bajo-dos-metros-de-barro\/#breadcrumb","itemListElement":[{"@type":"ListItem","position":1,"name":"Accueil","item":"https:\/\/www.diario21.tv\/noticias\/"},{"@type":"ListItem","position":2,"name":"\u00a1Incre\u00edble! El c\u00e1liz de Paiporta intacto tras hallarlo bajo dos metros de barro"}]},{"@type":"WebSite","@id":"https:\/\/www.diario21.tv\/noticias\/#website","url":"https:\/\/www.diario21.tv\/noticias\/","name":"Diario 21","description":"","potentialAction":[{"@type":"SearchAction","target":{"@type":"EntryPoint","urlTemplate":"https:\/\/www.diario21.tv\/noticias\/?s={search_term_string}"},"query-input":{"@type":"PropertyValueSpecification","valueRequired":true,"valueName":"search_term_string"}}],"inLanguage":"es-AR"},{"@type":"Person","@id":"https:\/\/www.diario21.tv\/noticias\/#\/schema\/person\/dfb778f73814d8f09f302618446a526b","name":"Juan P\u00e9rez","image":{"@type":"ImageObject","inLanguage":"es-AR","@id":"https:\/\/www.diario21.tv\/noticias\/#\/schema\/person\/image\/","url":"https:\/\/secure.gravatar.com\/avatar\/c478a405bd10621167f4c3167cc770f5?s=96&d=mm&r=g","contentUrl":"https:\/\/secure.gravatar.com\/avatar\/c478a405bd10621167f4c3167cc770f5?s=96&d=mm&r=g","caption":"Juan P\u00e9rez"},"description":"Juan P\u00e9rez es el redactor en jefe de Diario 21. Con m\u00e1s de 10 a\u00f1os de experiencia en el periodismo, se especializa en pol\u00edtica nacional y an\u00e1lisis socioecon\u00f3mico. Su enfoque cr\u00edtico y riguroso aporta una perspectiva \u00fanica a cada art\u00edculo.","sameAs":["https:\/\/www.diario21.tv\/noticias\/"],"url":"https:\/\/www.diario21.tv\/noticias\/author\/juan-perez\/"}]}},"_links":{"self":[{"href":"https:\/\/www.diario21.tv\/noticias\/wp-json\/wp\/v2\/posts\/1182"}],"collection":[{"href":"https:\/\/www.diario21.tv\/noticias\/wp-json\/wp\/v2\/posts"}],"about":[{"href":"https:\/\/www.diario21.tv\/noticias\/wp-json\/wp\/v2\/types\/post"}],"author":[{"embeddable":true,"href":"https:\/\/www.diario21.tv\/noticias\/wp-json\/wp\/v2\/users\/20"}],"replies":[{"embeddable":true,"href":"https:\/\/www.diario21.tv\/noticias\/wp-json\/wp\/v2\/comments?post=1182"}],"version-history":[{"count":1,"href":"https:\/\/www.diario21.tv\/noticias\/wp-json\/wp\/v2\/posts\/1182\/revisions"}],"predecessor-version":[{"id":1184,"href":"https:\/\/www.diario21.tv\/noticias\/wp-json\/wp\/v2\/posts\/1182\/revisions\/1184"}],"wp:featuredmedia":[{"embeddable":true,"href":"https:\/\/www.diario21.tv\/noticias\/wp-json\/wp\/v2\/media\/1183"}],"wp:attachment":[{"href":"https:\/\/www.diario21.tv\/noticias\/wp-json\/wp\/v2\/media?parent=1182"}],"wp:term":[{"taxonomy":"category","embeddable":true,"href":"https:\/\/www.diario21.tv\/noticias\/wp-json\/wp\/v2\/categories?post=1182"},{"taxonomy":"post_tag","embeddable":true,"href":"https:\/\/www.diario21.tv\/noticias\/wp-json\/wp\/v2\/tags?post=1182"}],"curies":[{"name":"wp","href":"https:\/\/api.w.org\/{rel}","templated":true}]}}