{"id":1152,"date":"2024-11-09T16:14:06","date_gmt":"2024-11-09T16:14:06","guid":{"rendered":"https:\/\/www.diario21.tv\/noticias\/alerta-en-valencia-89-personas-desaparecidas-tras-devastadora-dana\/"},"modified":"2024-11-09T16:14:18","modified_gmt":"2024-11-09T16:14:18","slug":"alerta-en-valencia-89-personas-desaparecidas-tras-devastadora-dana","status":"publish","type":"post","link":"https:\/\/www.diario21.tv\/noticias\/alerta-en-valencia-89-personas-desaparecidas-tras-devastadora-dana\/","title":{"rendered":"\u00a1Alerta en Valencia! 89 personas desaparecidas tras devastadora DANA"},"content":{"rendered":"<h2>La DANA en Valencia: 89 Personas Reportadas como Desaparecidas<\/h2>\n<p>La reciente Depresi\u00f3n Aislada en Niveles Altos (DANA), que ha afectado gravemente a la regi\u00f3n de Valencia, ha dejado un saldo preocupante de 89 personas reportadas como desaparecidas. Este fen\u00f3meno meteorol\u00f3gico, conocido por su capacidad para provocar intensas lluvias y tormentas, ha causado estragos en la comunidad, llevando a las autoridades locales y equipos de rescate a movilizarse intensamente.<\/p>\n<h3>Impacto y Respuesta Inmediata<\/h3>\n<p>Desde el inicio de la DANA, que ha azotado con particular severidad a diversas localidades valencianas, los servicios de emergencia han estado trabajando sin descanso. La magnitud de las precipitaciones ha resultado en inundaciones y deslaves, complicando las operaciones de b\u00fasqueda y rescate. Los reportes indican que numerosas casas y carreteras han sido afectadas, obstaculizando el acceso a las zonas m\u00e1s golpeadas.<\/p>\n<p>El n\u00famero de desaparecidos, que actualmente se sit\u00faa en 89, podr\u00eda ajustarse conforme avancen las tareas de rescate y se recabe m\u00e1s informaci\u00f3n. Las autoridades est\u00e1n haciendo un llamado a la poblaci\u00f3n para que proporcionen cualquier dato que pueda ayudar a localizar a las personas no encontradas.<\/p>\n<h3>Medidas de Seguridad y Recomendaciones<\/h3>\n<p>El gobierno local, en colaboraci\u00f3n con expertos en meteorolog\u00eda y seguridad, contin\u00faa monitoreando la situaci\u00f3n de cerca. Se han emitido alertas a los ciudadanos para que eviten salir de sus hogares a menos que sea absolutamente necesario y se han establecido centros de acogida para aquellos que han sido evacuados o que han perdido sus hogares debido a la tormenta.<\/p>\n<p>Adem\u00e1s, se recomienda a los residentes seguir las actualizaciones de las autoridades a trav\u00e9s de medios oficiales y redes sociales, as\u00ed como adherirse a las recomendaciones de seguridad, que incluyen evitar cruzar r\u00edos o arroyos y mantenerse alejados de zonas propensas a deslizamientos o inundaciones.<\/p>\n<h3>Continuaci\u00f3n de la B\u00fasqueda<\/h3>\n<p>Los equipos de emergencia, apoyados por voluntarios y recursos nacionales, se mantienen en alerta y contin\u00faan con las labores de b\u00fasqueda de los desaparecidos. La comunidad ha respondido uniendo fuerzas y mostrando solidaridad en estos momentos dif\u00edciles.<\/p>\n<p>Es crucial que la poblaci\u00f3n mantenga la calma y coopere con las autoridades para facilitar las operaciones de rescate y asistencia. La prioridad es localizar a todas las personas desaparecidas y asegurar que los afectados reciban la ayuda necesaria para superar esta dura prueba.<\/p>\n<p>La situaci\u00f3n sigue siendo fluida, y se espera m\u00e1s informaci\u00f3n en las pr\u00f3ximas horas. Todos los esfuerzos est\u00e1n dirigidos a mitigar el impacto de la DANA y a asegurar la seguridad y bienestar de los ciudadanos de Valencia.<\/p>\n\n\n<div class=\"kk-star-ratings kksr-auto kksr-align-left kksr-valign-bottom\"\n    data-payload='{&quot;align&quot;:&quot;left&quot;,&quot;id&quot;:&quot;1152&quot;,&quot;slug&quot;:&quot;default&quot;,&quot;valign&quot;:&quot;bottom&quot;,&quot;ignore&quot;:&quot;&quot;,&quot;reference&quot;:&quot;auto&quot;,&quot;class&quot;:&quot;&quot;,&quot;count&quot;:&quot;0&quot;,&quot;legendonly&quot;:&quot;&quot;,&quot;readonly&quot;:&quot;&quot;,&quot;score&quot;:&quot;0&quot;,&quot;starsonly&quot;:&quot;&quot;,&quot;best&quot;:&quot;5&quot;,&quot;gap&quot;:&quot;5&quot;,&quot;greet&quot;:&quot;Valora este post&quot;,&quot;legend&quot;:&quot;0\\\/5 - (0 votes)&quot;,&quot;size&quot;:&quot;22&quot;,&quot;title&quot;:&quot;\u00a1Alerta en Valencia! 89 personas desaparecidas tras devastadora DANA&quot;,&quot;width&quot;:&quot;0&quot;,&quot;_legend&quot;:&quot;{score}\\\/{best} - ({count} {votes})&quot;,&quot;font_factor&quot;:&quot;1.25&quot;}'>\n            \n<div class=\"kksr-stars\">\n    \n<div class=\"kksr-stars-inactive\">\n            <div class=\"kksr-star\" data-star=\"1\" style=\"padding-right: 5px\">\n            \n\n<div class=\"kksr-icon\" style=\"width: 22px; height: 22px;\"><\/div>\n        <\/div>\n            <div class=\"kksr-star\" data-star=\"2\" style=\"padding-right: 5px\">\n            \n\n<div class=\"kksr-icon\" style=\"width: 22px; height: 22px;\"><\/div>\n        <\/div>\n            <div class=\"kksr-star\" data-star=\"3\" style=\"padding-right: 5px\">\n            \n\n<div class=\"kksr-icon\" style=\"width: 22px; height: 22px;\"><\/div>\n        <\/div>\n            <div class=\"kksr-star\" data-star=\"4\" style=\"padding-right: 5px\">\n            \n\n<div class=\"kksr-icon\" style=\"width: 22px; height: 22px;\"><\/div>\n        <\/div>\n            <div class=\"kksr-star\" data-star=\"5\" style=\"padding-right: 5px\">\n            \n\n<div class=\"kksr-icon\" style=\"width: 22px; height: 22px;\"><\/div>\n        <\/div>\n    <\/div>\n    \n<div class=\"kksr-stars-active\" style=\"width: 0px;\">\n            <div class=\"kksr-star\" style=\"padding-right: 5px\">\n            \n\n<div class=\"kksr-icon\" style=\"width: 22px; height: 22px;\"><\/div>\n        <\/div>\n            <div class=\"kksr-star\" style=\"padding-right: 5px\">\n            \n\n<div class=\"kksr-icon\" style=\"width: 22px; height: 22px;\"><\/div>\n        <\/div>\n            <div class=\"kksr-star\" style=\"padding-right: 5px\">\n            \n\n<div class=\"kksr-icon\" style=\"width: 22px; height: 22px;\"><\/div>\n        <\/div>\n            <div class=\"kksr-star\" style=\"padding-right: 5px\">\n            \n\n<div class=\"kksr-icon\" style=\"width: 22px; height: 22px;\"><\/div>\n        <\/div>\n            <div class=\"kksr-star\" style=\"padding-right: 5px\">\n            \n\n<div class=\"kksr-icon\" style=\"width: 22px; height: 22px;\"><\/div>\n        <\/div>\n    <\/div>\n<\/div>\n                \n\n<div class=\"kksr-legend\" style=\"font-size: 17.6px;\">\n            <span class=\"kksr-muted\">Valora este post<\/span>\n    <\/div>\n    <\/div>\n","protected":false},"excerpt":{"rendered":"<p>La DANA en Valencia: 89 Personas Reportadas como Desaparecidas La reciente Depresi\u00f3n Aislada en Niveles Altos (DANA), que ha afectado gravemente a la regi\u00f3n de Valencia, &#8230; <a title=\"\u00a1Alerta en Valencia! 89 personas desaparecidas tras devastadora DANA\" class=\"read-more\" href=\"https:\/\/www.diario21.tv\/noticias\/alerta-en-valencia-89-personas-desaparecidas-tras-devastadora-dana\/\" aria-label=\"Leer m\u00e1s sobre \u00a1Alerta en Valencia! 89 personas desaparecidas tras devastadora DANA\">Seguir leyendo &rarr;<\/a><\/p>\n","protected":false},"author":20,"featured_media":1153,"comment_status":"open","ping_status":"open","sticky":false,"template":"","format":"standard","meta":{"footnotes":""},"categories":[13],"tags":[],"class_list":["post-1152","post","type-post","status-publish","format-standard","has-post-thumbnail","hentry","category-portada"],"yoast_head":"<!-- This site is optimized with the Yoast SEO plugin v25.6 - https:\/\/yoast.com\/wordpress\/plugins\/seo\/ -->\n<title>\u00a1Alerta en Valencia! 89 personas desaparecidas tras devastadora DANA - Diario 21<\/title>\n<meta name=\"robots\" content=\"index, follow, max-snippet:-1, max-image-preview:large, max-video-preview:-1\" \/>\n<link rel=\"canonical\" href=\"https:\/\/www.diario21.tv\/noticias\/alerta-en-valencia-89-personas-desaparecidas-tras-devastadora-dana\/\" \/>\n<meta property=\"og:locale\" content=\"es_ES\" \/>\n<meta property=\"og:type\" content=\"article\" \/>\n<meta property=\"og:title\" content=\"\u00a1Alerta en Valencia! 89 personas desaparecidas tras devastadora DANA - Diario 21\" \/>\n<meta property=\"og:description\" content=\"La DANA en Valencia: 89 Personas Reportadas como Desaparecidas La reciente Depresi\u00f3n Aislada en Niveles Altos (DANA), que ha afectado gravemente a la regi\u00f3n de Valencia, ... Seguir leyendo &rarr;\" \/>\n<meta property=\"og:url\" content=\"https:\/\/www.diario21.tv\/noticias\/alerta-en-valencia-89-personas-desaparecidas-tras-devastadora-dana\/\" \/>\n<meta property=\"og:site_name\" content=\"Diario 21\" \/>\n<meta property=\"article:published_time\" content=\"2024-11-09T16:14:06+00:00\" \/>\n<meta property=\"article:modified_time\" content=\"2024-11-09T16:14:18+00:00\" \/>\n<meta property=\"og:image\" content=\"https:\/\/www.diario21.tv\/noticias\/wp-content\/uploads\/2024\/11\/\u00a1Alerta-en-Valencia-89-personas-desaparecidas-tras-devastadora-DANA-scaled.jpg\" \/>\n\t<meta property=\"og:image:width\" content=\"2560\" \/>\n\t<meta property=\"og:image:height\" content=\"1612\" \/>\n\t<meta property=\"og:image:type\" content=\"image\/jpeg\" \/>\n<meta name=\"author\" content=\"Juan P\u00e9rez\" \/>\n<meta name=\"twitter:card\" content=\"summary_large_image\" \/>\n<meta name=\"twitter:label1\" content=\"Escrito por\" \/>\n\t<meta name=\"twitter:data1\" content=\"Juan P\u00e9rez\" \/>\n\t<meta name=\"twitter:label2\" content=\"Tiempo de lectura\" \/>\n\t<meta name=\"twitter:data2\" content=\"2 minutos\" \/>\n<script type=\"application\/ld+json\" class=\"yoast-schema-graph\">{\"@context\":\"https:\/\/schema.org\",\"@graph\":[{\"@type\":\"WebPage\",\"@id\":\"https:\/\/www.diario21.tv\/noticias\/alerta-en-valencia-89-personas-desaparecidas-tras-devastadora-dana\/\",\"url\":\"https:\/\/www.diario21.tv\/noticias\/alerta-en-valencia-89-personas-desaparecidas-tras-devastadora-dana\/\",\"name\":\"\u00a1Alerta en Valencia! 89 personas desaparecidas tras devastadora DANA - Diario 21\",\"isPartOf\":{\"@id\":\"https:\/\/www.diario21.tv\/noticias\/#website\"},\"primaryImageOfPage\":{\"@id\":\"https:\/\/www.diario21.tv\/noticias\/alerta-en-valencia-89-personas-desaparecidas-tras-devastadora-dana\/#primaryimage\"},\"image\":{\"@id\":\"https:\/\/www.diario21.tv\/noticias\/alerta-en-valencia-89-personas-desaparecidas-tras-devastadora-dana\/#primaryimage\"},\"thumbnailUrl\":\"https:\/\/www.diario21.tv\/noticias\/wp-content\/uploads\/2024\/11\/\u00a1Alerta-en-Valencia-89-personas-desaparecidas-tras-devastadora-DANA-scaled.jpg\",\"datePublished\":\"2024-11-09T16:14:06+00:00\",\"dateModified\":\"2024-11-09T16:14:18+00:00\",\"author\":{\"@id\":\"https:\/\/www.diario21.tv\/noticias\/#\/schema\/person\/dfb778f73814d8f09f302618446a526b\"},\"breadcrumb\":{\"@id\":\"https:\/\/www.diario21.tv\/noticias\/alerta-en-valencia-89-personas-desaparecidas-tras-devastadora-dana\/#breadcrumb\"},\"inLanguage\":\"es-AR\",\"potentialAction\":[{\"@type\":\"ReadAction\",\"target\":[\"https:\/\/www.diario21.tv\/noticias\/alerta-en-valencia-89-personas-desaparecidas-tras-devastadora-dana\/\"]}]},{\"@type\":\"ImageObject\",\"inLanguage\":\"es-AR\",\"@id\":\"https:\/\/www.diario21.tv\/noticias\/alerta-en-valencia-89-personas-desaparecidas-tras-devastadora-dana\/#primaryimage\",\"url\":\"https:\/\/www.diario21.tv\/noticias\/wp-content\/uploads\/2024\/11\/\u00a1Alerta-en-Valencia-89-personas-desaparecidas-tras-devastadora-DANA-scaled.jpg\",\"contentUrl\":\"https:\/\/www.diario21.tv\/noticias\/wp-content\/uploads\/2024\/11\/\u00a1Alerta-en-Valencia-89-personas-desaparecidas-tras-devastadora-DANA-scaled.jpg\",\"width\":2560,\"height\":1612,\"caption\":\"La justicia cifra en 89 los desaparecidos en Valencia por la DANA\"},{\"@type\":\"BreadcrumbList\",\"@id\":\"https:\/\/www.diario21.tv\/noticias\/alerta-en-valencia-89-personas-desaparecidas-tras-devastadora-dana\/#breadcrumb\",\"itemListElement\":[{\"@type\":\"ListItem\",\"position\":1,\"name\":\"Accueil\",\"item\":\"https:\/\/www.diario21.tv\/noticias\/\"},{\"@type\":\"ListItem\",\"position\":2,\"name\":\"\u00a1Alerta en Valencia! 89 personas desaparecidas tras devastadora DANA\"}]},{\"@type\":\"WebSite\",\"@id\":\"https:\/\/www.diario21.tv\/noticias\/#website\",\"url\":\"https:\/\/www.diario21.tv\/noticias\/\",\"name\":\"Diario 21\",\"description\":\"\",\"potentialAction\":[{\"@type\":\"SearchAction\",\"target\":{\"@type\":\"EntryPoint\",\"urlTemplate\":\"https:\/\/www.diario21.tv\/noticias\/?s={search_term_string}\"},\"query-input\":{\"@type\":\"PropertyValueSpecification\",\"valueRequired\":true,\"valueName\":\"search_term_string\"}}],\"inLanguage\":\"es-AR\"},{\"@type\":\"Person\",\"@id\":\"https:\/\/www.diario21.tv\/noticias\/#\/schema\/person\/dfb778f73814d8f09f302618446a526b\",\"name\":\"Juan P\u00e9rez\",\"image\":{\"@type\":\"ImageObject\",\"inLanguage\":\"es-AR\",\"@id\":\"https:\/\/www.diario21.tv\/noticias\/#\/schema\/person\/image\/\",\"url\":\"https:\/\/secure.gravatar.com\/avatar\/c478a405bd10621167f4c3167cc770f5?s=96&d=mm&r=g\",\"contentUrl\":\"https:\/\/secure.gravatar.com\/avatar\/c478a405bd10621167f4c3167cc770f5?s=96&d=mm&r=g\",\"caption\":\"Juan P\u00e9rez\"},\"description\":\"Juan P\u00e9rez es el redactor en jefe de Diario 21. Con m\u00e1s de 10 a\u00f1os de experiencia en el periodismo, se especializa en pol\u00edtica nacional y an\u00e1lisis socioecon\u00f3mico. Su enfoque cr\u00edtico y riguroso aporta una perspectiva \u00fanica a cada art\u00edculo.\",\"sameAs\":[\"https:\/\/www.diario21.tv\/noticias\/\"],\"url\":\"https:\/\/www.diario21.tv\/noticias\/author\/juan-perez\/\"}]}<\/script>\n<!-- \/ Yoast SEO plugin. -->","yoast_head_json":{"title":"\u00a1Alerta en Valencia! 89 personas desaparecidas tras devastadora DANA - Diario 21","robots":{"index":"index","follow":"follow","max-snippet":"max-snippet:-1","max-image-preview":"max-image-preview:large","max-video-preview":"max-video-preview:-1"},"canonical":"https:\/\/www.diario21.tv\/noticias\/alerta-en-valencia-89-personas-desaparecidas-tras-devastadora-dana\/","og_locale":"es_ES","og_type":"article","og_title":"\u00a1Alerta en Valencia! 89 personas desaparecidas tras devastadora DANA - Diario 21","og_description":"La DANA en Valencia: 89 Personas Reportadas como Desaparecidas La reciente Depresi\u00f3n Aislada en Niveles Altos (DANA), que ha afectado gravemente a la regi\u00f3n de Valencia, ... Seguir leyendo &rarr;","og_url":"https:\/\/www.diario21.tv\/noticias\/alerta-en-valencia-89-personas-desaparecidas-tras-devastadora-dana\/","og_site_name":"Diario 21","article_published_time":"2024-11-09T16:14:06+00:00","article_modified_time":"2024-11-09T16:14:18+00:00","og_image":[{"width":2560,"height":1612,"url":"https:\/\/www.diario21.tv\/noticias\/wp-content\/uploads\/2024\/11\/\u00a1Alerta-en-Valencia-89-personas-desaparecidas-tras-devastadora-DANA-scaled.jpg","type":"image\/jpeg"}],"author":"Juan P\u00e9rez","twitter_card":"summary_large_image","twitter_misc":{"Escrito por":"Juan P\u00e9rez","Tiempo de lectura":"2 minutos"},"schema":{"@context":"https:\/\/schema.org","@graph":[{"@type":"WebPage","@id":"https:\/\/www.diario21.tv\/noticias\/alerta-en-valencia-89-personas-desaparecidas-tras-devastadora-dana\/","url":"https:\/\/www.diario21.tv\/noticias\/alerta-en-valencia-89-personas-desaparecidas-tras-devastadora-dana\/","name":"\u00a1Alerta en Valencia! 89 personas desaparecidas tras devastadora DANA - Diario 21","isPartOf":{"@id":"https:\/\/www.diario21.tv\/noticias\/#website"},"primaryImageOfPage":{"@id":"https:\/\/www.diario21.tv\/noticias\/alerta-en-valencia-89-personas-desaparecidas-tras-devastadora-dana\/#primaryimage"},"image":{"@id":"https:\/\/www.diario21.tv\/noticias\/alerta-en-valencia-89-personas-desaparecidas-tras-devastadora-dana\/#primaryimage"},"thumbnailUrl":"https:\/\/www.diario21.tv\/noticias\/wp-content\/uploads\/2024\/11\/\u00a1Alerta-en-Valencia-89-personas-desaparecidas-tras-devastadora-DANA-scaled.jpg","datePublished":"2024-11-09T16:14:06+00:00","dateModified":"2024-11-09T16:14:18+00:00","author":{"@id":"https:\/\/www.diario21.tv\/noticias\/#\/schema\/person\/dfb778f73814d8f09f302618446a526b"},"breadcrumb":{"@id":"https:\/\/www.diario21.tv\/noticias\/alerta-en-valencia-89-personas-desaparecidas-tras-devastadora-dana\/#breadcrumb"},"inLanguage":"es-AR","potentialAction":[{"@type":"ReadAction","target":["https:\/\/www.diario21.tv\/noticias\/alerta-en-valencia-89-personas-desaparecidas-tras-devastadora-dana\/"]}]},{"@type":"ImageObject","inLanguage":"es-AR","@id":"https:\/\/www.diario21.tv\/noticias\/alerta-en-valencia-89-personas-desaparecidas-tras-devastadora-dana\/#primaryimage","url":"https:\/\/www.diario21.tv\/noticias\/wp-content\/uploads\/2024\/11\/\u00a1Alerta-en-Valencia-89-personas-desaparecidas-tras-devastadora-DANA-scaled.jpg","contentUrl":"https:\/\/www.diario21.tv\/noticias\/wp-content\/uploads\/2024\/11\/\u00a1Alerta-en-Valencia-89-personas-desaparecidas-tras-devastadora-DANA-scaled.jpg","width":2560,"height":1612,"caption":"La justicia cifra en 89 los desaparecidos en Valencia por la DANA"},{"@type":"BreadcrumbList","@id":"https:\/\/www.diario21.tv\/noticias\/alerta-en-valencia-89-personas-desaparecidas-tras-devastadora-dana\/#breadcrumb","itemListElement":[{"@type":"ListItem","position":1,"name":"Accueil","item":"https:\/\/www.diario21.tv\/noticias\/"},{"@type":"ListItem","position":2,"name":"\u00a1Alerta en Valencia! 89 personas desaparecidas tras devastadora DANA"}]},{"@type":"WebSite","@id":"https:\/\/www.diario21.tv\/noticias\/#website","url":"https:\/\/www.diario21.tv\/noticias\/","name":"Diario 21","description":"","potentialAction":[{"@type":"SearchAction","target":{"@type":"EntryPoint","urlTemplate":"https:\/\/www.diario21.tv\/noticias\/?s={search_term_string}"},"query-input":{"@type":"PropertyValueSpecification","valueRequired":true,"valueName":"search_term_string"}}],"inLanguage":"es-AR"},{"@type":"Person","@id":"https:\/\/www.diario21.tv\/noticias\/#\/schema\/person\/dfb778f73814d8f09f302618446a526b","name":"Juan P\u00e9rez","image":{"@type":"ImageObject","inLanguage":"es-AR","@id":"https:\/\/www.diario21.tv\/noticias\/#\/schema\/person\/image\/","url":"https:\/\/secure.gravatar.com\/avatar\/c478a405bd10621167f4c3167cc770f5?s=96&d=mm&r=g","contentUrl":"https:\/\/secure.gravatar.com\/avatar\/c478a405bd10621167f4c3167cc770f5?s=96&d=mm&r=g","caption":"Juan P\u00e9rez"},"description":"Juan P\u00e9rez es el redactor en jefe de Diario 21. Con m\u00e1s de 10 a\u00f1os de experiencia en el periodismo, se especializa en pol\u00edtica nacional y an\u00e1lisis socioecon\u00f3mico. Su enfoque cr\u00edtico y riguroso aporta una perspectiva \u00fanica a cada art\u00edculo.","sameAs":["https:\/\/www.diario21.tv\/noticias\/"],"url":"https:\/\/www.diario21.tv\/noticias\/author\/juan-perez\/"}]}},"_links":{"self":[{"href":"https:\/\/www.diario21.tv\/noticias\/wp-json\/wp\/v2\/posts\/1152"}],"collection":[{"href":"https:\/\/www.diario21.tv\/noticias\/wp-json\/wp\/v2\/posts"}],"about":[{"href":"https:\/\/www.diario21.tv\/noticias\/wp-json\/wp\/v2\/types\/post"}],"author":[{"embeddable":true,"href":"https:\/\/www.diario21.tv\/noticias\/wp-json\/wp\/v2\/users\/20"}],"replies":[{"embeddable":true,"href":"https:\/\/www.diario21.tv\/noticias\/wp-json\/wp\/v2\/comments?post=1152"}],"version-history":[{"count":1,"href":"https:\/\/www.diario21.tv\/noticias\/wp-json\/wp\/v2\/posts\/1152\/revisions"}],"predecessor-version":[{"id":1154,"href":"https:\/\/www.diario21.tv\/noticias\/wp-json\/wp\/v2\/posts\/1152\/revisions\/1154"}],"wp:featuredmedia":[{"embeddable":true,"href":"https:\/\/www.diario21.tv\/noticias\/wp-json\/wp\/v2\/media\/1153"}],"wp:attachment":[{"href":"https:\/\/www.diario21.tv\/noticias\/wp-json\/wp\/v2\/media?parent=1152"}],"wp:term":[{"taxonomy":"category","embeddable":true,"href":"https:\/\/www.diario21.tv\/noticias\/wp-json\/wp\/v2\/categories?post=1152"},{"taxonomy":"post_tag","embeddable":true,"href":"https:\/\/www.diario21.tv\/noticias\/wp-json\/wp\/v2\/tags?post=1152"}],"curies":[{"name":"wp","href":"https:\/\/api.w.org\/{rel}","templated":true}]}}