{"id":115,"date":"2024-08-05T11:00:09","date_gmt":"2024-08-05T11:00:09","guid":{"rendered":"https:\/\/www.diario21.tv\/noticias\/?p=115"},"modified":"2024-08-01T12:53:22","modified_gmt":"2024-08-01T12:53:22","slug":"descubre-los-secretos-del-carisma-estos-7-rasgos-compartidos-por-las-personas-mas-carismaticas-te-sorprenderan","status":"publish","type":"post","link":"https:\/\/www.diario21.tv\/noticias\/descubre-los-secretos-del-carisma-estos-7-rasgos-compartidos-por-las-personas-mas-carismaticas-te-sorprenderan\/","title":{"rendered":"Descubre los secretos del carisma: \u00a1Estos 7 rasgos compartidos por las personas m\u00e1s carism\u00e1ticas te sorprender\u00e1n!"},"content":{"rendered":"<p>En un mundo donde las conexiones pueden cambiar el rumbo de nuestras vidas, poseer carisma es como tener una varita m\u00e1gica. No se trata solo de ser querido; se trata de ser memorable, inspirador e influir positivamente. \u00bfCu\u00e1l es el secreto de aquellos que atraen a los dem\u00e1s como si tuvieran un im\u00e1n?<\/p>\n<p><!--more--><\/p>\n<p>Aqu\u00ed tienes una gu\u00eda para entender las cualidades que hacen a las personas irresistiblemente magn\u00e9ticas y c\u00f3mo puedes incorporar estos rasgos en tu vida para desbloquear tu propio potencial carism\u00e1tico.<\/p>\n<h2>Autoconfianza inquebrantable<\/h2>\n<p>En el coraz\u00f3n del carisma se encuentra una autoconfianza inquebrantable. Las <a href=\"https:\/\/www.diario21.tv\/noticias\/cuantos-rostros-ves-este-test-determinara-tu-fuerza-interior\/\">personas<\/a> carism\u00e1ticas tienen una comprensi\u00f3n clara de qui\u00e9nes son, lo que desean y hacia d\u00f3nde se dirigen. No se trata de arrogancia, sino de una seguridad tranquila que les permite expresarse con claridad, tomar decisiones informadas y generar confianza.<\/p>\n<p>Para aumentar tu autoconfianza, empieza por cultivar tu autoestima, establecer metas alcanzables y celebrar tus victorias, por peque\u00f1as que sean.<\/p>\n<h2>Presencia aut\u00e9ntica y cautivadora<\/h2>\n<p>Las personas carism\u00e1ticas irradian una presencia que es dif\u00edcil de ignorar. Son muy conscientes del espacio que ocupan y del mensaje que desean transmitir, todo mientras permanecen fieles a s\u00ed mismos. Esta vibra aut\u00e9ntica conecta profundamente con los dem\u00e1s, haciendo que cada interacci\u00f3n sea memorable.<\/p>\n<p>Cultivar una presencia aut\u00e9ntica implica abrazar tu verdadero yo, ser emp\u00e1tico y escuchar activamente a los que te rodean.<\/p>\n<h2>Comunicaci\u00f3n envolvente<\/h2>\n<p>Ya sea a trav\u00e9s de palabras o lenguaje corporal, las personas carism\u00e1ticas saben c\u00f3mo mantener la atenci\u00f3n. Son narradores de historias con una habilidad especial para expresarse de manera clara, v\u00edvida y fluida. Su voz, ritmo y gestos complementan sus palabras, haciendo que las conversaciones no solo se escuchen, sino que se sientan.<\/p>\n<p>Para mejorar tus habilidades de comunicaci\u00f3n, sum\u00e9rgete en el aprendizaje y la pr\u00e1ctica de hablar en p\u00fablico y contar historias. Se trata de hacer que los dem\u00e1s sientan que son parte de tu narrativa.<\/p>\n<h2>Empat\u00eda y escucha activa<\/h2>\n<p>M\u00e1s all\u00e1 de su propio brillo, las almas carism\u00e1ticas escuchan con intenci\u00f3n y empatizan profundamente. Prestan atenci\u00f3n a las palabras, emociones y necesidades de los dem\u00e1s, demostrando un inter\u00e9s y comprensi\u00f3n genuinos.<\/p>\n<p>Desarrollar la escucha activa y la empat\u00eda significa dejar de lado tu agenda para conectarte verdaderamente con quienes te rodean, fomentando relaciones m\u00e1s profundas y significativas.<\/p>\n<h2>Sentido del humor y autodesprecio<\/h2>\n<p>Un poco de risa recorre un largo camino, y para las personas carism\u00e1ticas, el humor es un ingrediente clave en su receta de encanto. No se toman a s\u00ed mismos demasiado en serio y pueden aligerar cualquier atm\u00f3sfera con su ingenio, haciendo que todos a su alrededor se sientan a gusto.<\/p>\n<p>Para incorporar el humor en tu carisma, observa lo que te hace re\u00edr, sum\u00e9rgete en la comedia y aprende a re\u00edrte de ti mismo.<\/p>\n<h2>Optimismo y resiliencia<\/h2>\n<p>El optimismo y la capacidad de recuperarse de los contratiempos tambi\u00e9n caracterizan a las personas carism\u00e1ticas. Ven el vaso medio lleno y tratan los fracasos como escalones hacia el crecimiento, inspirando a otros a adoptar una perspectiva m\u00e1s positiva de la vida.<\/p>\n<p>Cultivar el optimismo y la resiliencia implica cambiar de perspectiva: enfocarse en lo positivo, aprender de lo negativo y rodearse de personas alentadoras.<\/p>\n<h2>Generosidad y disposici\u00f3n para compartir<\/h2>\n<p>El carisma sin generosidad es como una estrella sin luz. Las personalidades verdaderamente magn\u00e9ticas est\u00e1n impulsadas por el deseo de dar, ya sea su tiempo, conocimientos o apoyo, creyendo que la felicidad compartida es felicidad duplicada.<\/p>\n<p>Para mejorar tu generosidad, practica el dar de manera desinteresada, invol\u00facrate en causas que te importen y presta atenci\u00f3n a las necesidades de los que te rodean.<\/p>\n<p>El carisma es una mezcla de rasgos personales y habilidades relacionales que pueden convertir a las personas en faros de influencia e inspiraci\u00f3n. Al desarrollar estas siete caracter\u00edsticas clave, puedes desbloquear tu propio potencial carism\u00e1tico. Recuerda, el carisma no se logra de la noche a la ma\u00f1ana, sino que es un viaje de autodescubrimiento, aceptaci\u00f3n y mejora continua. Abraza este viaje y no solo encontraras \u00e9xito, sino tambi\u00e9n una realizaci\u00f3n personal a lo largo del camino.<\/p>\n\n\n<div class=\"kk-star-ratings kksr-auto kksr-align-left kksr-valign-bottom\"\n    data-payload='{&quot;align&quot;:&quot;left&quot;,&quot;id&quot;:&quot;115&quot;,&quot;slug&quot;:&quot;default&quot;,&quot;valign&quot;:&quot;bottom&quot;,&quot;ignore&quot;:&quot;&quot;,&quot;reference&quot;:&quot;auto&quot;,&quot;class&quot;:&quot;&quot;,&quot;count&quot;:&quot;0&quot;,&quot;legendonly&quot;:&quot;&quot;,&quot;readonly&quot;:&quot;&quot;,&quot;score&quot;:&quot;0&quot;,&quot;starsonly&quot;:&quot;&quot;,&quot;best&quot;:&quot;5&quot;,&quot;gap&quot;:&quot;5&quot;,&quot;greet&quot;:&quot;Valora este post&quot;,&quot;legend&quot;:&quot;0\\\/5 - (0 votes)&quot;,&quot;size&quot;:&quot;22&quot;,&quot;title&quot;:&quot;Descubre los secretos del carisma: \u00a1Estos 7 rasgos compartidos por las personas m\u00e1s carism\u00e1ticas te sorprender\u00e1n!&quot;,&quot;width&quot;:&quot;0&quot;,&quot;_legend&quot;:&quot;{score}\\\/{best} - ({count} {votes})&quot;,&quot;font_factor&quot;:&quot;1.25&quot;}'>\n            \n<div class=\"kksr-stars\">\n    \n<div class=\"kksr-stars-inactive\">\n            <div class=\"kksr-star\" data-star=\"1\" style=\"padding-right: 5px\">\n            \n\n<div class=\"kksr-icon\" style=\"width: 22px; height: 22px;\"><\/div>\n        <\/div>\n            <div class=\"kksr-star\" data-star=\"2\" style=\"padding-right: 5px\">\n            \n\n<div class=\"kksr-icon\" style=\"width: 22px; height: 22px;\"><\/div>\n        <\/div>\n            <div class=\"kksr-star\" data-star=\"3\" style=\"padding-right: 5px\">\n            \n\n<div class=\"kksr-icon\" style=\"width: 22px; height: 22px;\"><\/div>\n        <\/div>\n            <div class=\"kksr-star\" data-star=\"4\" style=\"padding-right: 5px\">\n            \n\n<div class=\"kksr-icon\" style=\"width: 22px; height: 22px;\"><\/div>\n        <\/div>\n            <div class=\"kksr-star\" data-star=\"5\" style=\"padding-right: 5px\">\n            \n\n<div class=\"kksr-icon\" style=\"width: 22px; height: 22px;\"><\/div>\n        <\/div>\n    <\/div>\n    \n<div class=\"kksr-stars-active\" style=\"width: 0px;\">\n            <div class=\"kksr-star\" style=\"padding-right: 5px\">\n            \n\n<div class=\"kksr-icon\" style=\"width: 22px; height: 22px;\"><\/div>\n        <\/div>\n            <div class=\"kksr-star\" style=\"padding-right: 5px\">\n            \n\n<div class=\"kksr-icon\" style=\"width: 22px; height: 22px;\"><\/div>\n        <\/div>\n            <div class=\"kksr-star\" style=\"padding-right: 5px\">\n            \n\n<div class=\"kksr-icon\" style=\"width: 22px; height: 22px;\"><\/div>\n        <\/div>\n            <div class=\"kksr-star\" style=\"padding-right: 5px\">\n            \n\n<div class=\"kksr-icon\" style=\"width: 22px; height: 22px;\"><\/div>\n        <\/div>\n            <div class=\"kksr-star\" style=\"padding-right: 5px\">\n            \n\n<div class=\"kksr-icon\" style=\"width: 22px; height: 22px;\"><\/div>\n        <\/div>\n    <\/div>\n<\/div>\n                \n\n<div class=\"kksr-legend\" style=\"font-size: 17.6px;\">\n            <span class=\"kksr-muted\">Valora este post<\/span>\n    <\/div>\n    <\/div>\n","protected":false},"excerpt":{"rendered":"<p>En un mundo donde las conexiones pueden cambiar el rumbo de nuestras vidas, poseer carisma es como tener una varita m\u00e1gica. No se trata solo de &#8230; <a title=\"Descubre los secretos del carisma: \u00a1Estos 7 rasgos compartidos por las personas m\u00e1s carism\u00e1ticas te sorprender\u00e1n!\" class=\"read-more\" href=\"https:\/\/www.diario21.tv\/noticias\/descubre-los-secretos-del-carisma-estos-7-rasgos-compartidos-por-las-personas-mas-carismaticas-te-sorprenderan\/\" aria-label=\"Leer m\u00e1s sobre Descubre los secretos del carisma: \u00a1Estos 7 rasgos compartidos por las personas m\u00e1s carism\u00e1ticas te sorprender\u00e1n!\">Seguir leyendo &rarr;<\/a><\/p>\n","protected":false},"author":16,"featured_media":116,"comment_status":"open","ping_status":"open","sticky":false,"template":"","format":"standard","meta":{"footnotes":""},"categories":[12],"tags":[],"class_list":["post-115","post","type-post","status-publish","format-standard","has-post-thumbnail","hentry","category-tendencia"],"yoast_head":"<!-- This site is optimized with the Yoast SEO plugin v25.6 - https:\/\/yoast.com\/wordpress\/plugins\/seo\/ -->\n<title>Descubre los secretos del carisma: \u00a1Estos 7 rasgos compartidos por las personas m\u00e1s carism\u00e1ticas te sorprender\u00e1n! - Diario 21<\/title>\n<meta name=\"robots\" content=\"index, follow, max-snippet:-1, max-image-preview:large, max-video-preview:-1\" \/>\n<link rel=\"canonical\" href=\"https:\/\/www.diario21.tv\/noticias\/descubre-los-secretos-del-carisma-estos-7-rasgos-compartidos-por-las-personas-mas-carismaticas-te-sorprenderan\/\" \/>\n<meta property=\"og:locale\" content=\"es_ES\" \/>\n<meta property=\"og:type\" content=\"article\" \/>\n<meta property=\"og:title\" content=\"Descubre los secretos del carisma: \u00a1Estos 7 rasgos compartidos por las personas m\u00e1s carism\u00e1ticas te sorprender\u00e1n! - Diario 21\" \/>\n<meta property=\"og:description\" content=\"En un mundo donde las conexiones pueden cambiar el rumbo de nuestras vidas, poseer carisma es como tener una varita m\u00e1gica. No se trata solo de ... Seguir leyendo &rarr;\" \/>\n<meta property=\"og:url\" content=\"https:\/\/www.diario21.tv\/noticias\/descubre-los-secretos-del-carisma-estos-7-rasgos-compartidos-por-las-personas-mas-carismaticas-te-sorprenderan\/\" \/>\n<meta property=\"og:site_name\" content=\"Diario 21\" \/>\n<meta property=\"article:published_time\" content=\"2024-08-05T11:00:09+00:00\" \/>\n<meta property=\"og:image\" content=\"https:\/\/www.diario21.tv\/noticias\/wp-content\/uploads\/2024\/08\/Las-claves-del-carisma.jpg\" \/>\n\t<meta property=\"og:image:width\" content=\"1200\" \/>\n\t<meta property=\"og:image:height\" content=\"590\" \/>\n\t<meta property=\"og:image:type\" content=\"image\/jpeg\" \/>\n<meta name=\"author\" content=\"Diario 21\" \/>\n<meta name=\"twitter:card\" content=\"summary_large_image\" \/>\n<meta name=\"twitter:label1\" content=\"Escrito por\" \/>\n\t<meta name=\"twitter:data1\" content=\"Diario 21\" \/>\n\t<meta name=\"twitter:label2\" content=\"Tiempo de lectura\" \/>\n\t<meta name=\"twitter:data2\" content=\"4 minutos\" \/>\n<script type=\"application\/ld+json\" class=\"yoast-schema-graph\">{\"@context\":\"https:\/\/schema.org\",\"@graph\":[{\"@type\":\"WebPage\",\"@id\":\"https:\/\/www.diario21.tv\/noticias\/descubre-los-secretos-del-carisma-estos-7-rasgos-compartidos-por-las-personas-mas-carismaticas-te-sorprenderan\/\",\"url\":\"https:\/\/www.diario21.tv\/noticias\/descubre-los-secretos-del-carisma-estos-7-rasgos-compartidos-por-las-personas-mas-carismaticas-te-sorprenderan\/\",\"name\":\"Descubre los secretos del carisma: \u00a1Estos 7 rasgos compartidos por las personas m\u00e1s carism\u00e1ticas te sorprender\u00e1n! - Diario 21\",\"isPartOf\":{\"@id\":\"https:\/\/www.diario21.tv\/noticias\/#website\"},\"primaryImageOfPage\":{\"@id\":\"https:\/\/www.diario21.tv\/noticias\/descubre-los-secretos-del-carisma-estos-7-rasgos-compartidos-por-las-personas-mas-carismaticas-te-sorprenderan\/#primaryimage\"},\"image\":{\"@id\":\"https:\/\/www.diario21.tv\/noticias\/descubre-los-secretos-del-carisma-estos-7-rasgos-compartidos-por-las-personas-mas-carismaticas-te-sorprenderan\/#primaryimage\"},\"thumbnailUrl\":\"https:\/\/www.diario21.tv\/noticias\/wp-content\/uploads\/2024\/08\/Las-claves-del-carisma.jpg\",\"datePublished\":\"2024-08-05T11:00:09+00:00\",\"author\":{\"@id\":\"https:\/\/www.diario21.tv\/noticias\/#\/schema\/person\/7de9d6205bd3da5b7f01f5cffb18d715\"},\"breadcrumb\":{\"@id\":\"https:\/\/www.diario21.tv\/noticias\/descubre-los-secretos-del-carisma-estos-7-rasgos-compartidos-por-las-personas-mas-carismaticas-te-sorprenderan\/#breadcrumb\"},\"inLanguage\":\"es-AR\",\"potentialAction\":[{\"@type\":\"ReadAction\",\"target\":[\"https:\/\/www.diario21.tv\/noticias\/descubre-los-secretos-del-carisma-estos-7-rasgos-compartidos-por-las-personas-mas-carismaticas-te-sorprenderan\/\"]}]},{\"@type\":\"ImageObject\",\"inLanguage\":\"es-AR\",\"@id\":\"https:\/\/www.diario21.tv\/noticias\/descubre-los-secretos-del-carisma-estos-7-rasgos-compartidos-por-las-personas-mas-carismaticas-te-sorprenderan\/#primaryimage\",\"url\":\"https:\/\/www.diario21.tv\/noticias\/wp-content\/uploads\/2024\/08\/Las-claves-del-carisma.jpg\",\"contentUrl\":\"https:\/\/www.diario21.tv\/noticias\/wp-content\/uploads\/2024\/08\/Las-claves-del-carisma.jpg\",\"width\":1200,\"height\":590,\"caption\":\"Descubre los secretos del carisma: \u00a1Estos 7 rasgos compartidos por las personas m\u00e1s carism\u00e1ticas te sorprender\u00e1n!\"},{\"@type\":\"BreadcrumbList\",\"@id\":\"https:\/\/www.diario21.tv\/noticias\/descubre-los-secretos-del-carisma-estos-7-rasgos-compartidos-por-las-personas-mas-carismaticas-te-sorprenderan\/#breadcrumb\",\"itemListElement\":[{\"@type\":\"ListItem\",\"position\":1,\"name\":\"Accueil\",\"item\":\"https:\/\/www.diario21.tv\/noticias\/\"},{\"@type\":\"ListItem\",\"position\":2,\"name\":\"Descubre los secretos del carisma: \u00a1Estos 7 rasgos compartidos por las personas m\u00e1s carism\u00e1ticas te sorprender\u00e1n!\"}]},{\"@type\":\"WebSite\",\"@id\":\"https:\/\/www.diario21.tv\/noticias\/#website\",\"url\":\"https:\/\/www.diario21.tv\/noticias\/\",\"name\":\"Diario 21\",\"description\":\"\",\"potentialAction\":[{\"@type\":\"SearchAction\",\"target\":{\"@type\":\"EntryPoint\",\"urlTemplate\":\"https:\/\/www.diario21.tv\/noticias\/?s={search_term_string}\"},\"query-input\":{\"@type\":\"PropertyValueSpecification\",\"valueRequired\":true,\"valueName\":\"search_term_string\"}}],\"inLanguage\":\"es-AR\"},{\"@type\":\"Person\",\"@id\":\"https:\/\/www.diario21.tv\/noticias\/#\/schema\/person\/7de9d6205bd3da5b7f01f5cffb18d715\",\"name\":\"Diario 21\",\"image\":{\"@type\":\"ImageObject\",\"inLanguage\":\"es-AR\",\"@id\":\"https:\/\/www.diario21.tv\/noticias\/#\/schema\/person\/image\/\",\"url\":\"https:\/\/secure.gravatar.com\/avatar\/d1d5e764b940c8e5990284cabcd5dea9?s=96&d=mm&r=g\",\"contentUrl\":\"https:\/\/secure.gravatar.com\/avatar\/d1d5e764b940c8e5990284cabcd5dea9?s=96&d=mm&r=g\",\"caption\":\"Diario 21\"},\"url\":\"https:\/\/www.diario21.tv\/noticias\/author\/diario-21\/\"}]}<\/script>\n<!-- \/ Yoast SEO plugin. -->","yoast_head_json":{"title":"Descubre los secretos del carisma: \u00a1Estos 7 rasgos compartidos por las personas m\u00e1s carism\u00e1ticas te sorprender\u00e1n! - Diario 21","robots":{"index":"index","follow":"follow","max-snippet":"max-snippet:-1","max-image-preview":"max-image-preview:large","max-video-preview":"max-video-preview:-1"},"canonical":"https:\/\/www.diario21.tv\/noticias\/descubre-los-secretos-del-carisma-estos-7-rasgos-compartidos-por-las-personas-mas-carismaticas-te-sorprenderan\/","og_locale":"es_ES","og_type":"article","og_title":"Descubre los secretos del carisma: \u00a1Estos 7 rasgos compartidos por las personas m\u00e1s carism\u00e1ticas te sorprender\u00e1n! - Diario 21","og_description":"En un mundo donde las conexiones pueden cambiar el rumbo de nuestras vidas, poseer carisma es como tener una varita m\u00e1gica. No se trata solo de ... Seguir leyendo &rarr;","og_url":"https:\/\/www.diario21.tv\/noticias\/descubre-los-secretos-del-carisma-estos-7-rasgos-compartidos-por-las-personas-mas-carismaticas-te-sorprenderan\/","og_site_name":"Diario 21","article_published_time":"2024-08-05T11:00:09+00:00","og_image":[{"width":1200,"height":590,"url":"https:\/\/www.diario21.tv\/noticias\/wp-content\/uploads\/2024\/08\/Las-claves-del-carisma.jpg","type":"image\/jpeg"}],"author":"Diario 21","twitter_card":"summary_large_image","twitter_misc":{"Escrito por":"Diario 21","Tiempo de lectura":"4 minutos"},"schema":{"@context":"https:\/\/schema.org","@graph":[{"@type":"WebPage","@id":"https:\/\/www.diario21.tv\/noticias\/descubre-los-secretos-del-carisma-estos-7-rasgos-compartidos-por-las-personas-mas-carismaticas-te-sorprenderan\/","url":"https:\/\/www.diario21.tv\/noticias\/descubre-los-secretos-del-carisma-estos-7-rasgos-compartidos-por-las-personas-mas-carismaticas-te-sorprenderan\/","name":"Descubre los secretos del carisma: \u00a1Estos 7 rasgos compartidos por las personas m\u00e1s carism\u00e1ticas te sorprender\u00e1n! - Diario 21","isPartOf":{"@id":"https:\/\/www.diario21.tv\/noticias\/#website"},"primaryImageOfPage":{"@id":"https:\/\/www.diario21.tv\/noticias\/descubre-los-secretos-del-carisma-estos-7-rasgos-compartidos-por-las-personas-mas-carismaticas-te-sorprenderan\/#primaryimage"},"image":{"@id":"https:\/\/www.diario21.tv\/noticias\/descubre-los-secretos-del-carisma-estos-7-rasgos-compartidos-por-las-personas-mas-carismaticas-te-sorprenderan\/#primaryimage"},"thumbnailUrl":"https:\/\/www.diario21.tv\/noticias\/wp-content\/uploads\/2024\/08\/Las-claves-del-carisma.jpg","datePublished":"2024-08-05T11:00:09+00:00","author":{"@id":"https:\/\/www.diario21.tv\/noticias\/#\/schema\/person\/7de9d6205bd3da5b7f01f5cffb18d715"},"breadcrumb":{"@id":"https:\/\/www.diario21.tv\/noticias\/descubre-los-secretos-del-carisma-estos-7-rasgos-compartidos-por-las-personas-mas-carismaticas-te-sorprenderan\/#breadcrumb"},"inLanguage":"es-AR","potentialAction":[{"@type":"ReadAction","target":["https:\/\/www.diario21.tv\/noticias\/descubre-los-secretos-del-carisma-estos-7-rasgos-compartidos-por-las-personas-mas-carismaticas-te-sorprenderan\/"]}]},{"@type":"ImageObject","inLanguage":"es-AR","@id":"https:\/\/www.diario21.tv\/noticias\/descubre-los-secretos-del-carisma-estos-7-rasgos-compartidos-por-las-personas-mas-carismaticas-te-sorprenderan\/#primaryimage","url":"https:\/\/www.diario21.tv\/noticias\/wp-content\/uploads\/2024\/08\/Las-claves-del-carisma.jpg","contentUrl":"https:\/\/www.diario21.tv\/noticias\/wp-content\/uploads\/2024\/08\/Las-claves-del-carisma.jpg","width":1200,"height":590,"caption":"Descubre los secretos del carisma: \u00a1Estos 7 rasgos compartidos por las personas m\u00e1s carism\u00e1ticas te sorprender\u00e1n!"},{"@type":"BreadcrumbList","@id":"https:\/\/www.diario21.tv\/noticias\/descubre-los-secretos-del-carisma-estos-7-rasgos-compartidos-por-las-personas-mas-carismaticas-te-sorprenderan\/#breadcrumb","itemListElement":[{"@type":"ListItem","position":1,"name":"Accueil","item":"https:\/\/www.diario21.tv\/noticias\/"},{"@type":"ListItem","position":2,"name":"Descubre los secretos del carisma: \u00a1Estos 7 rasgos compartidos por las personas m\u00e1s carism\u00e1ticas te sorprender\u00e1n!"}]},{"@type":"WebSite","@id":"https:\/\/www.diario21.tv\/noticias\/#website","url":"https:\/\/www.diario21.tv\/noticias\/","name":"Diario 21","description":"","potentialAction":[{"@type":"SearchAction","target":{"@type":"EntryPoint","urlTemplate":"https:\/\/www.diario21.tv\/noticias\/?s={search_term_string}"},"query-input":{"@type":"PropertyValueSpecification","valueRequired":true,"valueName":"search_term_string"}}],"inLanguage":"es-AR"},{"@type":"Person","@id":"https:\/\/www.diario21.tv\/noticias\/#\/schema\/person\/7de9d6205bd3da5b7f01f5cffb18d715","name":"Diario 21","image":{"@type":"ImageObject","inLanguage":"es-AR","@id":"https:\/\/www.diario21.tv\/noticias\/#\/schema\/person\/image\/","url":"https:\/\/secure.gravatar.com\/avatar\/d1d5e764b940c8e5990284cabcd5dea9?s=96&d=mm&r=g","contentUrl":"https:\/\/secure.gravatar.com\/avatar\/d1d5e764b940c8e5990284cabcd5dea9?s=96&d=mm&r=g","caption":"Diario 21"},"url":"https:\/\/www.diario21.tv\/noticias\/author\/diario-21\/"}]}},"_links":{"self":[{"href":"https:\/\/www.diario21.tv\/noticias\/wp-json\/wp\/v2\/posts\/115"}],"collection":[{"href":"https:\/\/www.diario21.tv\/noticias\/wp-json\/wp\/v2\/posts"}],"about":[{"href":"https:\/\/www.diario21.tv\/noticias\/wp-json\/wp\/v2\/types\/post"}],"author":[{"embeddable":true,"href":"https:\/\/www.diario21.tv\/noticias\/wp-json\/wp\/v2\/users\/16"}],"replies":[{"embeddable":true,"href":"https:\/\/www.diario21.tv\/noticias\/wp-json\/wp\/v2\/comments?post=115"}],"version-history":[{"count":1,"href":"https:\/\/www.diario21.tv\/noticias\/wp-json\/wp\/v2\/posts\/115\/revisions"}],"predecessor-version":[{"id":117,"href":"https:\/\/www.diario21.tv\/noticias\/wp-json\/wp\/v2\/posts\/115\/revisions\/117"}],"wp:featuredmedia":[{"embeddable":true,"href":"https:\/\/www.diario21.tv\/noticias\/wp-json\/wp\/v2\/media\/116"}],"wp:attachment":[{"href":"https:\/\/www.diario21.tv\/noticias\/wp-json\/wp\/v2\/media?parent=115"}],"wp:term":[{"taxonomy":"category","embeddable":true,"href":"https:\/\/www.diario21.tv\/noticias\/wp-json\/wp\/v2\/categories?post=115"},{"taxonomy":"post_tag","embeddable":true,"href":"https:\/\/www.diario21.tv\/noticias\/wp-json\/wp\/v2\/tags?post=115"}],"curies":[{"name":"wp","href":"https:\/\/api.w.org\/{rel}","templated":true}]}}