{"id":1146,"date":"2024-11-09T03:21:25","date_gmt":"2024-11-09T03:21:25","guid":{"rendered":"https:\/\/www.diario21.tv\/noticias\/alerta-climatica-los-expertos-predicen-el-retorno-de-la-dana-en-20-anos\/"},"modified":"2024-11-09T03:21:26","modified_gmt":"2024-11-09T03:21:26","slug":"alerta-climatica-los-expertos-predicen-el-retorno-de-la-dana-en-20-anos","status":"publish","type":"post","link":"https:\/\/www.diario21.tv\/noticias\/alerta-climatica-los-expertos-predicen-el-retorno-de-la-dana-en-20-anos\/","title":{"rendered":"\u00a1Alerta clim\u00e1tica! Los expertos predicen el retorno de la DANA en 20 a\u00f1os"},"content":{"rendered":"<h2>Previsiones meteorol\u00f3gicas: La DANA podr\u00eda regresar en dos d\u00e9cadas<\/h2>\n<p>Los expertos en meteorolog\u00eda advierten que el fen\u00f3meno conocido como Depresi\u00f3n Aislada en Niveles Altos (DANA) podr\u00eda hacer su reaparici\u00f3n en aproximadamente veinte a\u00f1os. Este tipo de sistema atmosf\u00e9rico, que a menudo provoca condiciones clim\u00e1ticas extremas, ha sido objeto de estudio y an\u00e1lisis detallado tras su \u00faltimo evento significativo.<\/p>\n<h3>\u00bfQu\u00e9 es una DANA?<\/h3>\n<p>Una DANA, a menudo referida como &#8220;gota fr\u00eda&#8221;, es un fen\u00f3meno meteorol\u00f3gico que se caracteriza por la formaci\u00f3n de una masa de aire fr\u00edo que queda aislada de la circulaci\u00f3n general en altura. Este aislamiento provoca que la masa de aire fr\u00edo descienda y, al encontrarse con el aire c\u00e1lido de la superficie, genere inestabilidad atmosf\u00e9rica. Este contraste entre temperaturas puede desencadenar intensas lluvias, tormentas, e incluso fen\u00f3menos extremos como granizadas o trombas de agua.<\/p>\n<h3>Impacto previsto y medidas de precauci\u00f3n<\/h3>\n<p>Dado el potencial de la DANA para provocar eventos clim\u00e1ticos severos, los meteor\u00f3logos subrayan la importancia de la preparaci\u00f3n y la prevenci\u00f3n. Aunque prever el comportamiento exacto de estos sistemas es complejo, los modelos actuales sugieren que es probable que dentro de dos d\u00e9cadas se experimente un evento similar al observado recientemente.<\/p>\n<p>Las autoridades locales y regionales, as\u00ed como los organismos de gesti\u00f3n de emergencias, son instados a tomar en cuenta estas previsiones para mejorar los planes de contingencia y las infraestructuras. La mejora en los sistemas de alerta temprana y la educaci\u00f3n p\u00fablica sobre c\u00f3mo actuar en caso de enfrentarse a condiciones meteorol\u00f3gicas extremas son vitales para minimizar los da\u00f1os y garantizar la seguridad de la poblaci\u00f3n.<\/p>\n<h3>Investigaciones y estudios en curso<\/h3>\n<p>El inter\u00e9s cient\u00edfico en las DANAs ha crecido significativamente, motivado por la necesidad de entender mejor estos fen\u00f3menos y de mejorar las predicciones meteorol\u00f3gicas. Los investigadores est\u00e1n empleando tecnolog\u00eda avanzada, incluyendo sat\u00e9lites y modelos computacionales m\u00e1s sofisticados, para estudiar la formaci\u00f3n y evoluci\u00f3n de estas depresiones. Estos estudios no solo buscan precisar cu\u00e1ndo y d\u00f3nde ocurrir\u00e1n estos eventos, sino tambi\u00e9n determinar con mayor exactitud su intensidad y los posibles impactos.<\/p>\n<p>En resumen, aunque la predicci\u00f3n de una nueva DANA en dos d\u00e9cadas es una estimaci\u00f3n basada en los datos actuales, el seguimiento continuo y la investigaci\u00f3n son esenciales. La colaboraci\u00f3n internacional en la investigaci\u00f3n meteorol\u00f3gica y clim\u00e1tica tambi\u00e9n juega un papel crucial en la mejora de las predicciones y en la implementaci\u00f3n de estrategias efectivas para enfrentar estos desaf\u00edos ambientales. As\u00ed, aunque el retorno de la DANA es probable, la preparaci\u00f3n y el conocimiento cient\u00edfico son nuestras mejores herramientas para afrontarlo.<\/p>\n\n\n<div class=\"kk-star-ratings kksr-auto kksr-align-left kksr-valign-bottom\"\n    data-payload='{&quot;align&quot;:&quot;left&quot;,&quot;id&quot;:&quot;1146&quot;,&quot;slug&quot;:&quot;default&quot;,&quot;valign&quot;:&quot;bottom&quot;,&quot;ignore&quot;:&quot;&quot;,&quot;reference&quot;:&quot;auto&quot;,&quot;class&quot;:&quot;&quot;,&quot;count&quot;:&quot;0&quot;,&quot;legendonly&quot;:&quot;&quot;,&quot;readonly&quot;:&quot;&quot;,&quot;score&quot;:&quot;0&quot;,&quot;starsonly&quot;:&quot;&quot;,&quot;best&quot;:&quot;5&quot;,&quot;gap&quot;:&quot;5&quot;,&quot;greet&quot;:&quot;Valora este post&quot;,&quot;legend&quot;:&quot;0\\\/5 - (0 votes)&quot;,&quot;size&quot;:&quot;22&quot;,&quot;title&quot;:&quot;\u00a1Alerta clim\u00e1tica! Los expertos predicen el retorno de la DANA en 20 a\u00f1os&quot;,&quot;width&quot;:&quot;0&quot;,&quot;_legend&quot;:&quot;{score}\\\/{best} - ({count} {votes})&quot;,&quot;font_factor&quot;:&quot;1.25&quot;}'>\n            \n<div class=\"kksr-stars\">\n    \n<div class=\"kksr-stars-inactive\">\n            <div class=\"kksr-star\" data-star=\"1\" style=\"padding-right: 5px\">\n            \n\n<div class=\"kksr-icon\" style=\"width: 22px; height: 22px;\"><\/div>\n        <\/div>\n            <div class=\"kksr-star\" data-star=\"2\" style=\"padding-right: 5px\">\n            \n\n<div class=\"kksr-icon\" style=\"width: 22px; height: 22px;\"><\/div>\n        <\/div>\n            <div class=\"kksr-star\" data-star=\"3\" style=\"padding-right: 5px\">\n            \n\n<div class=\"kksr-icon\" style=\"width: 22px; height: 22px;\"><\/div>\n        <\/div>\n            <div class=\"kksr-star\" data-star=\"4\" style=\"padding-right: 5px\">\n            \n\n<div class=\"kksr-icon\" style=\"width: 22px; height: 22px;\"><\/div>\n        <\/div>\n            <div class=\"kksr-star\" data-star=\"5\" style=\"padding-right: 5px\">\n            \n\n<div class=\"kksr-icon\" style=\"width: 22px; height: 22px;\"><\/div>\n        <\/div>\n    <\/div>\n    \n<div class=\"kksr-stars-active\" style=\"width: 0px;\">\n            <div class=\"kksr-star\" style=\"padding-right: 5px\">\n            \n\n<div class=\"kksr-icon\" style=\"width: 22px; height: 22px;\"><\/div>\n        <\/div>\n            <div class=\"kksr-star\" style=\"padding-right: 5px\">\n            \n\n<div class=\"kksr-icon\" style=\"width: 22px; height: 22px;\"><\/div>\n        <\/div>\n            <div class=\"kksr-star\" style=\"padding-right: 5px\">\n            \n\n<div class=\"kksr-icon\" style=\"width: 22px; height: 22px;\"><\/div>\n        <\/div>\n            <div class=\"kksr-star\" style=\"padding-right: 5px\">\n            \n\n<div class=\"kksr-icon\" style=\"width: 22px; height: 22px;\"><\/div>\n        <\/div>\n            <div class=\"kksr-star\" style=\"padding-right: 5px\">\n            \n\n<div class=\"kksr-icon\" style=\"width: 22px; height: 22px;\"><\/div>\n        <\/div>\n    <\/div>\n<\/div>\n                \n\n<div class=\"kksr-legend\" style=\"font-size: 17.6px;\">\n            <span class=\"kksr-muted\">Valora este post<\/span>\n    <\/div>\n    <\/div>\n","protected":false},"excerpt":{"rendered":"<p>Previsiones meteorol\u00f3gicas: La DANA podr\u00eda regresar en dos d\u00e9cadas Los expertos en meteorolog\u00eda advierten que el fen\u00f3meno conocido como Depresi\u00f3n Aislada en Niveles Altos (DANA) podr\u00eda &#8230; <a title=\"\u00a1Alerta clim\u00e1tica! Los expertos predicen el retorno de la DANA en 20 a\u00f1os\" class=\"read-more\" href=\"https:\/\/www.diario21.tv\/noticias\/alerta-climatica-los-expertos-predicen-el-retorno-de-la-dana-en-20-anos\/\" aria-label=\"Leer m\u00e1s sobre \u00a1Alerta clim\u00e1tica! Los expertos predicen el retorno de la DANA en 20 a\u00f1os\">Seguir leyendo &rarr;<\/a><\/p>\n","protected":false},"author":20,"featured_media":1147,"comment_status":"open","ping_status":"open","sticky":false,"template":"","format":"standard","meta":{"footnotes":""},"categories":[13],"tags":[],"class_list":["post-1146","post","type-post","status-publish","format-standard","has-post-thumbnail","hentry","category-portada"],"yoast_head":"<!-- This site is optimized with the Yoast SEO plugin v25.6 - https:\/\/yoast.com\/wordpress\/plugins\/seo\/ -->\n<title>\u00a1Alerta clim\u00e1tica! Los expertos predicen el retorno de la DANA en 20 a\u00f1os - Diario 21<\/title>\n<meta name=\"robots\" content=\"index, follow, max-snippet:-1, max-image-preview:large, max-video-preview:-1\" \/>\n<link rel=\"canonical\" href=\"https:\/\/www.diario21.tv\/noticias\/alerta-climatica-los-expertos-predicen-el-retorno-de-la-dana-en-20-anos\/\" \/>\n<meta property=\"og:locale\" content=\"es_ES\" \/>\n<meta property=\"og:type\" content=\"article\" \/>\n<meta property=\"og:title\" content=\"\u00a1Alerta clim\u00e1tica! Los expertos predicen el retorno de la DANA en 20 a\u00f1os - Diario 21\" \/>\n<meta property=\"og:description\" content=\"Previsiones meteorol\u00f3gicas: La DANA podr\u00eda regresar en dos d\u00e9cadas Los expertos en meteorolog\u00eda advierten que el fen\u00f3meno conocido como Depresi\u00f3n Aislada en Niveles Altos (DANA) podr\u00eda ... Seguir leyendo &rarr;\" \/>\n<meta property=\"og:url\" content=\"https:\/\/www.diario21.tv\/noticias\/alerta-climatica-los-expertos-predicen-el-retorno-de-la-dana-en-20-anos\/\" \/>\n<meta property=\"og:site_name\" content=\"Diario 21\" \/>\n<meta property=\"article:published_time\" content=\"2024-11-09T03:21:25+00:00\" \/>\n<meta property=\"article:modified_time\" content=\"2024-11-09T03:21:26+00:00\" \/>\n<meta property=\"og:image\" content=\"https:\/\/www.diario21.tv\/noticias\/wp-content\/uploads\/2024\/11\/\u00a1Alerta-climatica-Los-expertos-predicen-el-retorno-de-la-DANA.jpg\" \/>\n\t<meta property=\"og:image:width\" content=\"1916\" \/>\n\t<meta property=\"og:image:height\" content=\"1080\" \/>\n\t<meta property=\"og:image:type\" content=\"image\/jpeg\" \/>\n<meta name=\"author\" content=\"Juan P\u00e9rez\" \/>\n<meta name=\"twitter:card\" content=\"summary_large_image\" \/>\n<meta name=\"twitter:label1\" content=\"Escrito por\" \/>\n\t<meta name=\"twitter:data1\" content=\"Juan P\u00e9rez\" \/>\n\t<meta name=\"twitter:label2\" content=\"Tiempo de lectura\" \/>\n\t<meta name=\"twitter:data2\" content=\"2 minutos\" \/>\n<script type=\"application\/ld+json\" class=\"yoast-schema-graph\">{\"@context\":\"https:\/\/schema.org\",\"@graph\":[{\"@type\":\"WebPage\",\"@id\":\"https:\/\/www.diario21.tv\/noticias\/alerta-climatica-los-expertos-predicen-el-retorno-de-la-dana-en-20-anos\/\",\"url\":\"https:\/\/www.diario21.tv\/noticias\/alerta-climatica-los-expertos-predicen-el-retorno-de-la-dana-en-20-anos\/\",\"name\":\"\u00a1Alerta clim\u00e1tica! Los expertos predicen el retorno de la DANA en 20 a\u00f1os - Diario 21\",\"isPartOf\":{\"@id\":\"https:\/\/www.diario21.tv\/noticias\/#website\"},\"primaryImageOfPage\":{\"@id\":\"https:\/\/www.diario21.tv\/noticias\/alerta-climatica-los-expertos-predicen-el-retorno-de-la-dana-en-20-anos\/#primaryimage\"},\"image\":{\"@id\":\"https:\/\/www.diario21.tv\/noticias\/alerta-climatica-los-expertos-predicen-el-retorno-de-la-dana-en-20-anos\/#primaryimage\"},\"thumbnailUrl\":\"https:\/\/www.diario21.tv\/noticias\/wp-content\/uploads\/2024\/11\/\u00a1Alerta-climatica-Los-expertos-predicen-el-retorno-de-la-DANA.jpg\",\"datePublished\":\"2024-11-09T03:21:25+00:00\",\"dateModified\":\"2024-11-09T03:21:26+00:00\",\"author\":{\"@id\":\"https:\/\/www.diario21.tv\/noticias\/#\/schema\/person\/dfb778f73814d8f09f302618446a526b\"},\"breadcrumb\":{\"@id\":\"https:\/\/www.diario21.tv\/noticias\/alerta-climatica-los-expertos-predicen-el-retorno-de-la-dana-en-20-anos\/#breadcrumb\"},\"inLanguage\":\"es-AR\",\"potentialAction\":[{\"@type\":\"ReadAction\",\"target\":[\"https:\/\/www.diario21.tv\/noticias\/alerta-climatica-los-expertos-predicen-el-retorno-de-la-dana-en-20-anos\/\"]}]},{\"@type\":\"ImageObject\",\"inLanguage\":\"es-AR\",\"@id\":\"https:\/\/www.diario21.tv\/noticias\/alerta-climatica-los-expertos-predicen-el-retorno-de-la-dana-en-20-anos\/#primaryimage\",\"url\":\"https:\/\/www.diario21.tv\/noticias\/wp-content\/uploads\/2024\/11\/\u00a1Alerta-climatica-Los-expertos-predicen-el-retorno-de-la-DANA.jpg\",\"contentUrl\":\"https:\/\/www.diario21.tv\/noticias\/wp-content\/uploads\/2024\/11\/\u00a1Alerta-climatica-Los-expertos-predicen-el-retorno-de-la-DANA.jpg\",\"width\":1916,\"height\":1080,\"caption\":\"Los meteor\u00f3logos aventuran que la DANA se repetir\u00e1 dentro de 20 a\u00f1os\"},{\"@type\":\"BreadcrumbList\",\"@id\":\"https:\/\/www.diario21.tv\/noticias\/alerta-climatica-los-expertos-predicen-el-retorno-de-la-dana-en-20-anos\/#breadcrumb\",\"itemListElement\":[{\"@type\":\"ListItem\",\"position\":1,\"name\":\"Accueil\",\"item\":\"https:\/\/www.diario21.tv\/noticias\/\"},{\"@type\":\"ListItem\",\"position\":2,\"name\":\"\u00a1Alerta clim\u00e1tica! Los expertos predicen el retorno de la DANA en 20 a\u00f1os\"}]},{\"@type\":\"WebSite\",\"@id\":\"https:\/\/www.diario21.tv\/noticias\/#website\",\"url\":\"https:\/\/www.diario21.tv\/noticias\/\",\"name\":\"Diario 21\",\"description\":\"\",\"potentialAction\":[{\"@type\":\"SearchAction\",\"target\":{\"@type\":\"EntryPoint\",\"urlTemplate\":\"https:\/\/www.diario21.tv\/noticias\/?s={search_term_string}\"},\"query-input\":{\"@type\":\"PropertyValueSpecification\",\"valueRequired\":true,\"valueName\":\"search_term_string\"}}],\"inLanguage\":\"es-AR\"},{\"@type\":\"Person\",\"@id\":\"https:\/\/www.diario21.tv\/noticias\/#\/schema\/person\/dfb778f73814d8f09f302618446a526b\",\"name\":\"Juan P\u00e9rez\",\"image\":{\"@type\":\"ImageObject\",\"inLanguage\":\"es-AR\",\"@id\":\"https:\/\/www.diario21.tv\/noticias\/#\/schema\/person\/image\/\",\"url\":\"https:\/\/secure.gravatar.com\/avatar\/c478a405bd10621167f4c3167cc770f5?s=96&d=mm&r=g\",\"contentUrl\":\"https:\/\/secure.gravatar.com\/avatar\/c478a405bd10621167f4c3167cc770f5?s=96&d=mm&r=g\",\"caption\":\"Juan P\u00e9rez\"},\"description\":\"Juan P\u00e9rez es el redactor en jefe de Diario 21. Con m\u00e1s de 10 a\u00f1os de experiencia en el periodismo, se especializa en pol\u00edtica nacional y an\u00e1lisis socioecon\u00f3mico. Su enfoque cr\u00edtico y riguroso aporta una perspectiva \u00fanica a cada art\u00edculo.\",\"sameAs\":[\"https:\/\/www.diario21.tv\/noticias\/\"],\"url\":\"https:\/\/www.diario21.tv\/noticias\/author\/juan-perez\/\"}]}<\/script>\n<!-- \/ Yoast SEO plugin. -->","yoast_head_json":{"title":"\u00a1Alerta clim\u00e1tica! Los expertos predicen el retorno de la DANA en 20 a\u00f1os - Diario 21","robots":{"index":"index","follow":"follow","max-snippet":"max-snippet:-1","max-image-preview":"max-image-preview:large","max-video-preview":"max-video-preview:-1"},"canonical":"https:\/\/www.diario21.tv\/noticias\/alerta-climatica-los-expertos-predicen-el-retorno-de-la-dana-en-20-anos\/","og_locale":"es_ES","og_type":"article","og_title":"\u00a1Alerta clim\u00e1tica! Los expertos predicen el retorno de la DANA en 20 a\u00f1os - Diario 21","og_description":"Previsiones meteorol\u00f3gicas: La DANA podr\u00eda regresar en dos d\u00e9cadas Los expertos en meteorolog\u00eda advierten que el fen\u00f3meno conocido como Depresi\u00f3n Aislada en Niveles Altos (DANA) podr\u00eda ... Seguir leyendo &rarr;","og_url":"https:\/\/www.diario21.tv\/noticias\/alerta-climatica-los-expertos-predicen-el-retorno-de-la-dana-en-20-anos\/","og_site_name":"Diario 21","article_published_time":"2024-11-09T03:21:25+00:00","article_modified_time":"2024-11-09T03:21:26+00:00","og_image":[{"width":1916,"height":1080,"url":"https:\/\/www.diario21.tv\/noticias\/wp-content\/uploads\/2024\/11\/\u00a1Alerta-climatica-Los-expertos-predicen-el-retorno-de-la-DANA.jpg","type":"image\/jpeg"}],"author":"Juan P\u00e9rez","twitter_card":"summary_large_image","twitter_misc":{"Escrito por":"Juan P\u00e9rez","Tiempo de lectura":"2 minutos"},"schema":{"@context":"https:\/\/schema.org","@graph":[{"@type":"WebPage","@id":"https:\/\/www.diario21.tv\/noticias\/alerta-climatica-los-expertos-predicen-el-retorno-de-la-dana-en-20-anos\/","url":"https:\/\/www.diario21.tv\/noticias\/alerta-climatica-los-expertos-predicen-el-retorno-de-la-dana-en-20-anos\/","name":"\u00a1Alerta clim\u00e1tica! Los expertos predicen el retorno de la DANA en 20 a\u00f1os - Diario 21","isPartOf":{"@id":"https:\/\/www.diario21.tv\/noticias\/#website"},"primaryImageOfPage":{"@id":"https:\/\/www.diario21.tv\/noticias\/alerta-climatica-los-expertos-predicen-el-retorno-de-la-dana-en-20-anos\/#primaryimage"},"image":{"@id":"https:\/\/www.diario21.tv\/noticias\/alerta-climatica-los-expertos-predicen-el-retorno-de-la-dana-en-20-anos\/#primaryimage"},"thumbnailUrl":"https:\/\/www.diario21.tv\/noticias\/wp-content\/uploads\/2024\/11\/\u00a1Alerta-climatica-Los-expertos-predicen-el-retorno-de-la-DANA.jpg","datePublished":"2024-11-09T03:21:25+00:00","dateModified":"2024-11-09T03:21:26+00:00","author":{"@id":"https:\/\/www.diario21.tv\/noticias\/#\/schema\/person\/dfb778f73814d8f09f302618446a526b"},"breadcrumb":{"@id":"https:\/\/www.diario21.tv\/noticias\/alerta-climatica-los-expertos-predicen-el-retorno-de-la-dana-en-20-anos\/#breadcrumb"},"inLanguage":"es-AR","potentialAction":[{"@type":"ReadAction","target":["https:\/\/www.diario21.tv\/noticias\/alerta-climatica-los-expertos-predicen-el-retorno-de-la-dana-en-20-anos\/"]}]},{"@type":"ImageObject","inLanguage":"es-AR","@id":"https:\/\/www.diario21.tv\/noticias\/alerta-climatica-los-expertos-predicen-el-retorno-de-la-dana-en-20-anos\/#primaryimage","url":"https:\/\/www.diario21.tv\/noticias\/wp-content\/uploads\/2024\/11\/\u00a1Alerta-climatica-Los-expertos-predicen-el-retorno-de-la-DANA.jpg","contentUrl":"https:\/\/www.diario21.tv\/noticias\/wp-content\/uploads\/2024\/11\/\u00a1Alerta-climatica-Los-expertos-predicen-el-retorno-de-la-DANA.jpg","width":1916,"height":1080,"caption":"Los meteor\u00f3logos aventuran que la DANA se repetir\u00e1 dentro de 20 a\u00f1os"},{"@type":"BreadcrumbList","@id":"https:\/\/www.diario21.tv\/noticias\/alerta-climatica-los-expertos-predicen-el-retorno-de-la-dana-en-20-anos\/#breadcrumb","itemListElement":[{"@type":"ListItem","position":1,"name":"Accueil","item":"https:\/\/www.diario21.tv\/noticias\/"},{"@type":"ListItem","position":2,"name":"\u00a1Alerta clim\u00e1tica! Los expertos predicen el retorno de la DANA en 20 a\u00f1os"}]},{"@type":"WebSite","@id":"https:\/\/www.diario21.tv\/noticias\/#website","url":"https:\/\/www.diario21.tv\/noticias\/","name":"Diario 21","description":"","potentialAction":[{"@type":"SearchAction","target":{"@type":"EntryPoint","urlTemplate":"https:\/\/www.diario21.tv\/noticias\/?s={search_term_string}"},"query-input":{"@type":"PropertyValueSpecification","valueRequired":true,"valueName":"search_term_string"}}],"inLanguage":"es-AR"},{"@type":"Person","@id":"https:\/\/www.diario21.tv\/noticias\/#\/schema\/person\/dfb778f73814d8f09f302618446a526b","name":"Juan P\u00e9rez","image":{"@type":"ImageObject","inLanguage":"es-AR","@id":"https:\/\/www.diario21.tv\/noticias\/#\/schema\/person\/image\/","url":"https:\/\/secure.gravatar.com\/avatar\/c478a405bd10621167f4c3167cc770f5?s=96&d=mm&r=g","contentUrl":"https:\/\/secure.gravatar.com\/avatar\/c478a405bd10621167f4c3167cc770f5?s=96&d=mm&r=g","caption":"Juan P\u00e9rez"},"description":"Juan P\u00e9rez es el redactor en jefe de Diario 21. Con m\u00e1s de 10 a\u00f1os de experiencia en el periodismo, se especializa en pol\u00edtica nacional y an\u00e1lisis socioecon\u00f3mico. Su enfoque cr\u00edtico y riguroso aporta una perspectiva \u00fanica a cada art\u00edculo.","sameAs":["https:\/\/www.diario21.tv\/noticias\/"],"url":"https:\/\/www.diario21.tv\/noticias\/author\/juan-perez\/"}]}},"_links":{"self":[{"href":"https:\/\/www.diario21.tv\/noticias\/wp-json\/wp\/v2\/posts\/1146"}],"collection":[{"href":"https:\/\/www.diario21.tv\/noticias\/wp-json\/wp\/v2\/posts"}],"about":[{"href":"https:\/\/www.diario21.tv\/noticias\/wp-json\/wp\/v2\/types\/post"}],"author":[{"embeddable":true,"href":"https:\/\/www.diario21.tv\/noticias\/wp-json\/wp\/v2\/users\/20"}],"replies":[{"embeddable":true,"href":"https:\/\/www.diario21.tv\/noticias\/wp-json\/wp\/v2\/comments?post=1146"}],"version-history":[{"count":1,"href":"https:\/\/www.diario21.tv\/noticias\/wp-json\/wp\/v2\/posts\/1146\/revisions"}],"predecessor-version":[{"id":1148,"href":"https:\/\/www.diario21.tv\/noticias\/wp-json\/wp\/v2\/posts\/1146\/revisions\/1148"}],"wp:featuredmedia":[{"embeddable":true,"href":"https:\/\/www.diario21.tv\/noticias\/wp-json\/wp\/v2\/media\/1147"}],"wp:attachment":[{"href":"https:\/\/www.diario21.tv\/noticias\/wp-json\/wp\/v2\/media?parent=1146"}],"wp:term":[{"taxonomy":"category","embeddable":true,"href":"https:\/\/www.diario21.tv\/noticias\/wp-json\/wp\/v2\/categories?post=1146"},{"taxonomy":"post_tag","embeddable":true,"href":"https:\/\/www.diario21.tv\/noticias\/wp-json\/wp\/v2\/tags?post=1146"}],"curies":[{"name":"wp","href":"https:\/\/api.w.org\/{rel}","templated":true}]}}