{"id":1143,"date":"2024-11-08T21:18:36","date_gmt":"2024-11-08T21:18:36","guid":{"rendered":"https:\/\/www.diario21.tv\/noticias\/impactante-desenlace-recorrio-13-km-diarios-para-encontrar-a-jose\/"},"modified":"2024-11-08T21:18:38","modified_gmt":"2024-11-08T21:18:38","slug":"impactante-desenlace-recorrio-13-km-diarios-para-encontrar-a-jose","status":"publish","type":"post","link":"https:\/\/www.diario21.tv\/noticias\/impactante-desenlace-recorrio-13-km-diarios-para-encontrar-a-jose\/","title":{"rendered":"Impactante desenlace: recorri\u00f3 13 km diarios para encontrar a Jos\u00e9"},"content":{"rendered":"<h2>El desenlace melanc\u00f3lico de un largo rastreo: la incansable persecuci\u00f3n para encontrar a Jos\u00e9<\/h2>\n<p>En una jornada marcada por la desesperanza y la persistencia, una familia recorri\u00f3 diariamente 13 kil\u00f3metros con la esperanza de encontrar a su ser querido, Jos\u00e9, quien hab\u00eda desaparecido sin dejar rastro. Este esfuerzo continuo, que se extendi\u00f3 por varias semanas, destaca no solo el amor y la determinaci\u00f3n de una familia, sino tambi\u00e9n el doloroso proceso de b\u00fasqueda que muchas familias enfrentan cuando un ser querido se pierde.<\/p>\n<h3>El inicio de la b\u00fasqueda<\/h3>\n<p>Todo comenz\u00f3 cuando Jos\u00e9, un hombre de mediana edad conocido por su car\u00e1cter alegre y sociable, no regres\u00f3 a casa despu\u00e9s de su habitual paseo matutino. Al principio, su familia pens\u00f3 que podr\u00eda haber cambiado de ruta o se hab\u00eda detenido a charlar con alg\u00fan conocido. Sin embargo, con el paso de las horas, la preocupaci\u00f3n creci\u00f3. Tras no tener noticias de \u00e9l, decidieron reportar su desaparici\u00f3n a las autoridades locales y empezar su propia b\u00fasqueda.<\/p>\n<h3>La movilizaci\u00f3n de la comunidad<\/h3>\n<p>La noticia de la desaparici\u00f3n de Jos\u00e9 r\u00e1pidamente se esparci\u00f3 por la comunidad, y muchos vecinos y amigos se unieron a la b\u00fasqueda. Se organizaron grupos que peinaron diferentes \u00e1reas, desde parques hasta zonas m\u00e1s alejadas donde Jos\u00e9 sol\u00eda ir. Todos los d\u00edas, desde el amanecer hasta el anochecer, la familia de Jos\u00e9, acompa\u00f1ada por voluntarios, recorr\u00eda aproximadamente 13 kil\u00f3metros, revisando cada rinc\u00f3n que pudiera ofrecer alguna pista sobre su paradero.<\/p>\n<h3>Despliegue de recursos y estrategias<\/h3>\n<p>La familia de Jos\u00e9 tambi\u00e9n recurri\u00f3 a las redes sociales y a los medios de comunicaci\u00f3n local para difundir su imagen y pedir ayuda. Colocaron carteles en puntos estrat\u00e9gicos de la ciudad, y contactaron a hospitales y estaciones de polic\u00eda en un esfuerzo por encontrar cualquier informaci\u00f3n que pudiera llevarlos a Jos\u00e9. La respuesta de la comunidad fue abrumadora, con numerosas personas ofreciendo su tiempo y recursos para ayudar en la b\u00fasqueda.<\/p>\n<h3>El desgarrador hallazgo<\/h3>\n<p>Despu\u00e9s de semanas de b\u00fasqueda intensiva, el esfuerzo incansable de la familia y los voluntarios tuvo un final agridulce. Jos\u00e9 fue encontrado en una zona remota, a varios kil\u00f3metros de su hogar. Lamentablemente, fue demasiado tarde; Jos\u00e9 hab\u00eda fallecido. La noticia cay\u00f3 como un mazazo sobre la comunidad y especialmente sobre su familia, que hab\u00eda albergado la esperanza de encontrarlo con vida.<\/p>\n<h3>Reflexiones y consecuencias<\/h3>\n<p>El triste desenlace de la b\u00fasqueda de Jos\u00e9 dej\u00f3 un vac\u00edo en el coraz\u00f3n de todos los que participaron en su localizaci\u00f3n. Este evento no solo subraya la importancia de la comunidad y el apoyo mutuo, sino que tambi\u00e9n resalta las dificultades y el dolor que enfrentan las familias de personas desaparecidas. La familia de Jos\u00e9, a pesar del dolor, agradeci\u00f3 el esfuerzo y la solidaridad de todos los que se unieron a la b\u00fasqueda, y destacaron la necesidad de seguir apoyando a otras familias que pasan por situaciones similares.<\/p>\n<p>La historia de Jos\u00e9 es un recordatorio sombr\u00edo de que, a veces, a pesar de todos los esfuerzos, las historias no tienen el final feliz que todos esperamos. Sin embargo, tambi\u00e9n muestra el esp\u00edritu de comunidad y la resiliencia humana frente a las adversidades m\u00e1s dolorosas.<\/p>\n\n\n<div class=\"kk-star-ratings kksr-auto kksr-align-left kksr-valign-bottom\"\n    data-payload='{&quot;align&quot;:&quot;left&quot;,&quot;id&quot;:&quot;1143&quot;,&quot;slug&quot;:&quot;default&quot;,&quot;valign&quot;:&quot;bottom&quot;,&quot;ignore&quot;:&quot;&quot;,&quot;reference&quot;:&quot;auto&quot;,&quot;class&quot;:&quot;&quot;,&quot;count&quot;:&quot;0&quot;,&quot;legendonly&quot;:&quot;&quot;,&quot;readonly&quot;:&quot;&quot;,&quot;score&quot;:&quot;0&quot;,&quot;starsonly&quot;:&quot;&quot;,&quot;best&quot;:&quot;5&quot;,&quot;gap&quot;:&quot;5&quot;,&quot;greet&quot;:&quot;Valora este post&quot;,&quot;legend&quot;:&quot;0\\\/5 - (0 votes)&quot;,&quot;size&quot;:&quot;22&quot;,&quot;title&quot;:&quot;Impactante desenlace: recorri\u00f3 13 km diarios para encontrar a Jos\u00e9&quot;,&quot;width&quot;:&quot;0&quot;,&quot;_legend&quot;:&quot;{score}\\\/{best} - ({count} {votes})&quot;,&quot;font_factor&quot;:&quot;1.25&quot;}'>\n            \n<div class=\"kksr-stars\">\n    \n<div class=\"kksr-stars-inactive\">\n            <div class=\"kksr-star\" data-star=\"1\" style=\"padding-right: 5px\">\n            \n\n<div class=\"kksr-icon\" style=\"width: 22px; height: 22px;\"><\/div>\n        <\/div>\n            <div class=\"kksr-star\" data-star=\"2\" style=\"padding-right: 5px\">\n            \n\n<div class=\"kksr-icon\" style=\"width: 22px; height: 22px;\"><\/div>\n        <\/div>\n            <div class=\"kksr-star\" data-star=\"3\" style=\"padding-right: 5px\">\n            \n\n<div class=\"kksr-icon\" style=\"width: 22px; height: 22px;\"><\/div>\n        <\/div>\n            <div class=\"kksr-star\" data-star=\"4\" style=\"padding-right: 5px\">\n            \n\n<div class=\"kksr-icon\" style=\"width: 22px; height: 22px;\"><\/div>\n        <\/div>\n            <div class=\"kksr-star\" data-star=\"5\" style=\"padding-right: 5px\">\n            \n\n<div class=\"kksr-icon\" style=\"width: 22px; height: 22px;\"><\/div>\n        <\/div>\n    <\/div>\n    \n<div class=\"kksr-stars-active\" style=\"width: 0px;\">\n            <div class=\"kksr-star\" style=\"padding-right: 5px\">\n            \n\n<div class=\"kksr-icon\" style=\"width: 22px; height: 22px;\"><\/div>\n        <\/div>\n            <div class=\"kksr-star\" style=\"padding-right: 5px\">\n            \n\n<div class=\"kksr-icon\" style=\"width: 22px; height: 22px;\"><\/div>\n        <\/div>\n            <div class=\"kksr-star\" style=\"padding-right: 5px\">\n            \n\n<div class=\"kksr-icon\" style=\"width: 22px; height: 22px;\"><\/div>\n        <\/div>\n            <div class=\"kksr-star\" style=\"padding-right: 5px\">\n            \n\n<div class=\"kksr-icon\" style=\"width: 22px; height: 22px;\"><\/div>\n        <\/div>\n            <div class=\"kksr-star\" style=\"padding-right: 5px\">\n            \n\n<div class=\"kksr-icon\" style=\"width: 22px; height: 22px;\"><\/div>\n        <\/div>\n    <\/div>\n<\/div>\n                \n\n<div class=\"kksr-legend\" style=\"font-size: 17.6px;\">\n            <span class=\"kksr-muted\">Valora este post<\/span>\n    <\/div>\n    <\/div>\n","protected":false},"excerpt":{"rendered":"<p>El desenlace melanc\u00f3lico de un largo rastreo: la incansable persecuci\u00f3n para encontrar a Jos\u00e9 En una jornada marcada por la desesperanza y la persistencia, una familia &#8230; <a title=\"Impactante desenlace: recorri\u00f3 13 km diarios para encontrar a Jos\u00e9\" class=\"read-more\" href=\"https:\/\/www.diario21.tv\/noticias\/impactante-desenlace-recorrio-13-km-diarios-para-encontrar-a-jose\/\" aria-label=\"Leer m\u00e1s sobre Impactante desenlace: recorri\u00f3 13 km diarios para encontrar a Jos\u00e9\">Seguir leyendo &rarr;<\/a><\/p>\n","protected":false},"author":20,"featured_media":1144,"comment_status":"open","ping_status":"open","sticky":false,"template":"","format":"standard","meta":{"footnotes":""},"categories":[13],"tags":[],"class_list":["post-1143","post","type-post","status-publish","format-standard","has-post-thumbnail","hentry","category-portada"],"yoast_head":"<!-- This site is optimized with the Yoast SEO plugin v25.6 - https:\/\/yoast.com\/wordpress\/plugins\/seo\/ -->\n<title>Impactante desenlace: recorri\u00f3 13 km diarios para encontrar a Jos\u00e9 - Diario 21<\/title>\n<meta name=\"robots\" content=\"index, follow, max-snippet:-1, max-image-preview:large, max-video-preview:-1\" \/>\n<link rel=\"canonical\" href=\"https:\/\/www.diario21.tv\/noticias\/impactante-desenlace-recorrio-13-km-diarios-para-encontrar-a-jose\/\" \/>\n<meta property=\"og:locale\" content=\"es_ES\" \/>\n<meta property=\"og:type\" content=\"article\" \/>\n<meta property=\"og:title\" content=\"Impactante desenlace: recorri\u00f3 13 km diarios para encontrar a Jos\u00e9 - Diario 21\" \/>\n<meta property=\"og:description\" content=\"El desenlace melanc\u00f3lico de un largo rastreo: la incansable persecuci\u00f3n para encontrar a Jos\u00e9 En una jornada marcada por la desesperanza y la persistencia, una familia ... Seguir leyendo &rarr;\" \/>\n<meta property=\"og:url\" content=\"https:\/\/www.diario21.tv\/noticias\/impactante-desenlace-recorrio-13-km-diarios-para-encontrar-a-jose\/\" \/>\n<meta property=\"og:site_name\" content=\"Diario 21\" \/>\n<meta property=\"article:published_time\" content=\"2024-11-08T21:18:36+00:00\" \/>\n<meta property=\"article:modified_time\" content=\"2024-11-08T21:18:38+00:00\" \/>\n<meta property=\"og:image\" content=\"https:\/\/www.diario21.tv\/noticias\/wp-content\/uploads\/2024\/11\/Impactante-desenlace-recorrio-13-km-diarios-para-encontrar-a-Jose.jpg\" \/>\n\t<meta property=\"og:image:width\" content=\"1920\" \/>\n\t<meta property=\"og:image:height\" content=\"1080\" \/>\n\t<meta property=\"og:image:type\" content=\"image\/jpeg\" \/>\n<meta name=\"author\" content=\"Juan P\u00e9rez\" \/>\n<meta name=\"twitter:card\" content=\"summary_large_image\" \/>\n<meta name=\"twitter:label1\" content=\"Escrito por\" \/>\n\t<meta name=\"twitter:data1\" content=\"Juan P\u00e9rez\" \/>\n\t<meta name=\"twitter:label2\" content=\"Tiempo de lectura\" \/>\n\t<meta name=\"twitter:data2\" content=\"3 minutos\" \/>\n<script type=\"application\/ld+json\" class=\"yoast-schema-graph\">{\"@context\":\"https:\/\/schema.org\",\"@graph\":[{\"@type\":\"WebPage\",\"@id\":\"https:\/\/www.diario21.tv\/noticias\/impactante-desenlace-recorrio-13-km-diarios-para-encontrar-a-jose\/\",\"url\":\"https:\/\/www.diario21.tv\/noticias\/impactante-desenlace-recorrio-13-km-diarios-para-encontrar-a-jose\/\",\"name\":\"Impactante desenlace: recorri\u00f3 13 km diarios para encontrar a Jos\u00e9 - Diario 21\",\"isPartOf\":{\"@id\":\"https:\/\/www.diario21.tv\/noticias\/#website\"},\"primaryImageOfPage\":{\"@id\":\"https:\/\/www.diario21.tv\/noticias\/impactante-desenlace-recorrio-13-km-diarios-para-encontrar-a-jose\/#primaryimage\"},\"image\":{\"@id\":\"https:\/\/www.diario21.tv\/noticias\/impactante-desenlace-recorrio-13-km-diarios-para-encontrar-a-jose\/#primaryimage\"},\"thumbnailUrl\":\"https:\/\/www.diario21.tv\/noticias\/wp-content\/uploads\/2024\/11\/Impactante-desenlace-recorrio-13-km-diarios-para-encontrar-a-Jose.jpg\",\"datePublished\":\"2024-11-08T21:18:36+00:00\",\"dateModified\":\"2024-11-08T21:18:38+00:00\",\"author\":{\"@id\":\"https:\/\/www.diario21.tv\/noticias\/#\/schema\/person\/dfb778f73814d8f09f302618446a526b\"},\"breadcrumb\":{\"@id\":\"https:\/\/www.diario21.tv\/noticias\/impactante-desenlace-recorrio-13-km-diarios-para-encontrar-a-jose\/#breadcrumb\"},\"inLanguage\":\"es-AR\",\"potentialAction\":[{\"@type\":\"ReadAction\",\"target\":[\"https:\/\/www.diario21.tv\/noticias\/impactante-desenlace-recorrio-13-km-diarios-para-encontrar-a-jose\/\"]}]},{\"@type\":\"ImageObject\",\"inLanguage\":\"es-AR\",\"@id\":\"https:\/\/www.diario21.tv\/noticias\/impactante-desenlace-recorrio-13-km-diarios-para-encontrar-a-jose\/#primaryimage\",\"url\":\"https:\/\/www.diario21.tv\/noticias\/wp-content\/uploads\/2024\/11\/Impactante-desenlace-recorrio-13-km-diarios-para-encontrar-a-Jose.jpg\",\"contentUrl\":\"https:\/\/www.diario21.tv\/noticias\/wp-content\/uploads\/2024\/11\/Impactante-desenlace-recorrio-13-km-diarios-para-encontrar-a-Jose.jpg\",\"width\":1920,\"height\":1080,\"caption\":\"El triste final de una b\u00fasqueda: 13 kil\u00f3metros al d\u00eda hasta hallar a Jos\u00e9\"},{\"@type\":\"BreadcrumbList\",\"@id\":\"https:\/\/www.diario21.tv\/noticias\/impactante-desenlace-recorrio-13-km-diarios-para-encontrar-a-jose\/#breadcrumb\",\"itemListElement\":[{\"@type\":\"ListItem\",\"position\":1,\"name\":\"Accueil\",\"item\":\"https:\/\/www.diario21.tv\/noticias\/\"},{\"@type\":\"ListItem\",\"position\":2,\"name\":\"Impactante desenlace: recorri\u00f3 13 km diarios para encontrar a Jos\u00e9\"}]},{\"@type\":\"WebSite\",\"@id\":\"https:\/\/www.diario21.tv\/noticias\/#website\",\"url\":\"https:\/\/www.diario21.tv\/noticias\/\",\"name\":\"Diario 21\",\"description\":\"\",\"potentialAction\":[{\"@type\":\"SearchAction\",\"target\":{\"@type\":\"EntryPoint\",\"urlTemplate\":\"https:\/\/www.diario21.tv\/noticias\/?s={search_term_string}\"},\"query-input\":{\"@type\":\"PropertyValueSpecification\",\"valueRequired\":true,\"valueName\":\"search_term_string\"}}],\"inLanguage\":\"es-AR\"},{\"@type\":\"Person\",\"@id\":\"https:\/\/www.diario21.tv\/noticias\/#\/schema\/person\/dfb778f73814d8f09f302618446a526b\",\"name\":\"Juan P\u00e9rez\",\"image\":{\"@type\":\"ImageObject\",\"inLanguage\":\"es-AR\",\"@id\":\"https:\/\/www.diario21.tv\/noticias\/#\/schema\/person\/image\/\",\"url\":\"https:\/\/secure.gravatar.com\/avatar\/c478a405bd10621167f4c3167cc770f5?s=96&d=mm&r=g\",\"contentUrl\":\"https:\/\/secure.gravatar.com\/avatar\/c478a405bd10621167f4c3167cc770f5?s=96&d=mm&r=g\",\"caption\":\"Juan P\u00e9rez\"},\"description\":\"Juan P\u00e9rez es el redactor en jefe de Diario 21. Con m\u00e1s de 10 a\u00f1os de experiencia en el periodismo, se especializa en pol\u00edtica nacional y an\u00e1lisis socioecon\u00f3mico. Su enfoque cr\u00edtico y riguroso aporta una perspectiva \u00fanica a cada art\u00edculo.\",\"sameAs\":[\"https:\/\/www.diario21.tv\/noticias\/\"],\"url\":\"https:\/\/www.diario21.tv\/noticias\/author\/juan-perez\/\"}]}<\/script>\n<!-- \/ Yoast SEO plugin. -->","yoast_head_json":{"title":"Impactante desenlace: recorri\u00f3 13 km diarios para encontrar a Jos\u00e9 - Diario 21","robots":{"index":"index","follow":"follow","max-snippet":"max-snippet:-1","max-image-preview":"max-image-preview:large","max-video-preview":"max-video-preview:-1"},"canonical":"https:\/\/www.diario21.tv\/noticias\/impactante-desenlace-recorrio-13-km-diarios-para-encontrar-a-jose\/","og_locale":"es_ES","og_type":"article","og_title":"Impactante desenlace: recorri\u00f3 13 km diarios para encontrar a Jos\u00e9 - Diario 21","og_description":"El desenlace melanc\u00f3lico de un largo rastreo: la incansable persecuci\u00f3n para encontrar a Jos\u00e9 En una jornada marcada por la desesperanza y la persistencia, una familia ... Seguir leyendo &rarr;","og_url":"https:\/\/www.diario21.tv\/noticias\/impactante-desenlace-recorrio-13-km-diarios-para-encontrar-a-jose\/","og_site_name":"Diario 21","article_published_time":"2024-11-08T21:18:36+00:00","article_modified_time":"2024-11-08T21:18:38+00:00","og_image":[{"width":1920,"height":1080,"url":"https:\/\/www.diario21.tv\/noticias\/wp-content\/uploads\/2024\/11\/Impactante-desenlace-recorrio-13-km-diarios-para-encontrar-a-Jose.jpg","type":"image\/jpeg"}],"author":"Juan P\u00e9rez","twitter_card":"summary_large_image","twitter_misc":{"Escrito por":"Juan P\u00e9rez","Tiempo de lectura":"3 minutos"},"schema":{"@context":"https:\/\/schema.org","@graph":[{"@type":"WebPage","@id":"https:\/\/www.diario21.tv\/noticias\/impactante-desenlace-recorrio-13-km-diarios-para-encontrar-a-jose\/","url":"https:\/\/www.diario21.tv\/noticias\/impactante-desenlace-recorrio-13-km-diarios-para-encontrar-a-jose\/","name":"Impactante desenlace: recorri\u00f3 13 km diarios para encontrar a Jos\u00e9 - Diario 21","isPartOf":{"@id":"https:\/\/www.diario21.tv\/noticias\/#website"},"primaryImageOfPage":{"@id":"https:\/\/www.diario21.tv\/noticias\/impactante-desenlace-recorrio-13-km-diarios-para-encontrar-a-jose\/#primaryimage"},"image":{"@id":"https:\/\/www.diario21.tv\/noticias\/impactante-desenlace-recorrio-13-km-diarios-para-encontrar-a-jose\/#primaryimage"},"thumbnailUrl":"https:\/\/www.diario21.tv\/noticias\/wp-content\/uploads\/2024\/11\/Impactante-desenlace-recorrio-13-km-diarios-para-encontrar-a-Jose.jpg","datePublished":"2024-11-08T21:18:36+00:00","dateModified":"2024-11-08T21:18:38+00:00","author":{"@id":"https:\/\/www.diario21.tv\/noticias\/#\/schema\/person\/dfb778f73814d8f09f302618446a526b"},"breadcrumb":{"@id":"https:\/\/www.diario21.tv\/noticias\/impactante-desenlace-recorrio-13-km-diarios-para-encontrar-a-jose\/#breadcrumb"},"inLanguage":"es-AR","potentialAction":[{"@type":"ReadAction","target":["https:\/\/www.diario21.tv\/noticias\/impactante-desenlace-recorrio-13-km-diarios-para-encontrar-a-jose\/"]}]},{"@type":"ImageObject","inLanguage":"es-AR","@id":"https:\/\/www.diario21.tv\/noticias\/impactante-desenlace-recorrio-13-km-diarios-para-encontrar-a-jose\/#primaryimage","url":"https:\/\/www.diario21.tv\/noticias\/wp-content\/uploads\/2024\/11\/Impactante-desenlace-recorrio-13-km-diarios-para-encontrar-a-Jose.jpg","contentUrl":"https:\/\/www.diario21.tv\/noticias\/wp-content\/uploads\/2024\/11\/Impactante-desenlace-recorrio-13-km-diarios-para-encontrar-a-Jose.jpg","width":1920,"height":1080,"caption":"El triste final de una b\u00fasqueda: 13 kil\u00f3metros al d\u00eda hasta hallar a Jos\u00e9"},{"@type":"BreadcrumbList","@id":"https:\/\/www.diario21.tv\/noticias\/impactante-desenlace-recorrio-13-km-diarios-para-encontrar-a-jose\/#breadcrumb","itemListElement":[{"@type":"ListItem","position":1,"name":"Accueil","item":"https:\/\/www.diario21.tv\/noticias\/"},{"@type":"ListItem","position":2,"name":"Impactante desenlace: recorri\u00f3 13 km diarios para encontrar a Jos\u00e9"}]},{"@type":"WebSite","@id":"https:\/\/www.diario21.tv\/noticias\/#website","url":"https:\/\/www.diario21.tv\/noticias\/","name":"Diario 21","description":"","potentialAction":[{"@type":"SearchAction","target":{"@type":"EntryPoint","urlTemplate":"https:\/\/www.diario21.tv\/noticias\/?s={search_term_string}"},"query-input":{"@type":"PropertyValueSpecification","valueRequired":true,"valueName":"search_term_string"}}],"inLanguage":"es-AR"},{"@type":"Person","@id":"https:\/\/www.diario21.tv\/noticias\/#\/schema\/person\/dfb778f73814d8f09f302618446a526b","name":"Juan P\u00e9rez","image":{"@type":"ImageObject","inLanguage":"es-AR","@id":"https:\/\/www.diario21.tv\/noticias\/#\/schema\/person\/image\/","url":"https:\/\/secure.gravatar.com\/avatar\/c478a405bd10621167f4c3167cc770f5?s=96&d=mm&r=g","contentUrl":"https:\/\/secure.gravatar.com\/avatar\/c478a405bd10621167f4c3167cc770f5?s=96&d=mm&r=g","caption":"Juan P\u00e9rez"},"description":"Juan P\u00e9rez es el redactor en jefe de Diario 21. Con m\u00e1s de 10 a\u00f1os de experiencia en el periodismo, se especializa en pol\u00edtica nacional y an\u00e1lisis socioecon\u00f3mico. Su enfoque cr\u00edtico y riguroso aporta una perspectiva \u00fanica a cada art\u00edculo.","sameAs":["https:\/\/www.diario21.tv\/noticias\/"],"url":"https:\/\/www.diario21.tv\/noticias\/author\/juan-perez\/"}]}},"_links":{"self":[{"href":"https:\/\/www.diario21.tv\/noticias\/wp-json\/wp\/v2\/posts\/1143"}],"collection":[{"href":"https:\/\/www.diario21.tv\/noticias\/wp-json\/wp\/v2\/posts"}],"about":[{"href":"https:\/\/www.diario21.tv\/noticias\/wp-json\/wp\/v2\/types\/post"}],"author":[{"embeddable":true,"href":"https:\/\/www.diario21.tv\/noticias\/wp-json\/wp\/v2\/users\/20"}],"replies":[{"embeddable":true,"href":"https:\/\/www.diario21.tv\/noticias\/wp-json\/wp\/v2\/comments?post=1143"}],"version-history":[{"count":1,"href":"https:\/\/www.diario21.tv\/noticias\/wp-json\/wp\/v2\/posts\/1143\/revisions"}],"predecessor-version":[{"id":1145,"href":"https:\/\/www.diario21.tv\/noticias\/wp-json\/wp\/v2\/posts\/1143\/revisions\/1145"}],"wp:featuredmedia":[{"embeddable":true,"href":"https:\/\/www.diario21.tv\/noticias\/wp-json\/wp\/v2\/media\/1144"}],"wp:attachment":[{"href":"https:\/\/www.diario21.tv\/noticias\/wp-json\/wp\/v2\/media?parent=1143"}],"wp:term":[{"taxonomy":"category","embeddable":true,"href":"https:\/\/www.diario21.tv\/noticias\/wp-json\/wp\/v2\/categories?post=1143"},{"taxonomy":"post_tag","embeddable":true,"href":"https:\/\/www.diario21.tv\/noticias\/wp-json\/wp\/v2\/tags?post=1143"}],"curies":[{"name":"wp","href":"https:\/\/api.w.org\/{rel}","templated":true}]}}