{"id":1116,"date":"2024-11-06T13:40:53","date_gmt":"2024-11-06T13:40:53","guid":{"rendered":"https:\/\/www.diario21.tv\/noticias\/increible-rescate-la-guardia-civil-salva-a-hombre-tras-3-dias-flotando-en-su-casa-en-paiporta\/"},"modified":"2024-11-06T13:40:56","modified_gmt":"2024-11-06T13:40:56","slug":"increible-rescate-la-guardia-civil-salva-a-hombre-tras-3-dias-flotando-en-su-casa-en-paiporta","status":"publish","type":"post","link":"https:\/\/www.diario21.tv\/noticias\/increible-rescate-la-guardia-civil-salva-a-hombre-tras-3-dias-flotando-en-su-casa-en-paiporta\/","title":{"rendered":"\u00a1Incre\u00edble rescate! La Guardia Civil salva a hombre tras 3 d\u00edas flotando en su casa en Paiporta"},"content":{"rendered":"<h2>La Guardia Civil Rescata a un Individuo Tras Tres D\u00edas a la Deriva en su Vivienda en Paiporta<\/h2>\n<p>En un acontecimiento que recalca la valent\u00eda y eficacia de las fuerzas de seguridad espa\u00f1olas, la Guardia Civil ha llevado a cabo el rescate de un hombre en Paiporta, quien hab\u00eda estado flotando dentro de su residencia durante tres d\u00edas debido a una inundaci\u00f3n severa. Este suceso no solo destaca la vulnerabilidad de las \u00e1reas afectadas por s\u00fabitas cat\u00e1strofes naturales, sino tambi\u00e9n la r\u00e1pida respuesta de los servicios de emergencia en situaciones cr\u00edticas.<\/p>\n<h3>Descubrimiento y Rescate<\/h3>\n<p>El operativo de rescate comenz\u00f3 tras recibir una alerta sobre una persona que se encontraba en grave peligro dentro de su casa, la cual estaba inundada por las intensas lluvias que azotaron la regi\u00f3n recientemente. La situaci\u00f3n era cr\u00edtica, ya que el nivel del agua hab\u00eda ascendido de manera alarmante, atrapando al individuo en su propio hogar sin posibilidad de escape.<\/p>\n<p>Los agentes de la Guardia Civil, equipados con trajes de agua y equipos especializados, se dirigieron de inmediato al lugar se\u00f1alado. Al llegar, encontraron al hombre en un estado de ansiedad comprensible, pero afortunadamente sin lesiones graves. Hab\u00eda estado sobreviviendo en condiciones extremadamente dif\u00edciles, con limitado acceso a alimentos y agua potable.<\/p>\n<h3>Las Acciones de la Guardia Civil<\/h3>\n<p>El rescate no fue sencillo. Los rescatistas tuvieron que emplear t\u00e9cnicas especializadas para acceder a la vivienda, que estaba casi completamente sumergida. Utilizando una peque\u00f1a embarcaci\u00f3n, lograron llegar hasta la entrada de la casa y aseguraron al hombre antes de trasladarlo a un lugar seguro. <\/p>\n<p>Una vez a salvo, el hombre fue evaluado por personal m\u00e9dico, quienes confirmaron que, aparte del agotamiento y la leve deshidrataci\u00f3n, estaba en buenas condiciones f\u00edsicas. Se le proporcion\u00f3 asistencia m\u00e9dica inmediata y el apoyo necesario para superar el trauma vivido.<\/p>\n<h3>Reacciones y Consecuencias<\/h3>\n<p>El rescate ha suscitado una ola de reacciones entre la comunidad local y las autoridades. Ha puesto de relieve la importancia de estar preparados para desastres naturales y de contar con un sistema de respuesta r\u00e1pida y eficiente. La comunidad de Paiporta ha expresado su gratitud hacia la Guardia Civil y los servicios de emergencia por su pronta actuaci\u00f3n y profesionalismo.<\/p>\n<p>Asimismo, este evento ha impulsado a las autoridades locales a revisar y fortalecer sus planes de emergencia y sistemas de alerta temprana para evitar que situaciones similares tengan un desenlace menos favorable en el futuro.<\/p>\n<h3>Reflexiones Finales<\/h3>\n<p>El incidente en Paiporta sirve como un poderoso recordatorio de los desaf\u00edos que enfrentan las comunidades durante eventos clim\u00e1ticos extremos y la crucial importancia de los servicios de emergencia. La habilidad y determinaci\u00f3n de la Guardia Civil en este rescate no solo salv\u00f3 una vida, sino que tambi\u00e9n reforz\u00f3 la confianza en las instituciones encargadas de proteger y servir a la poblaci\u00f3n en momentos de crisis. Este acto de valent\u00eda subraya el compromiso continuo de Espa\u00f1a con la seguridad y el bienestar de todos sus ciudadanos.<\/p>\n\n\n<div class=\"kk-star-ratings kksr-auto kksr-align-left kksr-valign-bottom\"\n    data-payload='{&quot;align&quot;:&quot;left&quot;,&quot;id&quot;:&quot;1116&quot;,&quot;slug&quot;:&quot;default&quot;,&quot;valign&quot;:&quot;bottom&quot;,&quot;ignore&quot;:&quot;&quot;,&quot;reference&quot;:&quot;auto&quot;,&quot;class&quot;:&quot;&quot;,&quot;count&quot;:&quot;0&quot;,&quot;legendonly&quot;:&quot;&quot;,&quot;readonly&quot;:&quot;&quot;,&quot;score&quot;:&quot;0&quot;,&quot;starsonly&quot;:&quot;&quot;,&quot;best&quot;:&quot;5&quot;,&quot;gap&quot;:&quot;5&quot;,&quot;greet&quot;:&quot;Valora este post&quot;,&quot;legend&quot;:&quot;0\\\/5 - (0 votes)&quot;,&quot;size&quot;:&quot;22&quot;,&quot;title&quot;:&quot;\u00a1Incre\u00edble rescate! La Guardia Civil salva a hombre tras 3 d\u00edas flotando en su casa en Paiporta&quot;,&quot;width&quot;:&quot;0&quot;,&quot;_legend&quot;:&quot;{score}\\\/{best} - ({count} {votes})&quot;,&quot;font_factor&quot;:&quot;1.25&quot;}'>\n            \n<div class=\"kksr-stars\">\n    \n<div class=\"kksr-stars-inactive\">\n            <div class=\"kksr-star\" data-star=\"1\" style=\"padding-right: 5px\">\n            \n\n<div class=\"kksr-icon\" style=\"width: 22px; height: 22px;\"><\/div>\n        <\/div>\n            <div class=\"kksr-star\" data-star=\"2\" style=\"padding-right: 5px\">\n            \n\n<div class=\"kksr-icon\" style=\"width: 22px; height: 22px;\"><\/div>\n        <\/div>\n            <div class=\"kksr-star\" data-star=\"3\" style=\"padding-right: 5px\">\n            \n\n<div class=\"kksr-icon\" style=\"width: 22px; height: 22px;\"><\/div>\n        <\/div>\n            <div class=\"kksr-star\" data-star=\"4\" style=\"padding-right: 5px\">\n            \n\n<div class=\"kksr-icon\" style=\"width: 22px; height: 22px;\"><\/div>\n        <\/div>\n            <div class=\"kksr-star\" data-star=\"5\" style=\"padding-right: 5px\">\n            \n\n<div class=\"kksr-icon\" style=\"width: 22px; height: 22px;\"><\/div>\n        <\/div>\n    <\/div>\n    \n<div class=\"kksr-stars-active\" style=\"width: 0px;\">\n            <div class=\"kksr-star\" style=\"padding-right: 5px\">\n            \n\n<div class=\"kksr-icon\" style=\"width: 22px; height: 22px;\"><\/div>\n        <\/div>\n            <div class=\"kksr-star\" style=\"padding-right: 5px\">\n            \n\n<div class=\"kksr-icon\" style=\"width: 22px; height: 22px;\"><\/div>\n        <\/div>\n            <div class=\"kksr-star\" style=\"padding-right: 5px\">\n            \n\n<div class=\"kksr-icon\" style=\"width: 22px; height: 22px;\"><\/div>\n        <\/div>\n            <div class=\"kksr-star\" style=\"padding-right: 5px\">\n            \n\n<div class=\"kksr-icon\" style=\"width: 22px; height: 22px;\"><\/div>\n        <\/div>\n            <div class=\"kksr-star\" style=\"padding-right: 5px\">\n            \n\n<div class=\"kksr-icon\" style=\"width: 22px; height: 22px;\"><\/div>\n        <\/div>\n    <\/div>\n<\/div>\n                \n\n<div class=\"kksr-legend\" style=\"font-size: 17.6px;\">\n            <span class=\"kksr-muted\">Valora este post<\/span>\n    <\/div>\n    <\/div>\n","protected":false},"excerpt":{"rendered":"<p>La Guardia Civil Rescata a un Individuo Tras Tres D\u00edas a la Deriva en su Vivienda en Paiporta En un acontecimiento que recalca la valent\u00eda y &#8230; <a title=\"\u00a1Incre\u00edble rescate! La Guardia Civil salva a hombre tras 3 d\u00edas flotando en su casa en Paiporta\" class=\"read-more\" href=\"https:\/\/www.diario21.tv\/noticias\/increible-rescate-la-guardia-civil-salva-a-hombre-tras-3-dias-flotando-en-su-casa-en-paiporta\/\" aria-label=\"Leer m\u00e1s sobre \u00a1Incre\u00edble rescate! La Guardia Civil salva a hombre tras 3 d\u00edas flotando en su casa en Paiporta\">Seguir leyendo &rarr;<\/a><\/p>\n","protected":false},"author":20,"featured_media":1117,"comment_status":"open","ping_status":"open","sticky":false,"template":"","format":"standard","meta":{"footnotes":""},"categories":[13],"tags":[],"class_list":["post-1116","post","type-post","status-publish","format-standard","has-post-thumbnail","hentry","category-portada"],"yoast_head":"<!-- This site is optimized with the Yoast SEO plugin v25.6 - https:\/\/yoast.com\/wordpress\/plugins\/seo\/ -->\n<title>\u00a1Incre\u00edble rescate! La Guardia Civil salva a hombre tras 3 d\u00edas flotando en su casa en Paiporta - Diario 21<\/title>\n<meta name=\"robots\" content=\"index, follow, max-snippet:-1, max-image-preview:large, max-video-preview:-1\" \/>\n<link rel=\"canonical\" href=\"https:\/\/www.diario21.tv\/noticias\/increible-rescate-la-guardia-civil-salva-a-hombre-tras-3-dias-flotando-en-su-casa-en-paiporta\/\" \/>\n<meta property=\"og:locale\" content=\"es_ES\" \/>\n<meta property=\"og:type\" content=\"article\" \/>\n<meta property=\"og:title\" content=\"\u00a1Incre\u00edble rescate! La Guardia Civil salva a hombre tras 3 d\u00edas flotando en su casa en Paiporta - Diario 21\" \/>\n<meta property=\"og:description\" content=\"La Guardia Civil Rescata a un Individuo Tras Tres D\u00edas a la Deriva en su Vivienda en Paiporta En un acontecimiento que recalca la valent\u00eda y ... Seguir leyendo &rarr;\" \/>\n<meta property=\"og:url\" content=\"https:\/\/www.diario21.tv\/noticias\/increible-rescate-la-guardia-civil-salva-a-hombre-tras-3-dias-flotando-en-su-casa-en-paiporta\/\" \/>\n<meta property=\"og:site_name\" content=\"Diario 21\" \/>\n<meta property=\"article:published_time\" content=\"2024-11-06T13:40:53+00:00\" \/>\n<meta property=\"article:modified_time\" content=\"2024-11-06T13:40:56+00:00\" \/>\n<meta property=\"og:image\" content=\"https:\/\/www.diario21.tv\/noticias\/wp-content\/uploads\/2024\/11\/\u00a1Increible-rescate-La-Guardia-Civil-salva-a-hombre-tras-3-1024x634.png\" \/>\n\t<meta property=\"og:image:width\" content=\"1024\" \/>\n\t<meta property=\"og:image:height\" content=\"634\" \/>\n\t<meta property=\"og:image:type\" content=\"image\/png\" \/>\n<meta name=\"author\" content=\"Juan P\u00e9rez\" \/>\n<meta name=\"twitter:card\" content=\"summary_large_image\" \/>\n<meta name=\"twitter:label1\" content=\"Escrito por\" \/>\n\t<meta name=\"twitter:data1\" content=\"Juan P\u00e9rez\" \/>\n\t<meta name=\"twitter:label2\" content=\"Tiempo de lectura\" \/>\n\t<meta name=\"twitter:data2\" content=\"3 minutos\" \/>\n<script type=\"application\/ld+json\" class=\"yoast-schema-graph\">{\"@context\":\"https:\/\/schema.org\",\"@graph\":[{\"@type\":\"WebPage\",\"@id\":\"https:\/\/www.diario21.tv\/noticias\/increible-rescate-la-guardia-civil-salva-a-hombre-tras-3-dias-flotando-en-su-casa-en-paiporta\/\",\"url\":\"https:\/\/www.diario21.tv\/noticias\/increible-rescate-la-guardia-civil-salva-a-hombre-tras-3-dias-flotando-en-su-casa-en-paiporta\/\",\"name\":\"\u00a1Incre\u00edble rescate! La Guardia Civil salva a hombre tras 3 d\u00edas flotando en su casa en Paiporta - Diario 21\",\"isPartOf\":{\"@id\":\"https:\/\/www.diario21.tv\/noticias\/#website\"},\"primaryImageOfPage\":{\"@id\":\"https:\/\/www.diario21.tv\/noticias\/increible-rescate-la-guardia-civil-salva-a-hombre-tras-3-dias-flotando-en-su-casa-en-paiporta\/#primaryimage\"},\"image\":{\"@id\":\"https:\/\/www.diario21.tv\/noticias\/increible-rescate-la-guardia-civil-salva-a-hombre-tras-3-dias-flotando-en-su-casa-en-paiporta\/#primaryimage\"},\"thumbnailUrl\":\"https:\/\/www.diario21.tv\/noticias\/wp-content\/uploads\/2024\/11\/\u00a1Increible-rescate-La-Guardia-Civil-salva-a-hombre-tras-3.png\",\"datePublished\":\"2024-11-06T13:40:53+00:00\",\"dateModified\":\"2024-11-06T13:40:56+00:00\",\"author\":{\"@id\":\"https:\/\/www.diario21.tv\/noticias\/#\/schema\/person\/dfb778f73814d8f09f302618446a526b\"},\"breadcrumb\":{\"@id\":\"https:\/\/www.diario21.tv\/noticias\/increible-rescate-la-guardia-civil-salva-a-hombre-tras-3-dias-flotando-en-su-casa-en-paiporta\/#breadcrumb\"},\"inLanguage\":\"es-AR\",\"potentialAction\":[{\"@type\":\"ReadAction\",\"target\":[\"https:\/\/www.diario21.tv\/noticias\/increible-rescate-la-guardia-civil-salva-a-hombre-tras-3-dias-flotando-en-su-casa-en-paiporta\/\"]}]},{\"@type\":\"ImageObject\",\"inLanguage\":\"es-AR\",\"@id\":\"https:\/\/www.diario21.tv\/noticias\/increible-rescate-la-guardia-civil-salva-a-hombre-tras-3-dias-flotando-en-su-casa-en-paiporta\/#primaryimage\",\"url\":\"https:\/\/www.diario21.tv\/noticias\/wp-content\/uploads\/2024\/11\/\u00a1Increible-rescate-La-Guardia-Civil-salva-a-hombre-tras-3.png\",\"contentUrl\":\"https:\/\/www.diario21.tv\/noticias\/wp-content\/uploads\/2024\/11\/\u00a1Increible-rescate-La-Guardia-Civil-salva-a-hombre-tras-3.png\",\"width\":1920,\"height\":1188,\"caption\":\"La Guardia Civil salva a un hombre que llevaba tres d\u00edas flotando en su casa de Paiporta\"},{\"@type\":\"BreadcrumbList\",\"@id\":\"https:\/\/www.diario21.tv\/noticias\/increible-rescate-la-guardia-civil-salva-a-hombre-tras-3-dias-flotando-en-su-casa-en-paiporta\/#breadcrumb\",\"itemListElement\":[{\"@type\":\"ListItem\",\"position\":1,\"name\":\"Accueil\",\"item\":\"https:\/\/www.diario21.tv\/noticias\/\"},{\"@type\":\"ListItem\",\"position\":2,\"name\":\"\u00a1Incre\u00edble rescate! La Guardia Civil salva a hombre tras 3 d\u00edas flotando en su casa en Paiporta\"}]},{\"@type\":\"WebSite\",\"@id\":\"https:\/\/www.diario21.tv\/noticias\/#website\",\"url\":\"https:\/\/www.diario21.tv\/noticias\/\",\"name\":\"Diario 21\",\"description\":\"\",\"potentialAction\":[{\"@type\":\"SearchAction\",\"target\":{\"@type\":\"EntryPoint\",\"urlTemplate\":\"https:\/\/www.diario21.tv\/noticias\/?s={search_term_string}\"},\"query-input\":{\"@type\":\"PropertyValueSpecification\",\"valueRequired\":true,\"valueName\":\"search_term_string\"}}],\"inLanguage\":\"es-AR\"},{\"@type\":\"Person\",\"@id\":\"https:\/\/www.diario21.tv\/noticias\/#\/schema\/person\/dfb778f73814d8f09f302618446a526b\",\"name\":\"Juan P\u00e9rez\",\"image\":{\"@type\":\"ImageObject\",\"inLanguage\":\"es-AR\",\"@id\":\"https:\/\/www.diario21.tv\/noticias\/#\/schema\/person\/image\/\",\"url\":\"https:\/\/secure.gravatar.com\/avatar\/c478a405bd10621167f4c3167cc770f5?s=96&d=mm&r=g\",\"contentUrl\":\"https:\/\/secure.gravatar.com\/avatar\/c478a405bd10621167f4c3167cc770f5?s=96&d=mm&r=g\",\"caption\":\"Juan P\u00e9rez\"},\"description\":\"Juan P\u00e9rez es el redactor en jefe de Diario 21. Con m\u00e1s de 10 a\u00f1os de experiencia en el periodismo, se especializa en pol\u00edtica nacional y an\u00e1lisis socioecon\u00f3mico. Su enfoque cr\u00edtico y riguroso aporta una perspectiva \u00fanica a cada art\u00edculo.\",\"sameAs\":[\"https:\/\/www.diario21.tv\/noticias\/\"],\"url\":\"https:\/\/www.diario21.tv\/noticias\/author\/juan-perez\/\"}]}<\/script>\n<!-- \/ Yoast SEO plugin. -->","yoast_head_json":{"title":"\u00a1Incre\u00edble rescate! La Guardia Civil salva a hombre tras 3 d\u00edas flotando en su casa en Paiporta - Diario 21","robots":{"index":"index","follow":"follow","max-snippet":"max-snippet:-1","max-image-preview":"max-image-preview:large","max-video-preview":"max-video-preview:-1"},"canonical":"https:\/\/www.diario21.tv\/noticias\/increible-rescate-la-guardia-civil-salva-a-hombre-tras-3-dias-flotando-en-su-casa-en-paiporta\/","og_locale":"es_ES","og_type":"article","og_title":"\u00a1Incre\u00edble rescate! La Guardia Civil salva a hombre tras 3 d\u00edas flotando en su casa en Paiporta - Diario 21","og_description":"La Guardia Civil Rescata a un Individuo Tras Tres D\u00edas a la Deriva en su Vivienda en Paiporta En un acontecimiento que recalca la valent\u00eda y ... Seguir leyendo &rarr;","og_url":"https:\/\/www.diario21.tv\/noticias\/increible-rescate-la-guardia-civil-salva-a-hombre-tras-3-dias-flotando-en-su-casa-en-paiporta\/","og_site_name":"Diario 21","article_published_time":"2024-11-06T13:40:53+00:00","article_modified_time":"2024-11-06T13:40:56+00:00","og_image":[{"width":1024,"height":634,"url":"https:\/\/www.diario21.tv\/noticias\/wp-content\/uploads\/2024\/11\/\u00a1Increible-rescate-La-Guardia-Civil-salva-a-hombre-tras-3-1024x634.png","type":"image\/png"}],"author":"Juan P\u00e9rez","twitter_card":"summary_large_image","twitter_misc":{"Escrito por":"Juan P\u00e9rez","Tiempo de lectura":"3 minutos"},"schema":{"@context":"https:\/\/schema.org","@graph":[{"@type":"WebPage","@id":"https:\/\/www.diario21.tv\/noticias\/increible-rescate-la-guardia-civil-salva-a-hombre-tras-3-dias-flotando-en-su-casa-en-paiporta\/","url":"https:\/\/www.diario21.tv\/noticias\/increible-rescate-la-guardia-civil-salva-a-hombre-tras-3-dias-flotando-en-su-casa-en-paiporta\/","name":"\u00a1Incre\u00edble rescate! La Guardia Civil salva a hombre tras 3 d\u00edas flotando en su casa en Paiporta - Diario 21","isPartOf":{"@id":"https:\/\/www.diario21.tv\/noticias\/#website"},"primaryImageOfPage":{"@id":"https:\/\/www.diario21.tv\/noticias\/increible-rescate-la-guardia-civil-salva-a-hombre-tras-3-dias-flotando-en-su-casa-en-paiporta\/#primaryimage"},"image":{"@id":"https:\/\/www.diario21.tv\/noticias\/increible-rescate-la-guardia-civil-salva-a-hombre-tras-3-dias-flotando-en-su-casa-en-paiporta\/#primaryimage"},"thumbnailUrl":"https:\/\/www.diario21.tv\/noticias\/wp-content\/uploads\/2024\/11\/\u00a1Increible-rescate-La-Guardia-Civil-salva-a-hombre-tras-3.png","datePublished":"2024-11-06T13:40:53+00:00","dateModified":"2024-11-06T13:40:56+00:00","author":{"@id":"https:\/\/www.diario21.tv\/noticias\/#\/schema\/person\/dfb778f73814d8f09f302618446a526b"},"breadcrumb":{"@id":"https:\/\/www.diario21.tv\/noticias\/increible-rescate-la-guardia-civil-salva-a-hombre-tras-3-dias-flotando-en-su-casa-en-paiporta\/#breadcrumb"},"inLanguage":"es-AR","potentialAction":[{"@type":"ReadAction","target":["https:\/\/www.diario21.tv\/noticias\/increible-rescate-la-guardia-civil-salva-a-hombre-tras-3-dias-flotando-en-su-casa-en-paiporta\/"]}]},{"@type":"ImageObject","inLanguage":"es-AR","@id":"https:\/\/www.diario21.tv\/noticias\/increible-rescate-la-guardia-civil-salva-a-hombre-tras-3-dias-flotando-en-su-casa-en-paiporta\/#primaryimage","url":"https:\/\/www.diario21.tv\/noticias\/wp-content\/uploads\/2024\/11\/\u00a1Increible-rescate-La-Guardia-Civil-salva-a-hombre-tras-3.png","contentUrl":"https:\/\/www.diario21.tv\/noticias\/wp-content\/uploads\/2024\/11\/\u00a1Increible-rescate-La-Guardia-Civil-salva-a-hombre-tras-3.png","width":1920,"height":1188,"caption":"La Guardia Civil salva a un hombre que llevaba tres d\u00edas flotando en su casa de Paiporta"},{"@type":"BreadcrumbList","@id":"https:\/\/www.diario21.tv\/noticias\/increible-rescate-la-guardia-civil-salva-a-hombre-tras-3-dias-flotando-en-su-casa-en-paiporta\/#breadcrumb","itemListElement":[{"@type":"ListItem","position":1,"name":"Accueil","item":"https:\/\/www.diario21.tv\/noticias\/"},{"@type":"ListItem","position":2,"name":"\u00a1Incre\u00edble rescate! La Guardia Civil salva a hombre tras 3 d\u00edas flotando en su casa en Paiporta"}]},{"@type":"WebSite","@id":"https:\/\/www.diario21.tv\/noticias\/#website","url":"https:\/\/www.diario21.tv\/noticias\/","name":"Diario 21","description":"","potentialAction":[{"@type":"SearchAction","target":{"@type":"EntryPoint","urlTemplate":"https:\/\/www.diario21.tv\/noticias\/?s={search_term_string}"},"query-input":{"@type":"PropertyValueSpecification","valueRequired":true,"valueName":"search_term_string"}}],"inLanguage":"es-AR"},{"@type":"Person","@id":"https:\/\/www.diario21.tv\/noticias\/#\/schema\/person\/dfb778f73814d8f09f302618446a526b","name":"Juan P\u00e9rez","image":{"@type":"ImageObject","inLanguage":"es-AR","@id":"https:\/\/www.diario21.tv\/noticias\/#\/schema\/person\/image\/","url":"https:\/\/secure.gravatar.com\/avatar\/c478a405bd10621167f4c3167cc770f5?s=96&d=mm&r=g","contentUrl":"https:\/\/secure.gravatar.com\/avatar\/c478a405bd10621167f4c3167cc770f5?s=96&d=mm&r=g","caption":"Juan P\u00e9rez"},"description":"Juan P\u00e9rez es el redactor en jefe de Diario 21. Con m\u00e1s de 10 a\u00f1os de experiencia en el periodismo, se especializa en pol\u00edtica nacional y an\u00e1lisis socioecon\u00f3mico. Su enfoque cr\u00edtico y riguroso aporta una perspectiva \u00fanica a cada art\u00edculo.","sameAs":["https:\/\/www.diario21.tv\/noticias\/"],"url":"https:\/\/www.diario21.tv\/noticias\/author\/juan-perez\/"}]}},"_links":{"self":[{"href":"https:\/\/www.diario21.tv\/noticias\/wp-json\/wp\/v2\/posts\/1116"}],"collection":[{"href":"https:\/\/www.diario21.tv\/noticias\/wp-json\/wp\/v2\/posts"}],"about":[{"href":"https:\/\/www.diario21.tv\/noticias\/wp-json\/wp\/v2\/types\/post"}],"author":[{"embeddable":true,"href":"https:\/\/www.diario21.tv\/noticias\/wp-json\/wp\/v2\/users\/20"}],"replies":[{"embeddable":true,"href":"https:\/\/www.diario21.tv\/noticias\/wp-json\/wp\/v2\/comments?post=1116"}],"version-history":[{"count":1,"href":"https:\/\/www.diario21.tv\/noticias\/wp-json\/wp\/v2\/posts\/1116\/revisions"}],"predecessor-version":[{"id":1118,"href":"https:\/\/www.diario21.tv\/noticias\/wp-json\/wp\/v2\/posts\/1116\/revisions\/1118"}],"wp:featuredmedia":[{"embeddable":true,"href":"https:\/\/www.diario21.tv\/noticias\/wp-json\/wp\/v2\/media\/1117"}],"wp:attachment":[{"href":"https:\/\/www.diario21.tv\/noticias\/wp-json\/wp\/v2\/media?parent=1116"}],"wp:term":[{"taxonomy":"category","embeddable":true,"href":"https:\/\/www.diario21.tv\/noticias\/wp-json\/wp\/v2\/categories?post=1116"},{"taxonomy":"post_tag","embeddable":true,"href":"https:\/\/www.diario21.tv\/noticias\/wp-json\/wp\/v2\/tags?post=1116"}],"curies":[{"name":"wp","href":"https:\/\/api.w.org\/{rel}","templated":true}]}}