{"id":1104,"date":"2024-11-05T07:07:42","date_gmt":"2024-11-05T07:07:42","guid":{"rendered":"https:\/\/www.diario21.tv\/noticias\/impactante-mas-de-80-detenidos-por-saqueos-tras-la-dana-en-valencia\/"},"modified":"2024-11-05T07:07:45","modified_gmt":"2024-11-05T07:07:45","slug":"impactante-mas-de-80-detenidos-por-saqueos-tras-la-dana-en-valencia","status":"publish","type":"post","link":"https:\/\/www.diario21.tv\/noticias\/impactante-mas-de-80-detenidos-por-saqueos-tras-la-dana-en-valencia\/","title":{"rendered":"\u00a1Impactante! M\u00e1s de 80 detenidos por saqueos tras la DANA en Valencia"},"content":{"rendered":"<h2>Detenciones masivas tras los saqueos en las \u00e1reas valencianas impactadas por el temporal<\/h2>\n<p>En un reciente operativo policial, se ha confirmado la detenci\u00f3n de m\u00e1s de 80 individuos implicados en actos de pillaje en las comunidades de Valencia que han sido severamente da\u00f1adas por la Depresi\u00f3n Aislada en Niveles Altos (DANA). Este fen\u00f3meno meteorol\u00f3gico, que ha causado estragos en la regi\u00f3n, ha dejado tras de s\u00ed no solo da\u00f1os materiales significativos, sino tambi\u00e9n ha precipitado una ola de cr\u00edmenes oportun\u00edsticos.<\/p>\n<h3>Respuesta inmediata de las autoridades<\/h3>\n<p>Las fuerzas de seguridad han actuado con rapidez ante los informes de saqueos, que empezaron a surgir poco despu\u00e9s de que la DANA devastara la infraestructura local, dejando a muchas \u00e1reas en un estado de vulnerabilidad. En respuesta, se desplegaron operaciones exhaustivas para detener a los culpables, resultando en la aprehensi\u00f3n de decenas de sospechosos.<\/p>\n<p>Seg\u00fan fuentes oficiales, los detenidos son principalmente j\u00f3venes, muchos de los cuales tienen antecedentes penales. Estos individuos aprovecharon la confusi\u00f3n y el caos post-temporal para irrumpir en propiedades da\u00f1adas, robando todo tipo de art\u00edculos, desde electrodom\u00e9sticos hasta bienes personales.<\/p>\n<h3>Medidas de seguridad fortalecidas<\/h3>\n<p>Ante la situaci\u00f3n, la polic\u00eda ha incrementado su presencia en las zonas afectadas, realizando patrullas continuas para disuadir a los potenciales delincuentes. Adem\u00e1s, se han establecido puntos de control en \u00e1reas clave para monitorizar el flujo de personas y prevenir futuros incidentes.<\/p>\n<p>Las autoridades han hecho un llamado a la poblaci\u00f3n para que colaboren reportando cualquier actividad sospechosa. Tambi\u00e9n se ha solicitado la colaboraci\u00f3n de las comunidades locales para formar redes de vigilancia vecinal, con el objetivo de fortalecer la seguridad colectiva.<\/p>\n<h3>Impacto de la DANA en Valencia<\/h3>\n<p>La Depresi\u00f3n Aislada en Niveles Altos ha dejado un saldo desolador en varias localidades valencianas, con calles inundadas, viviendas destruidas y una infraestructura comprometida. El impacto econ\u00f3mico tambi\u00e9n es notable, con muchos negocios incapaces de operar debido a los da\u00f1os sufridos.<\/p>\n<p>En medio de la reconstrucci\u00f3n, las autoridades est\u00e1n evaluando los da\u00f1os y coordinando esfuerzos para asegurar que se brinde la asistencia necesaria a los afectados. Igualmente, se est\u00e1n tomando medidas para revisar y mejorar los sistemas de alerta y respuesta a este tipo de desastres naturales en el futuro.<\/p>\n<h3>Un llamado a la solidaridad<\/h3>\n<p>El gobierno local y varias organizaciones no gubernamentales han iniciado campa\u00f1as de ayuda para los damnificados por la DANA. Se est\u00e1 haciendo un llamado a la solidaridad de todos los ciudadanos para contribuir con donaciones y voluntariado, con el fin de ayudar a las comunidades a recuperarse de este duro golpe.<\/p>\n<p>La respuesta de la comunidad ha sido positiva, con muchas personas ofreci\u00e9ndose como voluntarios para ayudar en las labores de limpieza y reconstrucci\u00f3n. Este esp\u00edritu de ayuda mutua es un rayo de esperanza en medio de las dificultades que enfrentan las poblaciones afectadas por la DANA en Valencia.<\/p>\n\n\n<div class=\"kk-star-ratings kksr-auto kksr-align-left kksr-valign-bottom\"\n    data-payload='{&quot;align&quot;:&quot;left&quot;,&quot;id&quot;:&quot;1104&quot;,&quot;slug&quot;:&quot;default&quot;,&quot;valign&quot;:&quot;bottom&quot;,&quot;ignore&quot;:&quot;&quot;,&quot;reference&quot;:&quot;auto&quot;,&quot;class&quot;:&quot;&quot;,&quot;count&quot;:&quot;0&quot;,&quot;legendonly&quot;:&quot;&quot;,&quot;readonly&quot;:&quot;&quot;,&quot;score&quot;:&quot;0&quot;,&quot;starsonly&quot;:&quot;&quot;,&quot;best&quot;:&quot;5&quot;,&quot;gap&quot;:&quot;5&quot;,&quot;greet&quot;:&quot;Valora este post&quot;,&quot;legend&quot;:&quot;0\\\/5 - (0 votes)&quot;,&quot;size&quot;:&quot;22&quot;,&quot;title&quot;:&quot;\u00a1Impactante! M\u00e1s de 80 detenidos por saqueos tras la DANA en Valencia&quot;,&quot;width&quot;:&quot;0&quot;,&quot;_legend&quot;:&quot;{score}\\\/{best} - ({count} {votes})&quot;,&quot;font_factor&quot;:&quot;1.25&quot;}'>\n            \n<div class=\"kksr-stars\">\n    \n<div class=\"kksr-stars-inactive\">\n            <div class=\"kksr-star\" data-star=\"1\" style=\"padding-right: 5px\">\n            \n\n<div class=\"kksr-icon\" style=\"width: 22px; height: 22px;\"><\/div>\n        <\/div>\n            <div class=\"kksr-star\" data-star=\"2\" style=\"padding-right: 5px\">\n            \n\n<div class=\"kksr-icon\" style=\"width: 22px; height: 22px;\"><\/div>\n        <\/div>\n            <div class=\"kksr-star\" data-star=\"3\" style=\"padding-right: 5px\">\n            \n\n<div class=\"kksr-icon\" style=\"width: 22px; height: 22px;\"><\/div>\n        <\/div>\n            <div class=\"kksr-star\" data-star=\"4\" style=\"padding-right: 5px\">\n            \n\n<div class=\"kksr-icon\" style=\"width: 22px; height: 22px;\"><\/div>\n        <\/div>\n            <div class=\"kksr-star\" data-star=\"5\" style=\"padding-right: 5px\">\n            \n\n<div class=\"kksr-icon\" style=\"width: 22px; height: 22px;\"><\/div>\n        <\/div>\n    <\/div>\n    \n<div class=\"kksr-stars-active\" style=\"width: 0px;\">\n            <div class=\"kksr-star\" style=\"padding-right: 5px\">\n            \n\n<div class=\"kksr-icon\" style=\"width: 22px; height: 22px;\"><\/div>\n        <\/div>\n            <div class=\"kksr-star\" style=\"padding-right: 5px\">\n            \n\n<div class=\"kksr-icon\" style=\"width: 22px; height: 22px;\"><\/div>\n        <\/div>\n            <div class=\"kksr-star\" style=\"padding-right: 5px\">\n            \n\n<div class=\"kksr-icon\" style=\"width: 22px; height: 22px;\"><\/div>\n        <\/div>\n            <div class=\"kksr-star\" style=\"padding-right: 5px\">\n            \n\n<div class=\"kksr-icon\" style=\"width: 22px; height: 22px;\"><\/div>\n        <\/div>\n            <div class=\"kksr-star\" style=\"padding-right: 5px\">\n            \n\n<div class=\"kksr-icon\" style=\"width: 22px; height: 22px;\"><\/div>\n        <\/div>\n    <\/div>\n<\/div>\n                \n\n<div class=\"kksr-legend\" style=\"font-size: 17.6px;\">\n            <span class=\"kksr-muted\">Valora este post<\/span>\n    <\/div>\n    <\/div>\n","protected":false},"excerpt":{"rendered":"<p>Detenciones masivas tras los saqueos en las \u00e1reas valencianas impactadas por el temporal En un reciente operativo policial, se ha confirmado la detenci\u00f3n de m\u00e1s de &#8230; <a title=\"\u00a1Impactante! M\u00e1s de 80 detenidos por saqueos tras la DANA en Valencia\" class=\"read-more\" href=\"https:\/\/www.diario21.tv\/noticias\/impactante-mas-de-80-detenidos-por-saqueos-tras-la-dana-en-valencia\/\" aria-label=\"Leer m\u00e1s sobre \u00a1Impactante! M\u00e1s de 80 detenidos por saqueos tras la DANA en Valencia\">Seguir leyendo &rarr;<\/a><\/p>\n","protected":false},"author":20,"featured_media":1105,"comment_status":"open","ping_status":"open","sticky":false,"template":"","format":"standard","meta":{"footnotes":""},"categories":[13],"tags":[],"class_list":["post-1104","post","type-post","status-publish","format-standard","has-post-thumbnail","hentry","category-portada"],"yoast_head":"<!-- This site is optimized with the Yoast SEO plugin v25.6 - https:\/\/yoast.com\/wordpress\/plugins\/seo\/ -->\n<title>\u00a1Impactante! M\u00e1s de 80 detenidos por saqueos tras la DANA en Valencia - Diario 21<\/title>\n<meta name=\"robots\" content=\"index, follow, max-snippet:-1, max-image-preview:large, max-video-preview:-1\" \/>\n<link rel=\"canonical\" href=\"https:\/\/www.diario21.tv\/noticias\/impactante-mas-de-80-detenidos-por-saqueos-tras-la-dana-en-valencia\/\" \/>\n<meta property=\"og:locale\" content=\"es_ES\" \/>\n<meta property=\"og:type\" content=\"article\" \/>\n<meta property=\"og:title\" content=\"\u00a1Impactante! M\u00e1s de 80 detenidos por saqueos tras la DANA en Valencia - Diario 21\" \/>\n<meta property=\"og:description\" content=\"Detenciones masivas tras los saqueos en las \u00e1reas valencianas impactadas por el temporal En un reciente operativo policial, se ha confirmado la detenci\u00f3n de m\u00e1s de ... Seguir leyendo &rarr;\" \/>\n<meta property=\"og:url\" content=\"https:\/\/www.diario21.tv\/noticias\/impactante-mas-de-80-detenidos-por-saqueos-tras-la-dana-en-valencia\/\" \/>\n<meta property=\"og:site_name\" content=\"Diario 21\" \/>\n<meta property=\"article:published_time\" content=\"2024-11-05T07:07:42+00:00\" \/>\n<meta property=\"article:modified_time\" content=\"2024-11-05T07:07:45+00:00\" \/>\n<meta property=\"og:image\" content=\"https:\/\/www.diario21.tv\/noticias\/wp-content\/uploads\/2024\/11\/\u00a1Impactante-Mas-de-80-detenidos-por-saqueos-tras-la-DANA.jpg\" \/>\n\t<meta property=\"og:image:width\" content=\"1913\" \/>\n\t<meta property=\"og:image:height\" content=\"1080\" \/>\n\t<meta property=\"og:image:type\" content=\"image\/jpeg\" \/>\n<meta name=\"author\" content=\"Juan P\u00e9rez\" \/>\n<meta name=\"twitter:card\" content=\"summary_large_image\" \/>\n<meta name=\"twitter:label1\" content=\"Escrito por\" \/>\n\t<meta name=\"twitter:data1\" content=\"Juan P\u00e9rez\" \/>\n\t<meta name=\"twitter:label2\" content=\"Tiempo de lectura\" \/>\n\t<meta name=\"twitter:data2\" content=\"3 minutos\" \/>\n<script type=\"application\/ld+json\" class=\"yoast-schema-graph\">{\"@context\":\"https:\/\/schema.org\",\"@graph\":[{\"@type\":\"WebPage\",\"@id\":\"https:\/\/www.diario21.tv\/noticias\/impactante-mas-de-80-detenidos-por-saqueos-tras-la-dana-en-valencia\/\",\"url\":\"https:\/\/www.diario21.tv\/noticias\/impactante-mas-de-80-detenidos-por-saqueos-tras-la-dana-en-valencia\/\",\"name\":\"\u00a1Impactante! M\u00e1s de 80 detenidos por saqueos tras la DANA en Valencia - Diario 21\",\"isPartOf\":{\"@id\":\"https:\/\/www.diario21.tv\/noticias\/#website\"},\"primaryImageOfPage\":{\"@id\":\"https:\/\/www.diario21.tv\/noticias\/impactante-mas-de-80-detenidos-por-saqueos-tras-la-dana-en-valencia\/#primaryimage\"},\"image\":{\"@id\":\"https:\/\/www.diario21.tv\/noticias\/impactante-mas-de-80-detenidos-por-saqueos-tras-la-dana-en-valencia\/#primaryimage\"},\"thumbnailUrl\":\"https:\/\/www.diario21.tv\/noticias\/wp-content\/uploads\/2024\/11\/\u00a1Impactante-Mas-de-80-detenidos-por-saqueos-tras-la-DANA.jpg\",\"datePublished\":\"2024-11-05T07:07:42+00:00\",\"dateModified\":\"2024-11-05T07:07:45+00:00\",\"author\":{\"@id\":\"https:\/\/www.diario21.tv\/noticias\/#\/schema\/person\/dfb778f73814d8f09f302618446a526b\"},\"breadcrumb\":{\"@id\":\"https:\/\/www.diario21.tv\/noticias\/impactante-mas-de-80-detenidos-por-saqueos-tras-la-dana-en-valencia\/#breadcrumb\"},\"inLanguage\":\"es-AR\",\"potentialAction\":[{\"@type\":\"ReadAction\",\"target\":[\"https:\/\/www.diario21.tv\/noticias\/impactante-mas-de-80-detenidos-por-saqueos-tras-la-dana-en-valencia\/\"]}]},{\"@type\":\"ImageObject\",\"inLanguage\":\"es-AR\",\"@id\":\"https:\/\/www.diario21.tv\/noticias\/impactante-mas-de-80-detenidos-por-saqueos-tras-la-dana-en-valencia\/#primaryimage\",\"url\":\"https:\/\/www.diario21.tv\/noticias\/wp-content\/uploads\/2024\/11\/\u00a1Impactante-Mas-de-80-detenidos-por-saqueos-tras-la-DANA.jpg\",\"contentUrl\":\"https:\/\/www.diario21.tv\/noticias\/wp-content\/uploads\/2024\/11\/\u00a1Impactante-Mas-de-80-detenidos-por-saqueos-tras-la-DANA.jpg\",\"width\":1913,\"height\":1080,\"caption\":\"M\u00e1s de 80 detenidos por saqueos en poblaciones valencianas afectadas por la DANA\"},{\"@type\":\"BreadcrumbList\",\"@id\":\"https:\/\/www.diario21.tv\/noticias\/impactante-mas-de-80-detenidos-por-saqueos-tras-la-dana-en-valencia\/#breadcrumb\",\"itemListElement\":[{\"@type\":\"ListItem\",\"position\":1,\"name\":\"Accueil\",\"item\":\"https:\/\/www.diario21.tv\/noticias\/\"},{\"@type\":\"ListItem\",\"position\":2,\"name\":\"\u00a1Impactante! M\u00e1s de 80 detenidos por saqueos tras la DANA en Valencia\"}]},{\"@type\":\"WebSite\",\"@id\":\"https:\/\/www.diario21.tv\/noticias\/#website\",\"url\":\"https:\/\/www.diario21.tv\/noticias\/\",\"name\":\"Diario 21\",\"description\":\"\",\"potentialAction\":[{\"@type\":\"SearchAction\",\"target\":{\"@type\":\"EntryPoint\",\"urlTemplate\":\"https:\/\/www.diario21.tv\/noticias\/?s={search_term_string}\"},\"query-input\":{\"@type\":\"PropertyValueSpecification\",\"valueRequired\":true,\"valueName\":\"search_term_string\"}}],\"inLanguage\":\"es-AR\"},{\"@type\":\"Person\",\"@id\":\"https:\/\/www.diario21.tv\/noticias\/#\/schema\/person\/dfb778f73814d8f09f302618446a526b\",\"name\":\"Juan P\u00e9rez\",\"image\":{\"@type\":\"ImageObject\",\"inLanguage\":\"es-AR\",\"@id\":\"https:\/\/www.diario21.tv\/noticias\/#\/schema\/person\/image\/\",\"url\":\"https:\/\/secure.gravatar.com\/avatar\/c478a405bd10621167f4c3167cc770f5?s=96&d=mm&r=g\",\"contentUrl\":\"https:\/\/secure.gravatar.com\/avatar\/c478a405bd10621167f4c3167cc770f5?s=96&d=mm&r=g\",\"caption\":\"Juan P\u00e9rez\"},\"description\":\"Juan P\u00e9rez es el redactor en jefe de Diario 21. Con m\u00e1s de 10 a\u00f1os de experiencia en el periodismo, se especializa en pol\u00edtica nacional y an\u00e1lisis socioecon\u00f3mico. Su enfoque cr\u00edtico y riguroso aporta una perspectiva \u00fanica a cada art\u00edculo.\",\"sameAs\":[\"https:\/\/www.diario21.tv\/noticias\/\"],\"url\":\"https:\/\/www.diario21.tv\/noticias\/author\/juan-perez\/\"}]}<\/script>\n<!-- \/ Yoast SEO plugin. -->","yoast_head_json":{"title":"\u00a1Impactante! M\u00e1s de 80 detenidos por saqueos tras la DANA en Valencia - Diario 21","robots":{"index":"index","follow":"follow","max-snippet":"max-snippet:-1","max-image-preview":"max-image-preview:large","max-video-preview":"max-video-preview:-1"},"canonical":"https:\/\/www.diario21.tv\/noticias\/impactante-mas-de-80-detenidos-por-saqueos-tras-la-dana-en-valencia\/","og_locale":"es_ES","og_type":"article","og_title":"\u00a1Impactante! M\u00e1s de 80 detenidos por saqueos tras la DANA en Valencia - Diario 21","og_description":"Detenciones masivas tras los saqueos en las \u00e1reas valencianas impactadas por el temporal En un reciente operativo policial, se ha confirmado la detenci\u00f3n de m\u00e1s de ... Seguir leyendo &rarr;","og_url":"https:\/\/www.diario21.tv\/noticias\/impactante-mas-de-80-detenidos-por-saqueos-tras-la-dana-en-valencia\/","og_site_name":"Diario 21","article_published_time":"2024-11-05T07:07:42+00:00","article_modified_time":"2024-11-05T07:07:45+00:00","og_image":[{"width":1913,"height":1080,"url":"https:\/\/www.diario21.tv\/noticias\/wp-content\/uploads\/2024\/11\/\u00a1Impactante-Mas-de-80-detenidos-por-saqueos-tras-la-DANA.jpg","type":"image\/jpeg"}],"author":"Juan P\u00e9rez","twitter_card":"summary_large_image","twitter_misc":{"Escrito por":"Juan P\u00e9rez","Tiempo de lectura":"3 minutos"},"schema":{"@context":"https:\/\/schema.org","@graph":[{"@type":"WebPage","@id":"https:\/\/www.diario21.tv\/noticias\/impactante-mas-de-80-detenidos-por-saqueos-tras-la-dana-en-valencia\/","url":"https:\/\/www.diario21.tv\/noticias\/impactante-mas-de-80-detenidos-por-saqueos-tras-la-dana-en-valencia\/","name":"\u00a1Impactante! M\u00e1s de 80 detenidos por saqueos tras la DANA en Valencia - Diario 21","isPartOf":{"@id":"https:\/\/www.diario21.tv\/noticias\/#website"},"primaryImageOfPage":{"@id":"https:\/\/www.diario21.tv\/noticias\/impactante-mas-de-80-detenidos-por-saqueos-tras-la-dana-en-valencia\/#primaryimage"},"image":{"@id":"https:\/\/www.diario21.tv\/noticias\/impactante-mas-de-80-detenidos-por-saqueos-tras-la-dana-en-valencia\/#primaryimage"},"thumbnailUrl":"https:\/\/www.diario21.tv\/noticias\/wp-content\/uploads\/2024\/11\/\u00a1Impactante-Mas-de-80-detenidos-por-saqueos-tras-la-DANA.jpg","datePublished":"2024-11-05T07:07:42+00:00","dateModified":"2024-11-05T07:07:45+00:00","author":{"@id":"https:\/\/www.diario21.tv\/noticias\/#\/schema\/person\/dfb778f73814d8f09f302618446a526b"},"breadcrumb":{"@id":"https:\/\/www.diario21.tv\/noticias\/impactante-mas-de-80-detenidos-por-saqueos-tras-la-dana-en-valencia\/#breadcrumb"},"inLanguage":"es-AR","potentialAction":[{"@type":"ReadAction","target":["https:\/\/www.diario21.tv\/noticias\/impactante-mas-de-80-detenidos-por-saqueos-tras-la-dana-en-valencia\/"]}]},{"@type":"ImageObject","inLanguage":"es-AR","@id":"https:\/\/www.diario21.tv\/noticias\/impactante-mas-de-80-detenidos-por-saqueos-tras-la-dana-en-valencia\/#primaryimage","url":"https:\/\/www.diario21.tv\/noticias\/wp-content\/uploads\/2024\/11\/\u00a1Impactante-Mas-de-80-detenidos-por-saqueos-tras-la-DANA.jpg","contentUrl":"https:\/\/www.diario21.tv\/noticias\/wp-content\/uploads\/2024\/11\/\u00a1Impactante-Mas-de-80-detenidos-por-saqueos-tras-la-DANA.jpg","width":1913,"height":1080,"caption":"M\u00e1s de 80 detenidos por saqueos en poblaciones valencianas afectadas por la DANA"},{"@type":"BreadcrumbList","@id":"https:\/\/www.diario21.tv\/noticias\/impactante-mas-de-80-detenidos-por-saqueos-tras-la-dana-en-valencia\/#breadcrumb","itemListElement":[{"@type":"ListItem","position":1,"name":"Accueil","item":"https:\/\/www.diario21.tv\/noticias\/"},{"@type":"ListItem","position":2,"name":"\u00a1Impactante! M\u00e1s de 80 detenidos por saqueos tras la DANA en Valencia"}]},{"@type":"WebSite","@id":"https:\/\/www.diario21.tv\/noticias\/#website","url":"https:\/\/www.diario21.tv\/noticias\/","name":"Diario 21","description":"","potentialAction":[{"@type":"SearchAction","target":{"@type":"EntryPoint","urlTemplate":"https:\/\/www.diario21.tv\/noticias\/?s={search_term_string}"},"query-input":{"@type":"PropertyValueSpecification","valueRequired":true,"valueName":"search_term_string"}}],"inLanguage":"es-AR"},{"@type":"Person","@id":"https:\/\/www.diario21.tv\/noticias\/#\/schema\/person\/dfb778f73814d8f09f302618446a526b","name":"Juan P\u00e9rez","image":{"@type":"ImageObject","inLanguage":"es-AR","@id":"https:\/\/www.diario21.tv\/noticias\/#\/schema\/person\/image\/","url":"https:\/\/secure.gravatar.com\/avatar\/c478a405bd10621167f4c3167cc770f5?s=96&d=mm&r=g","contentUrl":"https:\/\/secure.gravatar.com\/avatar\/c478a405bd10621167f4c3167cc770f5?s=96&d=mm&r=g","caption":"Juan P\u00e9rez"},"description":"Juan P\u00e9rez es el redactor en jefe de Diario 21. Con m\u00e1s de 10 a\u00f1os de experiencia en el periodismo, se especializa en pol\u00edtica nacional y an\u00e1lisis socioecon\u00f3mico. Su enfoque cr\u00edtico y riguroso aporta una perspectiva \u00fanica a cada art\u00edculo.","sameAs":["https:\/\/www.diario21.tv\/noticias\/"],"url":"https:\/\/www.diario21.tv\/noticias\/author\/juan-perez\/"}]}},"_links":{"self":[{"href":"https:\/\/www.diario21.tv\/noticias\/wp-json\/wp\/v2\/posts\/1104"}],"collection":[{"href":"https:\/\/www.diario21.tv\/noticias\/wp-json\/wp\/v2\/posts"}],"about":[{"href":"https:\/\/www.diario21.tv\/noticias\/wp-json\/wp\/v2\/types\/post"}],"author":[{"embeddable":true,"href":"https:\/\/www.diario21.tv\/noticias\/wp-json\/wp\/v2\/users\/20"}],"replies":[{"embeddable":true,"href":"https:\/\/www.diario21.tv\/noticias\/wp-json\/wp\/v2\/comments?post=1104"}],"version-history":[{"count":1,"href":"https:\/\/www.diario21.tv\/noticias\/wp-json\/wp\/v2\/posts\/1104\/revisions"}],"predecessor-version":[{"id":1106,"href":"https:\/\/www.diario21.tv\/noticias\/wp-json\/wp\/v2\/posts\/1104\/revisions\/1106"}],"wp:featuredmedia":[{"embeddable":true,"href":"https:\/\/www.diario21.tv\/noticias\/wp-json\/wp\/v2\/media\/1105"}],"wp:attachment":[{"href":"https:\/\/www.diario21.tv\/noticias\/wp-json\/wp\/v2\/media?parent=1104"}],"wp:term":[{"taxonomy":"category","embeddable":true,"href":"https:\/\/www.diario21.tv\/noticias\/wp-json\/wp\/v2\/categories?post=1104"},{"taxonomy":"post_tag","embeddable":true,"href":"https:\/\/www.diario21.tv\/noticias\/wp-json\/wp\/v2\/tags?post=1104"}],"curies":[{"name":"wp","href":"https:\/\/api.w.org\/{rel}","templated":true}]}}