{"id":1101,"date":"2024-11-05T01:00:17","date_gmt":"2024-11-05T01:00:17","guid":{"rendered":"https:\/\/www.diario21.tv\/noticias\/psicologos-alertan-por-dana-la-salud-mental-es-tan-vital-como-luz-y-agua\/"},"modified":"2024-11-05T01:00:19","modified_gmt":"2024-11-05T01:00:19","slug":"psicologos-alertan-por-dana-la-salud-mental-es-tan-vital-como-luz-y-agua","status":"publish","type":"post","link":"https:\/\/www.diario21.tv\/noticias\/psicologos-alertan-por-dana-la-salud-mental-es-tan-vital-como-luz-y-agua\/","title":{"rendered":"Psic\u00f3logos alertan por DANA: La salud mental es tan vital como luz y agua."},"content":{"rendered":"<h2>La Movilizaci\u00f3n de los Psic\u00f3logos Ante la DANA: \u00abLa Salud Mental es Tan Esencial Como la Electricidad y el Agua\u00bb<\/h2>\n<p>Los efectos devastadores de la Depresi\u00f3n Aislada en Niveles Altos (DANA) no solo impactan la infraestructura f\u00edsica de las \u00e1reas afectadas, sino tambi\u00e9n la salud mental de las personas que viven en esas regiones. Ante esta situaci\u00f3n, la comunidad de psic\u00f3logos ha decidido tomar acci\u00f3n, subrayando la importancia de atender el bienestar psicol\u00f3gico con la misma urgencia que se atienden otras necesidades b\u00e1sicas como la electricidad y el agua.<\/p>\n<h3>La Respuesta Psicol\u00f3gica Ante Cat\u00e1strofes<\/h3>\n<p>En respuesta a los eventos traum\u00e1ticos causados por la DANA, los psic\u00f3logos han organizado equipos de intervenci\u00f3n r\u00e1pida para asistir a las v\u00edctimas. Estos profesionales est\u00e1n trabajando de manera incansable para proporcionar apoyo emocional y psicol\u00f3gico a quienes han sido desplazados de sus hogares o han sufrido p\u00e9rdidas significativas. La premisa es clara: la salud mental es fundamental para la recuperaci\u00f3n integral de las personas, y no debe ser relegada.<\/p>\n<h3>El Impacto de la DANA en la Salud Mental<\/h3>\n<p>Las consecuencias de una cat\u00e1strofe natural como la DANA pueden ser profundamente perturbadoras. Los individuos afectados pueden experimentar una amplia gama de emociones negativas, incluyendo miedo, ansiedad, depresi\u00f3n y estr\u00e9s postraum\u00e1tico. Sin la intervenci\u00f3n adecuada, estos estados pueden prolongarse y complicar a\u00fan m\u00e1s la recuperaci\u00f3n de las comunidades. Por ello, la presencia de especialistas en salud mental en las zonas afectadas es crucial para iniciar procesos de sanaci\u00f3n y evitar secuelas a largo plazo.<\/p>\n<h3>Acciones Concretas de los Psic\u00f3logos<\/h3>\n<p>Los equipos de psic\u00f3logos que se han movilizado hacia las \u00e1reas impactadas por la DANA llevan a cabo varias acciones. Ofrecen sesiones de terapia individual y grupal, implementan programas de asistencia psicol\u00f3gica y realizan talleres para ense\u00f1ar t\u00e9cnicas de manejo de estr\u00e9s y resiliencia. Adem\u00e1s, colaboran estrechamente con otras organizaciones de ayuda para asegurar una respuesta integrada y efectiva que aborde tanto las necesidades f\u00edsicas como psicol\u00f3gicas de las comunidades.<\/p>\n<h3>La Importancia de la Educaci\u00f3n y Prevenci\u00f3n<\/h3>\n<p>Adem\u00e1s de la intervenci\u00f3n inmediata, los psic\u00f3logos enfatizan la importancia de la educaci\u00f3n y la prevenci\u00f3n en temas de salud mental. A trav\u00e9s de programas educativos y campa\u00f1as de concienciaci\u00f3n, buscan preparar a las comunidades para manejar mejor las situaciones de estr\u00e9s y ansiedad que pueden surgir durante cat\u00e1strofes naturales. Estas iniciativas son esenciales para fortalecer la resiliencia comunitaria y promover una recuperaci\u00f3n m\u00e1s r\u00e1pida y efectiva.<\/p>\n<p>En conclusi\u00f3n, la movilizaci\u00f3n de los psic\u00f3logos en respuesta a la DANA demuestra un reconocimiento creciente de que la salud mental es indispensable, al igual que otros servicios b\u00e1sicos. Al integrar el cuidado psicol\u00f3gico en la respuesta a desastres, se puede asegurar no solo la reconstrucci\u00f3n f\u00edsica de las \u00e1reas afectadas, sino tambi\u00e9n la recuperaci\u00f3n emocional y mental de las personas que han vivido estos eventos traum\u00e1ticos.<\/p>\n\n\n<div class=\"kk-star-ratings kksr-auto kksr-align-left kksr-valign-bottom\"\n    data-payload='{&quot;align&quot;:&quot;left&quot;,&quot;id&quot;:&quot;1101&quot;,&quot;slug&quot;:&quot;default&quot;,&quot;valign&quot;:&quot;bottom&quot;,&quot;ignore&quot;:&quot;&quot;,&quot;reference&quot;:&quot;auto&quot;,&quot;class&quot;:&quot;&quot;,&quot;count&quot;:&quot;0&quot;,&quot;legendonly&quot;:&quot;&quot;,&quot;readonly&quot;:&quot;&quot;,&quot;score&quot;:&quot;0&quot;,&quot;starsonly&quot;:&quot;&quot;,&quot;best&quot;:&quot;5&quot;,&quot;gap&quot;:&quot;5&quot;,&quot;greet&quot;:&quot;Valora este post&quot;,&quot;legend&quot;:&quot;0\\\/5 - (0 votes)&quot;,&quot;size&quot;:&quot;22&quot;,&quot;title&quot;:&quot;Psic\u00f3logos alertan por DANA: La salud mental es tan vital como luz y agua.&quot;,&quot;width&quot;:&quot;0&quot;,&quot;_legend&quot;:&quot;{score}\\\/{best} - ({count} {votes})&quot;,&quot;font_factor&quot;:&quot;1.25&quot;}'>\n            \n<div class=\"kksr-stars\">\n    \n<div class=\"kksr-stars-inactive\">\n            <div class=\"kksr-star\" data-star=\"1\" style=\"padding-right: 5px\">\n            \n\n<div class=\"kksr-icon\" style=\"width: 22px; height: 22px;\"><\/div>\n        <\/div>\n            <div class=\"kksr-star\" data-star=\"2\" style=\"padding-right: 5px\">\n            \n\n<div class=\"kksr-icon\" style=\"width: 22px; height: 22px;\"><\/div>\n        <\/div>\n            <div class=\"kksr-star\" data-star=\"3\" style=\"padding-right: 5px\">\n            \n\n<div class=\"kksr-icon\" style=\"width: 22px; height: 22px;\"><\/div>\n        <\/div>\n            <div class=\"kksr-star\" data-star=\"4\" style=\"padding-right: 5px\">\n            \n\n<div class=\"kksr-icon\" style=\"width: 22px; height: 22px;\"><\/div>\n        <\/div>\n            <div class=\"kksr-star\" data-star=\"5\" style=\"padding-right: 5px\">\n            \n\n<div class=\"kksr-icon\" style=\"width: 22px; height: 22px;\"><\/div>\n        <\/div>\n    <\/div>\n    \n<div class=\"kksr-stars-active\" style=\"width: 0px;\">\n            <div class=\"kksr-star\" style=\"padding-right: 5px\">\n            \n\n<div class=\"kksr-icon\" style=\"width: 22px; height: 22px;\"><\/div>\n        <\/div>\n            <div class=\"kksr-star\" style=\"padding-right: 5px\">\n            \n\n<div class=\"kksr-icon\" style=\"width: 22px; height: 22px;\"><\/div>\n        <\/div>\n            <div class=\"kksr-star\" style=\"padding-right: 5px\">\n            \n\n<div class=\"kksr-icon\" style=\"width: 22px; height: 22px;\"><\/div>\n        <\/div>\n            <div class=\"kksr-star\" style=\"padding-right: 5px\">\n            \n\n<div class=\"kksr-icon\" style=\"width: 22px; height: 22px;\"><\/div>\n        <\/div>\n            <div class=\"kksr-star\" style=\"padding-right: 5px\">\n            \n\n<div class=\"kksr-icon\" style=\"width: 22px; height: 22px;\"><\/div>\n        <\/div>\n    <\/div>\n<\/div>\n                \n\n<div class=\"kksr-legend\" style=\"font-size: 17.6px;\">\n            <span class=\"kksr-muted\">Valora este post<\/span>\n    <\/div>\n    <\/div>\n","protected":false},"excerpt":{"rendered":"<p>La Movilizaci\u00f3n de los Psic\u00f3logos Ante la DANA: \u00abLa Salud Mental es Tan Esencial Como la Electricidad y el Agua\u00bb Los efectos devastadores de la Depresi\u00f3n &#8230; <a title=\"Psic\u00f3logos alertan por DANA: La salud mental es tan vital como luz y agua.\" class=\"read-more\" href=\"https:\/\/www.diario21.tv\/noticias\/psicologos-alertan-por-dana-la-salud-mental-es-tan-vital-como-luz-y-agua\/\" aria-label=\"Leer m\u00e1s sobre Psic\u00f3logos alertan por DANA: La salud mental es tan vital como luz y agua.\">Seguir leyendo &rarr;<\/a><\/p>\n","protected":false},"author":20,"featured_media":1102,"comment_status":"open","ping_status":"open","sticky":false,"template":"","format":"standard","meta":{"footnotes":""},"categories":[13],"tags":[],"class_list":["post-1101","post","type-post","status-publish","format-standard","has-post-thumbnail","hentry","category-portada"],"yoast_head":"<!-- This site is optimized with the Yoast SEO plugin v25.6 - https:\/\/yoast.com\/wordpress\/plugins\/seo\/ -->\n<title>Psic\u00f3logos alertan por DANA: La salud mental es tan vital como luz y agua. - Diario 21<\/title>\n<meta name=\"robots\" content=\"index, follow, max-snippet:-1, max-image-preview:large, max-video-preview:-1\" \/>\n<link rel=\"canonical\" href=\"https:\/\/www.diario21.tv\/noticias\/psicologos-alertan-por-dana-la-salud-mental-es-tan-vital-como-luz-y-agua\/\" \/>\n<meta property=\"og:locale\" content=\"es_ES\" \/>\n<meta property=\"og:type\" content=\"article\" \/>\n<meta property=\"og:title\" content=\"Psic\u00f3logos alertan por DANA: La salud mental es tan vital como luz y agua. - Diario 21\" \/>\n<meta property=\"og:description\" content=\"La Movilizaci\u00f3n de los Psic\u00f3logos Ante la DANA: \u00abLa Salud Mental es Tan Esencial Como la Electricidad y el Agua\u00bb Los efectos devastadores de la Depresi\u00f3n ... Seguir leyendo &rarr;\" \/>\n<meta property=\"og:url\" content=\"https:\/\/www.diario21.tv\/noticias\/psicologos-alertan-por-dana-la-salud-mental-es-tan-vital-como-luz-y-agua\/\" \/>\n<meta property=\"og:site_name\" content=\"Diario 21\" \/>\n<meta property=\"article:published_time\" content=\"2024-11-05T01:00:17+00:00\" \/>\n<meta property=\"article:modified_time\" content=\"2024-11-05T01:00:19+00:00\" \/>\n<meta property=\"og:image\" content=\"https:\/\/www.diario21.tv\/noticias\/wp-content\/uploads\/2024\/11\/Psicologos-alertan-por-DANA-La-salud-mental-es-tan-vital.JPG\" \/>\n\t<meta property=\"og:image:width\" content=\"1916\" \/>\n\t<meta property=\"og:image:height\" content=\"1080\" \/>\n\t<meta property=\"og:image:type\" content=\"image\/jpeg\" \/>\n<meta name=\"author\" content=\"Juan P\u00e9rez\" \/>\n<meta name=\"twitter:card\" content=\"summary_large_image\" \/>\n<meta name=\"twitter:label1\" content=\"Escrito por\" \/>\n\t<meta name=\"twitter:data1\" content=\"Juan P\u00e9rez\" \/>\n\t<meta name=\"twitter:label2\" content=\"Tiempo de lectura\" \/>\n\t<meta name=\"twitter:data2\" content=\"3 minutos\" \/>\n<script type=\"application\/ld+json\" class=\"yoast-schema-graph\">{\"@context\":\"https:\/\/schema.org\",\"@graph\":[{\"@type\":\"WebPage\",\"@id\":\"https:\/\/www.diario21.tv\/noticias\/psicologos-alertan-por-dana-la-salud-mental-es-tan-vital-como-luz-y-agua\/\",\"url\":\"https:\/\/www.diario21.tv\/noticias\/psicologos-alertan-por-dana-la-salud-mental-es-tan-vital-como-luz-y-agua\/\",\"name\":\"Psic\u00f3logos alertan por DANA: La salud mental es tan vital como luz y agua. - Diario 21\",\"isPartOf\":{\"@id\":\"https:\/\/www.diario21.tv\/noticias\/#website\"},\"primaryImageOfPage\":{\"@id\":\"https:\/\/www.diario21.tv\/noticias\/psicologos-alertan-por-dana-la-salud-mental-es-tan-vital-como-luz-y-agua\/#primaryimage\"},\"image\":{\"@id\":\"https:\/\/www.diario21.tv\/noticias\/psicologos-alertan-por-dana-la-salud-mental-es-tan-vital-como-luz-y-agua\/#primaryimage\"},\"thumbnailUrl\":\"https:\/\/www.diario21.tv\/noticias\/wp-content\/uploads\/2024\/11\/Psicologos-alertan-por-DANA-La-salud-mental-es-tan-vital.JPG\",\"datePublished\":\"2024-11-05T01:00:17+00:00\",\"dateModified\":\"2024-11-05T01:00:19+00:00\",\"author\":{\"@id\":\"https:\/\/www.diario21.tv\/noticias\/#\/schema\/person\/dfb778f73814d8f09f302618446a526b\"},\"breadcrumb\":{\"@id\":\"https:\/\/www.diario21.tv\/noticias\/psicologos-alertan-por-dana-la-salud-mental-es-tan-vital-como-luz-y-agua\/#breadcrumb\"},\"inLanguage\":\"es-AR\",\"potentialAction\":[{\"@type\":\"ReadAction\",\"target\":[\"https:\/\/www.diario21.tv\/noticias\/psicologos-alertan-por-dana-la-salud-mental-es-tan-vital-como-luz-y-agua\/\"]}]},{\"@type\":\"ImageObject\",\"inLanguage\":\"es-AR\",\"@id\":\"https:\/\/www.diario21.tv\/noticias\/psicologos-alertan-por-dana-la-salud-mental-es-tan-vital-como-luz-y-agua\/#primaryimage\",\"url\":\"https:\/\/www.diario21.tv\/noticias\/wp-content\/uploads\/2024\/11\/Psicologos-alertan-por-DANA-La-salud-mental-es-tan-vital.JPG\",\"contentUrl\":\"https:\/\/www.diario21.tv\/noticias\/wp-content\/uploads\/2024\/11\/Psicologos-alertan-por-DANA-La-salud-mental-es-tan-vital.JPG\",\"width\":1916,\"height\":1080,\"caption\":\"Los psic\u00f3logos se movilizan por la DANA: \u00abLa salud mental es igual de importante que tener luz y agua\u00bb\"},{\"@type\":\"BreadcrumbList\",\"@id\":\"https:\/\/www.diario21.tv\/noticias\/psicologos-alertan-por-dana-la-salud-mental-es-tan-vital-como-luz-y-agua\/#breadcrumb\",\"itemListElement\":[{\"@type\":\"ListItem\",\"position\":1,\"name\":\"Accueil\",\"item\":\"https:\/\/www.diario21.tv\/noticias\/\"},{\"@type\":\"ListItem\",\"position\":2,\"name\":\"Psic\u00f3logos alertan por DANA: La salud mental es tan vital como luz y agua.\"}]},{\"@type\":\"WebSite\",\"@id\":\"https:\/\/www.diario21.tv\/noticias\/#website\",\"url\":\"https:\/\/www.diario21.tv\/noticias\/\",\"name\":\"Diario 21\",\"description\":\"\",\"potentialAction\":[{\"@type\":\"SearchAction\",\"target\":{\"@type\":\"EntryPoint\",\"urlTemplate\":\"https:\/\/www.diario21.tv\/noticias\/?s={search_term_string}\"},\"query-input\":{\"@type\":\"PropertyValueSpecification\",\"valueRequired\":true,\"valueName\":\"search_term_string\"}}],\"inLanguage\":\"es-AR\"},{\"@type\":\"Person\",\"@id\":\"https:\/\/www.diario21.tv\/noticias\/#\/schema\/person\/dfb778f73814d8f09f302618446a526b\",\"name\":\"Juan P\u00e9rez\",\"image\":{\"@type\":\"ImageObject\",\"inLanguage\":\"es-AR\",\"@id\":\"https:\/\/www.diario21.tv\/noticias\/#\/schema\/person\/image\/\",\"url\":\"https:\/\/secure.gravatar.com\/avatar\/c478a405bd10621167f4c3167cc770f5?s=96&d=mm&r=g\",\"contentUrl\":\"https:\/\/secure.gravatar.com\/avatar\/c478a405bd10621167f4c3167cc770f5?s=96&d=mm&r=g\",\"caption\":\"Juan P\u00e9rez\"},\"description\":\"Juan P\u00e9rez es el redactor en jefe de Diario 21. Con m\u00e1s de 10 a\u00f1os de experiencia en el periodismo, se especializa en pol\u00edtica nacional y an\u00e1lisis socioecon\u00f3mico. Su enfoque cr\u00edtico y riguroso aporta una perspectiva \u00fanica a cada art\u00edculo.\",\"sameAs\":[\"https:\/\/www.diario21.tv\/noticias\/\"],\"url\":\"https:\/\/www.diario21.tv\/noticias\/author\/juan-perez\/\"}]}<\/script>\n<!-- \/ Yoast SEO plugin. -->","yoast_head_json":{"title":"Psic\u00f3logos alertan por DANA: La salud mental es tan vital como luz y agua. - Diario 21","robots":{"index":"index","follow":"follow","max-snippet":"max-snippet:-1","max-image-preview":"max-image-preview:large","max-video-preview":"max-video-preview:-1"},"canonical":"https:\/\/www.diario21.tv\/noticias\/psicologos-alertan-por-dana-la-salud-mental-es-tan-vital-como-luz-y-agua\/","og_locale":"es_ES","og_type":"article","og_title":"Psic\u00f3logos alertan por DANA: La salud mental es tan vital como luz y agua. - Diario 21","og_description":"La Movilizaci\u00f3n de los Psic\u00f3logos Ante la DANA: \u00abLa Salud Mental es Tan Esencial Como la Electricidad y el Agua\u00bb Los efectos devastadores de la Depresi\u00f3n ... Seguir leyendo &rarr;","og_url":"https:\/\/www.diario21.tv\/noticias\/psicologos-alertan-por-dana-la-salud-mental-es-tan-vital-como-luz-y-agua\/","og_site_name":"Diario 21","article_published_time":"2024-11-05T01:00:17+00:00","article_modified_time":"2024-11-05T01:00:19+00:00","og_image":[{"width":1916,"height":1080,"url":"https:\/\/www.diario21.tv\/noticias\/wp-content\/uploads\/2024\/11\/Psicologos-alertan-por-DANA-La-salud-mental-es-tan-vital.JPG","type":"image\/jpeg"}],"author":"Juan P\u00e9rez","twitter_card":"summary_large_image","twitter_misc":{"Escrito por":"Juan P\u00e9rez","Tiempo de lectura":"3 minutos"},"schema":{"@context":"https:\/\/schema.org","@graph":[{"@type":"WebPage","@id":"https:\/\/www.diario21.tv\/noticias\/psicologos-alertan-por-dana-la-salud-mental-es-tan-vital-como-luz-y-agua\/","url":"https:\/\/www.diario21.tv\/noticias\/psicologos-alertan-por-dana-la-salud-mental-es-tan-vital-como-luz-y-agua\/","name":"Psic\u00f3logos alertan por DANA: La salud mental es tan vital como luz y agua. - Diario 21","isPartOf":{"@id":"https:\/\/www.diario21.tv\/noticias\/#website"},"primaryImageOfPage":{"@id":"https:\/\/www.diario21.tv\/noticias\/psicologos-alertan-por-dana-la-salud-mental-es-tan-vital-como-luz-y-agua\/#primaryimage"},"image":{"@id":"https:\/\/www.diario21.tv\/noticias\/psicologos-alertan-por-dana-la-salud-mental-es-tan-vital-como-luz-y-agua\/#primaryimage"},"thumbnailUrl":"https:\/\/www.diario21.tv\/noticias\/wp-content\/uploads\/2024\/11\/Psicologos-alertan-por-DANA-La-salud-mental-es-tan-vital.JPG","datePublished":"2024-11-05T01:00:17+00:00","dateModified":"2024-11-05T01:00:19+00:00","author":{"@id":"https:\/\/www.diario21.tv\/noticias\/#\/schema\/person\/dfb778f73814d8f09f302618446a526b"},"breadcrumb":{"@id":"https:\/\/www.diario21.tv\/noticias\/psicologos-alertan-por-dana-la-salud-mental-es-tan-vital-como-luz-y-agua\/#breadcrumb"},"inLanguage":"es-AR","potentialAction":[{"@type":"ReadAction","target":["https:\/\/www.diario21.tv\/noticias\/psicologos-alertan-por-dana-la-salud-mental-es-tan-vital-como-luz-y-agua\/"]}]},{"@type":"ImageObject","inLanguage":"es-AR","@id":"https:\/\/www.diario21.tv\/noticias\/psicologos-alertan-por-dana-la-salud-mental-es-tan-vital-como-luz-y-agua\/#primaryimage","url":"https:\/\/www.diario21.tv\/noticias\/wp-content\/uploads\/2024\/11\/Psicologos-alertan-por-DANA-La-salud-mental-es-tan-vital.JPG","contentUrl":"https:\/\/www.diario21.tv\/noticias\/wp-content\/uploads\/2024\/11\/Psicologos-alertan-por-DANA-La-salud-mental-es-tan-vital.JPG","width":1916,"height":1080,"caption":"Los psic\u00f3logos se movilizan por la DANA: \u00abLa salud mental es igual de importante que tener luz y agua\u00bb"},{"@type":"BreadcrumbList","@id":"https:\/\/www.diario21.tv\/noticias\/psicologos-alertan-por-dana-la-salud-mental-es-tan-vital-como-luz-y-agua\/#breadcrumb","itemListElement":[{"@type":"ListItem","position":1,"name":"Accueil","item":"https:\/\/www.diario21.tv\/noticias\/"},{"@type":"ListItem","position":2,"name":"Psic\u00f3logos alertan por DANA: La salud mental es tan vital como luz y agua."}]},{"@type":"WebSite","@id":"https:\/\/www.diario21.tv\/noticias\/#website","url":"https:\/\/www.diario21.tv\/noticias\/","name":"Diario 21","description":"","potentialAction":[{"@type":"SearchAction","target":{"@type":"EntryPoint","urlTemplate":"https:\/\/www.diario21.tv\/noticias\/?s={search_term_string}"},"query-input":{"@type":"PropertyValueSpecification","valueRequired":true,"valueName":"search_term_string"}}],"inLanguage":"es-AR"},{"@type":"Person","@id":"https:\/\/www.diario21.tv\/noticias\/#\/schema\/person\/dfb778f73814d8f09f302618446a526b","name":"Juan P\u00e9rez","image":{"@type":"ImageObject","inLanguage":"es-AR","@id":"https:\/\/www.diario21.tv\/noticias\/#\/schema\/person\/image\/","url":"https:\/\/secure.gravatar.com\/avatar\/c478a405bd10621167f4c3167cc770f5?s=96&d=mm&r=g","contentUrl":"https:\/\/secure.gravatar.com\/avatar\/c478a405bd10621167f4c3167cc770f5?s=96&d=mm&r=g","caption":"Juan P\u00e9rez"},"description":"Juan P\u00e9rez es el redactor en jefe de Diario 21. Con m\u00e1s de 10 a\u00f1os de experiencia en el periodismo, se especializa en pol\u00edtica nacional y an\u00e1lisis socioecon\u00f3mico. Su enfoque cr\u00edtico y riguroso aporta una perspectiva \u00fanica a cada art\u00edculo.","sameAs":["https:\/\/www.diario21.tv\/noticias\/"],"url":"https:\/\/www.diario21.tv\/noticias\/author\/juan-perez\/"}]}},"_links":{"self":[{"href":"https:\/\/www.diario21.tv\/noticias\/wp-json\/wp\/v2\/posts\/1101"}],"collection":[{"href":"https:\/\/www.diario21.tv\/noticias\/wp-json\/wp\/v2\/posts"}],"about":[{"href":"https:\/\/www.diario21.tv\/noticias\/wp-json\/wp\/v2\/types\/post"}],"author":[{"embeddable":true,"href":"https:\/\/www.diario21.tv\/noticias\/wp-json\/wp\/v2\/users\/20"}],"replies":[{"embeddable":true,"href":"https:\/\/www.diario21.tv\/noticias\/wp-json\/wp\/v2\/comments?post=1101"}],"version-history":[{"count":1,"href":"https:\/\/www.diario21.tv\/noticias\/wp-json\/wp\/v2\/posts\/1101\/revisions"}],"predecessor-version":[{"id":1103,"href":"https:\/\/www.diario21.tv\/noticias\/wp-json\/wp\/v2\/posts\/1101\/revisions\/1103"}],"wp:featuredmedia":[{"embeddable":true,"href":"https:\/\/www.diario21.tv\/noticias\/wp-json\/wp\/v2\/media\/1102"}],"wp:attachment":[{"href":"https:\/\/www.diario21.tv\/noticias\/wp-json\/wp\/v2\/media?parent=1101"}],"wp:term":[{"taxonomy":"category","embeddable":true,"href":"https:\/\/www.diario21.tv\/noticias\/wp-json\/wp\/v2\/categories?post=1101"},{"taxonomy":"post_tag","embeddable":true,"href":"https:\/\/www.diario21.tv\/noticias\/wp-json\/wp\/v2\/tags?post=1101"}],"curies":[{"name":"wp","href":"https:\/\/api.w.org\/{rel}","templated":true}]}}