{"id":1098,"date":"2024-11-04T18:00:29","date_gmt":"2024-11-04T18:00:29","guid":{"rendered":"https:\/\/www.diario21.tv\/noticias\/alerta-en-cataluna-baleares-y-comunidad-valenciana-mantente-informado\/"},"modified":"2024-11-04T18:00:31","modified_gmt":"2024-11-04T18:00:31","slug":"alerta-en-cataluna-baleares-y-comunidad-valenciana-mantente-informado","status":"publish","type":"post","link":"https:\/\/www.diario21.tv\/noticias\/alerta-en-cataluna-baleares-y-comunidad-valenciana-mantente-informado\/","title":{"rendered":"Alerta en Catalu\u00f1a, Baleares y Comunidad Valenciana: \u00a1Mantente informado!"},"content":{"rendered":"<h2>Catalu\u00f1a, Islas Baleares y Comunidad Valenciana Contin\u00faan en Alerta<\/h2>\n<p>Las regiones de Catalu\u00f1a, las Islas Baleares y la Comunidad Valenciana siguen en alerta debido a condiciones clim\u00e1ticas adversas que han afectado estas \u00e1reas recientemente. La persistencia de estas condiciones ha llevado a las autoridades locales y nacionales a mantener avisos para garantizar la seguridad de sus habitantes.<\/p>\n<h3>Detalles de las Condiciones Clim\u00e1ticas en Catalu\u00f1a<\/h3>\n<p>En Catalu\u00f1a, los efectos de un sistema de baja presi\u00f3n han resultado en lluvias intensas y vientos fuertes. Esta situaci\u00f3n ha provocado preocupaciones por posibles inundaciones en zonas bajas y \u00e1reas propensas a la acumulaci\u00f3n de agua. Las autoridades han recomendado a los ciudadanos permanecer alerta, evitar viajes innecesarios y seguir las indicaciones de los servicios de emergencia.<\/p>\n<h3>Islas Baleares: Precauciones ante el Mal Tiempo<\/h3>\n<p>Similarmente, en las Islas Baleares, el clima ha sido especialmente severo, con r\u00e1fagas de viento que han alcanzado velocidades considerables. El gobierno local ha activado medidas de precauci\u00f3n, incluyendo cierres temporales de parques y espacios p\u00fablicos para prevenir accidentes. Los servicios meteorol\u00f3gicos contin\u00faan monitoreando la situaci\u00f3n de cerca, dado que se espera que las condiciones adversas persistan durante varios d\u00edas.<\/p>\n<h3>La Comunidad Valenciana Frente a la Tormenta<\/h3>\n<p>Por su parte, la Comunidad Valenciana ha experimentado similares desaf\u00edos clim\u00e1ticos, con especial atenci\u00f3n en las \u00e1reas costeras donde el oleaje ha incrementado significativamente. Las autoridades han emitido avisos especiales para pescadores y operadores de embarcaciones, advirtiendo sobre los riesgos de mar agitado. Adem\u00e1s, se ha hecho un llamado a la poblaci\u00f3n para que evite acercarse a zonas costeras y muelles durante el temporal.<\/p>\n<p>Las tres regiones han coordinado esfuerzos para mantener a la poblaci\u00f3n informada y preparada ante la posibilidad de que las condiciones empeoren. Los centros de emergencia est\u00e1n en alerta m\u00e1xima y disponibles para asistir a cualquier persona afectada por el mal tiempo.<\/p>\n<p>Se recomienda a todos los residentes y visitantes de estas \u00e1reas que permanezcan atentos a las actualizaciones de los medios de comunicaci\u00f3n y los avisos de las autoridades locales. La seguridad es la prioridad en estos momentos de incertidumbre clim\u00e1tica.<\/p>\n\n\n<div class=\"kk-star-ratings kksr-auto kksr-align-left kksr-valign-bottom\"\n    data-payload='{&quot;align&quot;:&quot;left&quot;,&quot;id&quot;:&quot;1098&quot;,&quot;slug&quot;:&quot;default&quot;,&quot;valign&quot;:&quot;bottom&quot;,&quot;ignore&quot;:&quot;&quot;,&quot;reference&quot;:&quot;auto&quot;,&quot;class&quot;:&quot;&quot;,&quot;count&quot;:&quot;0&quot;,&quot;legendonly&quot;:&quot;&quot;,&quot;readonly&quot;:&quot;&quot;,&quot;score&quot;:&quot;0&quot;,&quot;starsonly&quot;:&quot;&quot;,&quot;best&quot;:&quot;5&quot;,&quot;gap&quot;:&quot;5&quot;,&quot;greet&quot;:&quot;Valora este post&quot;,&quot;legend&quot;:&quot;0\\\/5 - (0 votes)&quot;,&quot;size&quot;:&quot;22&quot;,&quot;title&quot;:&quot;Alerta en Catalu\u00f1a, Baleares y Comunidad Valenciana: \u00a1Mantente informado!&quot;,&quot;width&quot;:&quot;0&quot;,&quot;_legend&quot;:&quot;{score}\\\/{best} - ({count} {votes})&quot;,&quot;font_factor&quot;:&quot;1.25&quot;}'>\n            \n<div class=\"kksr-stars\">\n    \n<div class=\"kksr-stars-inactive\">\n            <div class=\"kksr-star\" data-star=\"1\" style=\"padding-right: 5px\">\n            \n\n<div class=\"kksr-icon\" style=\"width: 22px; height: 22px;\"><\/div>\n        <\/div>\n            <div class=\"kksr-star\" data-star=\"2\" style=\"padding-right: 5px\">\n            \n\n<div class=\"kksr-icon\" style=\"width: 22px; height: 22px;\"><\/div>\n        <\/div>\n            <div class=\"kksr-star\" data-star=\"3\" style=\"padding-right: 5px\">\n            \n\n<div class=\"kksr-icon\" style=\"width: 22px; height: 22px;\"><\/div>\n        <\/div>\n            <div class=\"kksr-star\" data-star=\"4\" style=\"padding-right: 5px\">\n            \n\n<div class=\"kksr-icon\" style=\"width: 22px; height: 22px;\"><\/div>\n        <\/div>\n            <div class=\"kksr-star\" data-star=\"5\" style=\"padding-right: 5px\">\n            \n\n<div class=\"kksr-icon\" style=\"width: 22px; height: 22px;\"><\/div>\n        <\/div>\n    <\/div>\n    \n<div class=\"kksr-stars-active\" style=\"width: 0px;\">\n            <div class=\"kksr-star\" style=\"padding-right: 5px\">\n            \n\n<div class=\"kksr-icon\" style=\"width: 22px; height: 22px;\"><\/div>\n        <\/div>\n            <div class=\"kksr-star\" style=\"padding-right: 5px\">\n            \n\n<div class=\"kksr-icon\" style=\"width: 22px; height: 22px;\"><\/div>\n        <\/div>\n            <div class=\"kksr-star\" style=\"padding-right: 5px\">\n            \n\n<div class=\"kksr-icon\" style=\"width: 22px; height: 22px;\"><\/div>\n        <\/div>\n            <div class=\"kksr-star\" style=\"padding-right: 5px\">\n            \n\n<div class=\"kksr-icon\" style=\"width: 22px; height: 22px;\"><\/div>\n        <\/div>\n            <div class=\"kksr-star\" style=\"padding-right: 5px\">\n            \n\n<div class=\"kksr-icon\" style=\"width: 22px; height: 22px;\"><\/div>\n        <\/div>\n    <\/div>\n<\/div>\n                \n\n<div class=\"kksr-legend\" style=\"font-size: 17.6px;\">\n            <span class=\"kksr-muted\">Valora este post<\/span>\n    <\/div>\n    <\/div>\n","protected":false},"excerpt":{"rendered":"<p>Catalu\u00f1a, Islas Baleares y Comunidad Valenciana Contin\u00faan en Alerta Las regiones de Catalu\u00f1a, las Islas Baleares y la Comunidad Valenciana siguen en alerta debido a condiciones &#8230; <a title=\"Alerta en Catalu\u00f1a, Baleares y Comunidad Valenciana: \u00a1Mantente informado!\" class=\"read-more\" href=\"https:\/\/www.diario21.tv\/noticias\/alerta-en-cataluna-baleares-y-comunidad-valenciana-mantente-informado\/\" aria-label=\"Leer m\u00e1s sobre Alerta en Catalu\u00f1a, Baleares y Comunidad Valenciana: \u00a1Mantente informado!\">Seguir leyendo &rarr;<\/a><\/p>\n","protected":false},"author":20,"featured_media":1099,"comment_status":"open","ping_status":"open","sticky":false,"template":"","format":"standard","meta":{"footnotes":""},"categories":[13],"tags":[],"class_list":["post-1098","post","type-post","status-publish","format-standard","has-post-thumbnail","hentry","category-portada"],"yoast_head":"<!-- This site is optimized with the Yoast SEO plugin v25.6 - https:\/\/yoast.com\/wordpress\/plugins\/seo\/ -->\n<title>Alerta en Catalu\u00f1a, Baleares y Comunidad Valenciana: \u00a1Mantente informado! - Diario 21<\/title>\n<meta name=\"robots\" content=\"index, follow, max-snippet:-1, max-image-preview:large, max-video-preview:-1\" \/>\n<link rel=\"canonical\" href=\"https:\/\/www.diario21.tv\/noticias\/alerta-en-cataluna-baleares-y-comunidad-valenciana-mantente-informado\/\" \/>\n<meta property=\"og:locale\" content=\"es_ES\" \/>\n<meta property=\"og:type\" content=\"article\" \/>\n<meta property=\"og:title\" content=\"Alerta en Catalu\u00f1a, Baleares y Comunidad Valenciana: \u00a1Mantente informado! - Diario 21\" \/>\n<meta property=\"og:description\" content=\"Catalu\u00f1a, Islas Baleares y Comunidad Valenciana Contin\u00faan en Alerta Las regiones de Catalu\u00f1a, las Islas Baleares y la Comunidad Valenciana siguen en alerta debido a condiciones ... Seguir leyendo &rarr;\" \/>\n<meta property=\"og:url\" content=\"https:\/\/www.diario21.tv\/noticias\/alerta-en-cataluna-baleares-y-comunidad-valenciana-mantente-informado\/\" \/>\n<meta property=\"og:site_name\" content=\"Diario 21\" \/>\n<meta property=\"article:published_time\" content=\"2024-11-04T18:00:29+00:00\" \/>\n<meta property=\"article:modified_time\" content=\"2024-11-04T18:00:31+00:00\" \/>\n<meta property=\"og:image\" content=\"https:\/\/www.diario21.tv\/noticias\/wp-content\/uploads\/2024\/11\/Alerta-en-Cataluna-Baleares-y-Comunidad-Valenciana-\u00a1Mantente-informado.jpg\" \/>\n\t<meta property=\"og:image:width\" content=\"1913\" \/>\n\t<meta property=\"og:image:height\" content=\"1080\" \/>\n\t<meta property=\"og:image:type\" content=\"image\/jpeg\" \/>\n<meta name=\"author\" content=\"Juan P\u00e9rez\" \/>\n<meta name=\"twitter:card\" content=\"summary_large_image\" \/>\n<meta name=\"twitter:label1\" content=\"Escrito por\" \/>\n\t<meta name=\"twitter:data1\" content=\"Juan P\u00e9rez\" \/>\n\t<meta name=\"twitter:label2\" content=\"Tiempo de lectura\" \/>\n\t<meta name=\"twitter:data2\" content=\"2 minutos\" \/>\n<script type=\"application\/ld+json\" class=\"yoast-schema-graph\">{\"@context\":\"https:\/\/schema.org\",\"@graph\":[{\"@type\":\"WebPage\",\"@id\":\"https:\/\/www.diario21.tv\/noticias\/alerta-en-cataluna-baleares-y-comunidad-valenciana-mantente-informado\/\",\"url\":\"https:\/\/www.diario21.tv\/noticias\/alerta-en-cataluna-baleares-y-comunidad-valenciana-mantente-informado\/\",\"name\":\"Alerta en Catalu\u00f1a, Baleares y Comunidad Valenciana: \u00a1Mantente informado! - Diario 21\",\"isPartOf\":{\"@id\":\"https:\/\/www.diario21.tv\/noticias\/#website\"},\"primaryImageOfPage\":{\"@id\":\"https:\/\/www.diario21.tv\/noticias\/alerta-en-cataluna-baleares-y-comunidad-valenciana-mantente-informado\/#primaryimage\"},\"image\":{\"@id\":\"https:\/\/www.diario21.tv\/noticias\/alerta-en-cataluna-baleares-y-comunidad-valenciana-mantente-informado\/#primaryimage\"},\"thumbnailUrl\":\"https:\/\/www.diario21.tv\/noticias\/wp-content\/uploads\/2024\/11\/Alerta-en-Cataluna-Baleares-y-Comunidad-Valenciana-\u00a1Mantente-informado.jpg\",\"datePublished\":\"2024-11-04T18:00:29+00:00\",\"dateModified\":\"2024-11-04T18:00:31+00:00\",\"author\":{\"@id\":\"https:\/\/www.diario21.tv\/noticias\/#\/schema\/person\/dfb778f73814d8f09f302618446a526b\"},\"breadcrumb\":{\"@id\":\"https:\/\/www.diario21.tv\/noticias\/alerta-en-cataluna-baleares-y-comunidad-valenciana-mantente-informado\/#breadcrumb\"},\"inLanguage\":\"es-AR\",\"potentialAction\":[{\"@type\":\"ReadAction\",\"target\":[\"https:\/\/www.diario21.tv\/noticias\/alerta-en-cataluna-baleares-y-comunidad-valenciana-mantente-informado\/\"]}]},{\"@type\":\"ImageObject\",\"inLanguage\":\"es-AR\",\"@id\":\"https:\/\/www.diario21.tv\/noticias\/alerta-en-cataluna-baleares-y-comunidad-valenciana-mantente-informado\/#primaryimage\",\"url\":\"https:\/\/www.diario21.tv\/noticias\/wp-content\/uploads\/2024\/11\/Alerta-en-Cataluna-Baleares-y-Comunidad-Valenciana-\u00a1Mantente-informado.jpg\",\"contentUrl\":\"https:\/\/www.diario21.tv\/noticias\/wp-content\/uploads\/2024\/11\/Alerta-en-Cataluna-Baleares-y-Comunidad-Valenciana-\u00a1Mantente-informado.jpg\",\"width\":1913,\"height\":1080,\"caption\":\"Catalu\u00f1a, Baleares y la Comunidad Valenciana se mantienen bajo aviso\"},{\"@type\":\"BreadcrumbList\",\"@id\":\"https:\/\/www.diario21.tv\/noticias\/alerta-en-cataluna-baleares-y-comunidad-valenciana-mantente-informado\/#breadcrumb\",\"itemListElement\":[{\"@type\":\"ListItem\",\"position\":1,\"name\":\"Accueil\",\"item\":\"https:\/\/www.diario21.tv\/noticias\/\"},{\"@type\":\"ListItem\",\"position\":2,\"name\":\"Alerta en Catalu\u00f1a, Baleares y Comunidad Valenciana: \u00a1Mantente informado!\"}]},{\"@type\":\"WebSite\",\"@id\":\"https:\/\/www.diario21.tv\/noticias\/#website\",\"url\":\"https:\/\/www.diario21.tv\/noticias\/\",\"name\":\"Diario 21\",\"description\":\"\",\"potentialAction\":[{\"@type\":\"SearchAction\",\"target\":{\"@type\":\"EntryPoint\",\"urlTemplate\":\"https:\/\/www.diario21.tv\/noticias\/?s={search_term_string}\"},\"query-input\":{\"@type\":\"PropertyValueSpecification\",\"valueRequired\":true,\"valueName\":\"search_term_string\"}}],\"inLanguage\":\"es-AR\"},{\"@type\":\"Person\",\"@id\":\"https:\/\/www.diario21.tv\/noticias\/#\/schema\/person\/dfb778f73814d8f09f302618446a526b\",\"name\":\"Juan P\u00e9rez\",\"image\":{\"@type\":\"ImageObject\",\"inLanguage\":\"es-AR\",\"@id\":\"https:\/\/www.diario21.tv\/noticias\/#\/schema\/person\/image\/\",\"url\":\"https:\/\/secure.gravatar.com\/avatar\/c478a405bd10621167f4c3167cc770f5?s=96&d=mm&r=g\",\"contentUrl\":\"https:\/\/secure.gravatar.com\/avatar\/c478a405bd10621167f4c3167cc770f5?s=96&d=mm&r=g\",\"caption\":\"Juan P\u00e9rez\"},\"description\":\"Juan P\u00e9rez es el redactor en jefe de Diario 21. Con m\u00e1s de 10 a\u00f1os de experiencia en el periodismo, se especializa en pol\u00edtica nacional y an\u00e1lisis socioecon\u00f3mico. Su enfoque cr\u00edtico y riguroso aporta una perspectiva \u00fanica a cada art\u00edculo.\",\"sameAs\":[\"https:\/\/www.diario21.tv\/noticias\/\"],\"url\":\"https:\/\/www.diario21.tv\/noticias\/author\/juan-perez\/\"}]}<\/script>\n<!-- \/ Yoast SEO plugin. -->","yoast_head_json":{"title":"Alerta en Catalu\u00f1a, Baleares y Comunidad Valenciana: \u00a1Mantente informado! - Diario 21","robots":{"index":"index","follow":"follow","max-snippet":"max-snippet:-1","max-image-preview":"max-image-preview:large","max-video-preview":"max-video-preview:-1"},"canonical":"https:\/\/www.diario21.tv\/noticias\/alerta-en-cataluna-baleares-y-comunidad-valenciana-mantente-informado\/","og_locale":"es_ES","og_type":"article","og_title":"Alerta en Catalu\u00f1a, Baleares y Comunidad Valenciana: \u00a1Mantente informado! - Diario 21","og_description":"Catalu\u00f1a, Islas Baleares y Comunidad Valenciana Contin\u00faan en Alerta Las regiones de Catalu\u00f1a, las Islas Baleares y la Comunidad Valenciana siguen en alerta debido a condiciones ... Seguir leyendo &rarr;","og_url":"https:\/\/www.diario21.tv\/noticias\/alerta-en-cataluna-baleares-y-comunidad-valenciana-mantente-informado\/","og_site_name":"Diario 21","article_published_time":"2024-11-04T18:00:29+00:00","article_modified_time":"2024-11-04T18:00:31+00:00","og_image":[{"width":1913,"height":1080,"url":"https:\/\/www.diario21.tv\/noticias\/wp-content\/uploads\/2024\/11\/Alerta-en-Cataluna-Baleares-y-Comunidad-Valenciana-\u00a1Mantente-informado.jpg","type":"image\/jpeg"}],"author":"Juan P\u00e9rez","twitter_card":"summary_large_image","twitter_misc":{"Escrito por":"Juan P\u00e9rez","Tiempo de lectura":"2 minutos"},"schema":{"@context":"https:\/\/schema.org","@graph":[{"@type":"WebPage","@id":"https:\/\/www.diario21.tv\/noticias\/alerta-en-cataluna-baleares-y-comunidad-valenciana-mantente-informado\/","url":"https:\/\/www.diario21.tv\/noticias\/alerta-en-cataluna-baleares-y-comunidad-valenciana-mantente-informado\/","name":"Alerta en Catalu\u00f1a, Baleares y Comunidad Valenciana: \u00a1Mantente informado! - Diario 21","isPartOf":{"@id":"https:\/\/www.diario21.tv\/noticias\/#website"},"primaryImageOfPage":{"@id":"https:\/\/www.diario21.tv\/noticias\/alerta-en-cataluna-baleares-y-comunidad-valenciana-mantente-informado\/#primaryimage"},"image":{"@id":"https:\/\/www.diario21.tv\/noticias\/alerta-en-cataluna-baleares-y-comunidad-valenciana-mantente-informado\/#primaryimage"},"thumbnailUrl":"https:\/\/www.diario21.tv\/noticias\/wp-content\/uploads\/2024\/11\/Alerta-en-Cataluna-Baleares-y-Comunidad-Valenciana-\u00a1Mantente-informado.jpg","datePublished":"2024-11-04T18:00:29+00:00","dateModified":"2024-11-04T18:00:31+00:00","author":{"@id":"https:\/\/www.diario21.tv\/noticias\/#\/schema\/person\/dfb778f73814d8f09f302618446a526b"},"breadcrumb":{"@id":"https:\/\/www.diario21.tv\/noticias\/alerta-en-cataluna-baleares-y-comunidad-valenciana-mantente-informado\/#breadcrumb"},"inLanguage":"es-AR","potentialAction":[{"@type":"ReadAction","target":["https:\/\/www.diario21.tv\/noticias\/alerta-en-cataluna-baleares-y-comunidad-valenciana-mantente-informado\/"]}]},{"@type":"ImageObject","inLanguage":"es-AR","@id":"https:\/\/www.diario21.tv\/noticias\/alerta-en-cataluna-baleares-y-comunidad-valenciana-mantente-informado\/#primaryimage","url":"https:\/\/www.diario21.tv\/noticias\/wp-content\/uploads\/2024\/11\/Alerta-en-Cataluna-Baleares-y-Comunidad-Valenciana-\u00a1Mantente-informado.jpg","contentUrl":"https:\/\/www.diario21.tv\/noticias\/wp-content\/uploads\/2024\/11\/Alerta-en-Cataluna-Baleares-y-Comunidad-Valenciana-\u00a1Mantente-informado.jpg","width":1913,"height":1080,"caption":"Catalu\u00f1a, Baleares y la Comunidad Valenciana se mantienen bajo aviso"},{"@type":"BreadcrumbList","@id":"https:\/\/www.diario21.tv\/noticias\/alerta-en-cataluna-baleares-y-comunidad-valenciana-mantente-informado\/#breadcrumb","itemListElement":[{"@type":"ListItem","position":1,"name":"Accueil","item":"https:\/\/www.diario21.tv\/noticias\/"},{"@type":"ListItem","position":2,"name":"Alerta en Catalu\u00f1a, Baleares y Comunidad Valenciana: \u00a1Mantente informado!"}]},{"@type":"WebSite","@id":"https:\/\/www.diario21.tv\/noticias\/#website","url":"https:\/\/www.diario21.tv\/noticias\/","name":"Diario 21","description":"","potentialAction":[{"@type":"SearchAction","target":{"@type":"EntryPoint","urlTemplate":"https:\/\/www.diario21.tv\/noticias\/?s={search_term_string}"},"query-input":{"@type":"PropertyValueSpecification","valueRequired":true,"valueName":"search_term_string"}}],"inLanguage":"es-AR"},{"@type":"Person","@id":"https:\/\/www.diario21.tv\/noticias\/#\/schema\/person\/dfb778f73814d8f09f302618446a526b","name":"Juan P\u00e9rez","image":{"@type":"ImageObject","inLanguage":"es-AR","@id":"https:\/\/www.diario21.tv\/noticias\/#\/schema\/person\/image\/","url":"https:\/\/secure.gravatar.com\/avatar\/c478a405bd10621167f4c3167cc770f5?s=96&d=mm&r=g","contentUrl":"https:\/\/secure.gravatar.com\/avatar\/c478a405bd10621167f4c3167cc770f5?s=96&d=mm&r=g","caption":"Juan P\u00e9rez"},"description":"Juan P\u00e9rez es el redactor en jefe de Diario 21. Con m\u00e1s de 10 a\u00f1os de experiencia en el periodismo, se especializa en pol\u00edtica nacional y an\u00e1lisis socioecon\u00f3mico. Su enfoque cr\u00edtico y riguroso aporta una perspectiva \u00fanica a cada art\u00edculo.","sameAs":["https:\/\/www.diario21.tv\/noticias\/"],"url":"https:\/\/www.diario21.tv\/noticias\/author\/juan-perez\/"}]}},"_links":{"self":[{"href":"https:\/\/www.diario21.tv\/noticias\/wp-json\/wp\/v2\/posts\/1098"}],"collection":[{"href":"https:\/\/www.diario21.tv\/noticias\/wp-json\/wp\/v2\/posts"}],"about":[{"href":"https:\/\/www.diario21.tv\/noticias\/wp-json\/wp\/v2\/types\/post"}],"author":[{"embeddable":true,"href":"https:\/\/www.diario21.tv\/noticias\/wp-json\/wp\/v2\/users\/20"}],"replies":[{"embeddable":true,"href":"https:\/\/www.diario21.tv\/noticias\/wp-json\/wp\/v2\/comments?post=1098"}],"version-history":[{"count":1,"href":"https:\/\/www.diario21.tv\/noticias\/wp-json\/wp\/v2\/posts\/1098\/revisions"}],"predecessor-version":[{"id":1100,"href":"https:\/\/www.diario21.tv\/noticias\/wp-json\/wp\/v2\/posts\/1098\/revisions\/1100"}],"wp:featuredmedia":[{"embeddable":true,"href":"https:\/\/www.diario21.tv\/noticias\/wp-json\/wp\/v2\/media\/1099"}],"wp:attachment":[{"href":"https:\/\/www.diario21.tv\/noticias\/wp-json\/wp\/v2\/media?parent=1098"}],"wp:term":[{"taxonomy":"category","embeddable":true,"href":"https:\/\/www.diario21.tv\/noticias\/wp-json\/wp\/v2\/categories?post=1098"},{"taxonomy":"post_tag","embeddable":true,"href":"https:\/\/www.diario21.tv\/noticias\/wp-json\/wp\/v2\/tags?post=1098"}],"curies":[{"name":"wp","href":"https:\/\/api.w.org\/{rel}","templated":true}]}}