{"id":1095,"date":"2024-11-04T11:00:33","date_gmt":"2024-11-04T11:00:33","guid":{"rendered":"https:\/\/www.diario21.tv\/noticias\/alarmante-la-humanidad-se-ve-como-especie-en-peligro-de-extincion-por-primera-vez\/"},"modified":"2024-11-04T11:00:35","modified_gmt":"2024-11-04T11:00:35","slug":"alarmante-la-humanidad-se-ve-como-especie-en-peligro-de-extincion-por-primera-vez","status":"publish","type":"post","link":"https:\/\/www.diario21.tv\/noticias\/alarmante-la-humanidad-se-ve-como-especie-en-peligro-de-extincion-por-primera-vez\/","title":{"rendered":"\u00a1Alarmante! La humanidad se ve como especie en peligro de extinci\u00f3n por primera vez"},"content":{"rendered":"<h2>Una Nueva Perspectiva sobre la Extinci\u00f3n Humana<\/h2>\n<p>Por primera vez en la historia, estamos empezando a considerarnos como una especie que podr\u00eda enfrentarse a la extinci\u00f3n. Este cambio dr\u00e1stico en la percepci\u00f3n de nuestra propia vulnerabilidad est\u00e1 provocando un replanteamiento sobre c\u00f3mo interactuamos con nuestro planeta y las otras formas de vida que lo habitan.<\/p>\n<h3>El Reconocimiento de Nuestra Fragilidad<\/h3>\n<p>Durante mucho tiempo, la humanidad se ha visto a s\u00ed misma como una fuerza dominante en la Tierra, capaz de alterar cualquier ecosistema y utilizar los recursos naturales a su antojo. Sin embargo, la creciente evidencia de los da\u00f1os irreversibles causados por nuestras acciones ha llevado a muchos a considerar la posibilidad de que, al igual que innumerables especies antes que nosotros, podr\u00edamos no ser invulnerables.<\/p>\n<p>Los cient\u00edficos y expertos en medio ambiente est\u00e1n advirtiendo sobre los riesgos que enfrentamos debido al cambio clim\u00e1tico, la p\u00e9rdida de biodiversidad, la contaminaci\u00f3n y otros factores ambientales cr\u00edticos. Estos problemas no solo amenazan la flora y la fauna del planeta, sino tambi\u00e9n la supervivencia de los seres humanos.<\/p>\n<h3>Implicaciones de Nuestra Potencial Extinci\u00f3n<\/h3>\n<p>La idea de que podr\u00edamos ser una especie en peligro no solo tiene implicaciones ecol\u00f3gicas, sino tambi\u00e9n filos\u00f3ficas y \u00e9ticas. Nos obliga a preguntarnos sobre nuestro lugar en el universo y nuestras responsabilidades no solo hacia nosotros mismos, sino hacia las generaciones futuras y las otras especies con las que compartimos la Tierra.<\/p>\n<p>Este reconocimiento de nuestra posible extinci\u00f3n podr\u00eda servir como un llamado a la acci\u00f3n para cambiar nuestras formas de vida y buscar soluciones sostenibles que no solo aseguren nuestra supervivencia, sino tambi\u00e9n la de todo el planeta. La necesidad de una acci\u00f3n colectiva y global nunca ha sido tan cr\u00edtica como ahora.<\/p>\n<h3>Actuar Ahora para Asegurar el Futuro<\/h3>\n<p>Es imperativo que tomemos medidas inmediatas para mitigar los efectos de nuestras actividades en el ambiente. Esto incluye reducir nuestras emisiones de gases de efecto invernadero, proteger los h\u00e1bitats naturales, fomentar la biodiversidad y promover el uso de energ\u00edas renovables.<\/p>\n<p>Las pol\u00edticas y las tecnolog\u00edas verdes deben ser prioritarias en las agendas gubernamentales y empresariales. Adem\u00e1s, como individuos, debemos ser conscientes de nuestro impacto en el planeta y adoptar un modo de vida m\u00e1s sostenible.<\/p>\n<p>Solo mediante la cooperaci\u00f3n global y el compromiso individual podremos esperar superar los desaf\u00edos que enfrentamos y asegurar un futuro viable para todas las especies, incluida la nuestra. A medida que avanzamos, debemos recordar que cada acci\u00f3n cuenta y que estamos en un punto cr\u00edtico en la historia de la Tierra.<\/p>\n<p>Este nuevo entendimiento de nosotros mismos como una especie potencialmente extinta es un poderoso motivador para el cambio. Nos ofrece la oportunidad de redefinir nuestra relaci\u00f3n con el mundo natural y actuar antes de que sea demasiado tarde.<\/p>\n\n\n<div class=\"kk-star-ratings kksr-auto kksr-align-left kksr-valign-bottom\"\n    data-payload='{&quot;align&quot;:&quot;left&quot;,&quot;id&quot;:&quot;1095&quot;,&quot;slug&quot;:&quot;default&quot;,&quot;valign&quot;:&quot;bottom&quot;,&quot;ignore&quot;:&quot;&quot;,&quot;reference&quot;:&quot;auto&quot;,&quot;class&quot;:&quot;&quot;,&quot;count&quot;:&quot;0&quot;,&quot;legendonly&quot;:&quot;&quot;,&quot;readonly&quot;:&quot;&quot;,&quot;score&quot;:&quot;0&quot;,&quot;starsonly&quot;:&quot;&quot;,&quot;best&quot;:&quot;5&quot;,&quot;gap&quot;:&quot;5&quot;,&quot;greet&quot;:&quot;Valora este post&quot;,&quot;legend&quot;:&quot;0\\\/5 - (0 votes)&quot;,&quot;size&quot;:&quot;22&quot;,&quot;title&quot;:&quot;\u00a1Alarmante! La humanidad se ve como especie en peligro de extinci\u00f3n por primera vez&quot;,&quot;width&quot;:&quot;0&quot;,&quot;_legend&quot;:&quot;{score}\\\/{best} - ({count} {votes})&quot;,&quot;font_factor&quot;:&quot;1.25&quot;}'>\n            \n<div class=\"kksr-stars\">\n    \n<div class=\"kksr-stars-inactive\">\n            <div class=\"kksr-star\" data-star=\"1\" style=\"padding-right: 5px\">\n            \n\n<div class=\"kksr-icon\" style=\"width: 22px; height: 22px;\"><\/div>\n        <\/div>\n            <div class=\"kksr-star\" data-star=\"2\" style=\"padding-right: 5px\">\n            \n\n<div class=\"kksr-icon\" style=\"width: 22px; height: 22px;\"><\/div>\n        <\/div>\n            <div class=\"kksr-star\" data-star=\"3\" style=\"padding-right: 5px\">\n            \n\n<div class=\"kksr-icon\" style=\"width: 22px; height: 22px;\"><\/div>\n        <\/div>\n            <div class=\"kksr-star\" data-star=\"4\" style=\"padding-right: 5px\">\n            \n\n<div class=\"kksr-icon\" style=\"width: 22px; height: 22px;\"><\/div>\n        <\/div>\n            <div class=\"kksr-star\" data-star=\"5\" style=\"padding-right: 5px\">\n            \n\n<div class=\"kksr-icon\" style=\"width: 22px; height: 22px;\"><\/div>\n        <\/div>\n    <\/div>\n    \n<div class=\"kksr-stars-active\" style=\"width: 0px;\">\n            <div class=\"kksr-star\" style=\"padding-right: 5px\">\n            \n\n<div class=\"kksr-icon\" style=\"width: 22px; height: 22px;\"><\/div>\n        <\/div>\n            <div class=\"kksr-star\" style=\"padding-right: 5px\">\n            \n\n<div class=\"kksr-icon\" style=\"width: 22px; height: 22px;\"><\/div>\n        <\/div>\n            <div class=\"kksr-star\" style=\"padding-right: 5px\">\n            \n\n<div class=\"kksr-icon\" style=\"width: 22px; height: 22px;\"><\/div>\n        <\/div>\n            <div class=\"kksr-star\" style=\"padding-right: 5px\">\n            \n\n<div class=\"kksr-icon\" style=\"width: 22px; height: 22px;\"><\/div>\n        <\/div>\n            <div class=\"kksr-star\" style=\"padding-right: 5px\">\n            \n\n<div class=\"kksr-icon\" style=\"width: 22px; height: 22px;\"><\/div>\n        <\/div>\n    <\/div>\n<\/div>\n                \n\n<div class=\"kksr-legend\" style=\"font-size: 17.6px;\">\n            <span class=\"kksr-muted\">Valora este post<\/span>\n    <\/div>\n    <\/div>\n","protected":false},"excerpt":{"rendered":"<p>Una Nueva Perspectiva sobre la Extinci\u00f3n Humana Por primera vez en la historia, estamos empezando a considerarnos como una especie que podr\u00eda enfrentarse a la extinci\u00f3n. &#8230; <a title=\"\u00a1Alarmante! La humanidad se ve como especie en peligro de extinci\u00f3n por primera vez\" class=\"read-more\" href=\"https:\/\/www.diario21.tv\/noticias\/alarmante-la-humanidad-se-ve-como-especie-en-peligro-de-extincion-por-primera-vez\/\" aria-label=\"Leer m\u00e1s sobre \u00a1Alarmante! La humanidad se ve como especie en peligro de extinci\u00f3n por primera vez\">Seguir leyendo &rarr;<\/a><\/p>\n","protected":false},"author":20,"featured_media":1096,"comment_status":"open","ping_status":"open","sticky":false,"template":"","format":"standard","meta":{"footnotes":""},"categories":[13],"tags":[],"class_list":["post-1095","post","type-post","status-publish","format-standard","has-post-thumbnail","hentry","category-portada"],"yoast_head":"<!-- This site is optimized with the Yoast SEO plugin v25.6 - https:\/\/yoast.com\/wordpress\/plugins\/seo\/ -->\n<title>\u00a1Alarmante! La humanidad se ve como especie en peligro de extinci\u00f3n por primera vez - Diario 21<\/title>\n<meta name=\"robots\" content=\"index, follow, max-snippet:-1, max-image-preview:large, max-video-preview:-1\" \/>\n<link rel=\"canonical\" href=\"https:\/\/www.diario21.tv\/noticias\/alarmante-la-humanidad-se-ve-como-especie-en-peligro-de-extincion-por-primera-vez\/\" \/>\n<meta property=\"og:locale\" content=\"es_ES\" \/>\n<meta property=\"og:type\" content=\"article\" \/>\n<meta property=\"og:title\" content=\"\u00a1Alarmante! La humanidad se ve como especie en peligro de extinci\u00f3n por primera vez - Diario 21\" \/>\n<meta property=\"og:description\" content=\"Una Nueva Perspectiva sobre la Extinci\u00f3n Humana Por primera vez en la historia, estamos empezando a considerarnos como una especie que podr\u00eda enfrentarse a la extinci\u00f3n. ... Seguir leyendo &rarr;\" \/>\n<meta property=\"og:url\" content=\"https:\/\/www.diario21.tv\/noticias\/alarmante-la-humanidad-se-ve-como-especie-en-peligro-de-extincion-por-primera-vez\/\" \/>\n<meta property=\"og:site_name\" content=\"Diario 21\" \/>\n<meta property=\"article:published_time\" content=\"2024-11-04T11:00:33+00:00\" \/>\n<meta property=\"article:modified_time\" content=\"2024-11-04T11:00:35+00:00\" \/>\n<meta property=\"og:image\" content=\"https:\/\/www.diario21.tv\/noticias\/wp-content\/uploads\/2024\/11\/\u00a1Alarmante-La-humanidad-se-ve-como-especie-en-peligro-de.jpg\" \/>\n\t<meta property=\"og:image:width\" content=\"1916\" \/>\n\t<meta property=\"og:image:height\" content=\"1080\" \/>\n\t<meta property=\"og:image:type\" content=\"image\/jpeg\" \/>\n<meta name=\"author\" content=\"Juan P\u00e9rez\" \/>\n<meta name=\"twitter:card\" content=\"summary_large_image\" \/>\n<meta name=\"twitter:label1\" content=\"Escrito por\" \/>\n\t<meta name=\"twitter:data1\" content=\"Juan P\u00e9rez\" \/>\n\t<meta name=\"twitter:label2\" content=\"Tiempo de lectura\" \/>\n\t<meta name=\"twitter:data2\" content=\"2 minutos\" \/>\n<script type=\"application\/ld+json\" class=\"yoast-schema-graph\">{\"@context\":\"https:\/\/schema.org\",\"@graph\":[{\"@type\":\"WebPage\",\"@id\":\"https:\/\/www.diario21.tv\/noticias\/alarmante-la-humanidad-se-ve-como-especie-en-peligro-de-extincion-por-primera-vez\/\",\"url\":\"https:\/\/www.diario21.tv\/noticias\/alarmante-la-humanidad-se-ve-como-especie-en-peligro-de-extincion-por-primera-vez\/\",\"name\":\"\u00a1Alarmante! La humanidad se ve como especie en peligro de extinci\u00f3n por primera vez - Diario 21\",\"isPartOf\":{\"@id\":\"https:\/\/www.diario21.tv\/noticias\/#website\"},\"primaryImageOfPage\":{\"@id\":\"https:\/\/www.diario21.tv\/noticias\/alarmante-la-humanidad-se-ve-como-especie-en-peligro-de-extincion-por-primera-vez\/#primaryimage\"},\"image\":{\"@id\":\"https:\/\/www.diario21.tv\/noticias\/alarmante-la-humanidad-se-ve-como-especie-en-peligro-de-extincion-por-primera-vez\/#primaryimage\"},\"thumbnailUrl\":\"https:\/\/www.diario21.tv\/noticias\/wp-content\/uploads\/2024\/11\/\u00a1Alarmante-La-humanidad-se-ve-como-especie-en-peligro-de.jpg\",\"datePublished\":\"2024-11-04T11:00:33+00:00\",\"dateModified\":\"2024-11-04T11:00:35+00:00\",\"author\":{\"@id\":\"https:\/\/www.diario21.tv\/noticias\/#\/schema\/person\/dfb778f73814d8f09f302618446a526b\"},\"breadcrumb\":{\"@id\":\"https:\/\/www.diario21.tv\/noticias\/alarmante-la-humanidad-se-ve-como-especie-en-peligro-de-extincion-por-primera-vez\/#breadcrumb\"},\"inLanguage\":\"es-AR\",\"potentialAction\":[{\"@type\":\"ReadAction\",\"target\":[\"https:\/\/www.diario21.tv\/noticias\/alarmante-la-humanidad-se-ve-como-especie-en-peligro-de-extincion-por-primera-vez\/\"]}]},{\"@type\":\"ImageObject\",\"inLanguage\":\"es-AR\",\"@id\":\"https:\/\/www.diario21.tv\/noticias\/alarmante-la-humanidad-se-ve-como-especie-en-peligro-de-extincion-por-primera-vez\/#primaryimage\",\"url\":\"https:\/\/www.diario21.tv\/noticias\/wp-content\/uploads\/2024\/11\/\u00a1Alarmante-La-humanidad-se-ve-como-especie-en-peligro-de.jpg\",\"contentUrl\":\"https:\/\/www.diario21.tv\/noticias\/wp-content\/uploads\/2024\/11\/\u00a1Alarmante-La-humanidad-se-ve-como-especie-en-peligro-de.jpg\",\"width\":1916,\"height\":1080,\"caption\":\"\u00abPor primera vez nos vemos como una especie en peligro de extinci\u00f3n\u00bb\"},{\"@type\":\"BreadcrumbList\",\"@id\":\"https:\/\/www.diario21.tv\/noticias\/alarmante-la-humanidad-se-ve-como-especie-en-peligro-de-extincion-por-primera-vez\/#breadcrumb\",\"itemListElement\":[{\"@type\":\"ListItem\",\"position\":1,\"name\":\"Accueil\",\"item\":\"https:\/\/www.diario21.tv\/noticias\/\"},{\"@type\":\"ListItem\",\"position\":2,\"name\":\"\u00a1Alarmante! La humanidad se ve como especie en peligro de extinci\u00f3n por primera vez\"}]},{\"@type\":\"WebSite\",\"@id\":\"https:\/\/www.diario21.tv\/noticias\/#website\",\"url\":\"https:\/\/www.diario21.tv\/noticias\/\",\"name\":\"Diario 21\",\"description\":\"\",\"potentialAction\":[{\"@type\":\"SearchAction\",\"target\":{\"@type\":\"EntryPoint\",\"urlTemplate\":\"https:\/\/www.diario21.tv\/noticias\/?s={search_term_string}\"},\"query-input\":{\"@type\":\"PropertyValueSpecification\",\"valueRequired\":true,\"valueName\":\"search_term_string\"}}],\"inLanguage\":\"es-AR\"},{\"@type\":\"Person\",\"@id\":\"https:\/\/www.diario21.tv\/noticias\/#\/schema\/person\/dfb778f73814d8f09f302618446a526b\",\"name\":\"Juan P\u00e9rez\",\"image\":{\"@type\":\"ImageObject\",\"inLanguage\":\"es-AR\",\"@id\":\"https:\/\/www.diario21.tv\/noticias\/#\/schema\/person\/image\/\",\"url\":\"https:\/\/secure.gravatar.com\/avatar\/c478a405bd10621167f4c3167cc770f5?s=96&d=mm&r=g\",\"contentUrl\":\"https:\/\/secure.gravatar.com\/avatar\/c478a405bd10621167f4c3167cc770f5?s=96&d=mm&r=g\",\"caption\":\"Juan P\u00e9rez\"},\"description\":\"Juan P\u00e9rez es el redactor en jefe de Diario 21. Con m\u00e1s de 10 a\u00f1os de experiencia en el periodismo, se especializa en pol\u00edtica nacional y an\u00e1lisis socioecon\u00f3mico. Su enfoque cr\u00edtico y riguroso aporta una perspectiva \u00fanica a cada art\u00edculo.\",\"sameAs\":[\"https:\/\/www.diario21.tv\/noticias\/\"],\"url\":\"https:\/\/www.diario21.tv\/noticias\/author\/juan-perez\/\"}]}<\/script>\n<!-- \/ Yoast SEO plugin. -->","yoast_head_json":{"title":"\u00a1Alarmante! La humanidad se ve como especie en peligro de extinci\u00f3n por primera vez - Diario 21","robots":{"index":"index","follow":"follow","max-snippet":"max-snippet:-1","max-image-preview":"max-image-preview:large","max-video-preview":"max-video-preview:-1"},"canonical":"https:\/\/www.diario21.tv\/noticias\/alarmante-la-humanidad-se-ve-como-especie-en-peligro-de-extincion-por-primera-vez\/","og_locale":"es_ES","og_type":"article","og_title":"\u00a1Alarmante! La humanidad se ve como especie en peligro de extinci\u00f3n por primera vez - Diario 21","og_description":"Una Nueva Perspectiva sobre la Extinci\u00f3n Humana Por primera vez en la historia, estamos empezando a considerarnos como una especie que podr\u00eda enfrentarse a la extinci\u00f3n. ... Seguir leyendo &rarr;","og_url":"https:\/\/www.diario21.tv\/noticias\/alarmante-la-humanidad-se-ve-como-especie-en-peligro-de-extincion-por-primera-vez\/","og_site_name":"Diario 21","article_published_time":"2024-11-04T11:00:33+00:00","article_modified_time":"2024-11-04T11:00:35+00:00","og_image":[{"width":1916,"height":1080,"url":"https:\/\/www.diario21.tv\/noticias\/wp-content\/uploads\/2024\/11\/\u00a1Alarmante-La-humanidad-se-ve-como-especie-en-peligro-de.jpg","type":"image\/jpeg"}],"author":"Juan P\u00e9rez","twitter_card":"summary_large_image","twitter_misc":{"Escrito por":"Juan P\u00e9rez","Tiempo de lectura":"2 minutos"},"schema":{"@context":"https:\/\/schema.org","@graph":[{"@type":"WebPage","@id":"https:\/\/www.diario21.tv\/noticias\/alarmante-la-humanidad-se-ve-como-especie-en-peligro-de-extincion-por-primera-vez\/","url":"https:\/\/www.diario21.tv\/noticias\/alarmante-la-humanidad-se-ve-como-especie-en-peligro-de-extincion-por-primera-vez\/","name":"\u00a1Alarmante! La humanidad se ve como especie en peligro de extinci\u00f3n por primera vez - Diario 21","isPartOf":{"@id":"https:\/\/www.diario21.tv\/noticias\/#website"},"primaryImageOfPage":{"@id":"https:\/\/www.diario21.tv\/noticias\/alarmante-la-humanidad-se-ve-como-especie-en-peligro-de-extincion-por-primera-vez\/#primaryimage"},"image":{"@id":"https:\/\/www.diario21.tv\/noticias\/alarmante-la-humanidad-se-ve-como-especie-en-peligro-de-extincion-por-primera-vez\/#primaryimage"},"thumbnailUrl":"https:\/\/www.diario21.tv\/noticias\/wp-content\/uploads\/2024\/11\/\u00a1Alarmante-La-humanidad-se-ve-como-especie-en-peligro-de.jpg","datePublished":"2024-11-04T11:00:33+00:00","dateModified":"2024-11-04T11:00:35+00:00","author":{"@id":"https:\/\/www.diario21.tv\/noticias\/#\/schema\/person\/dfb778f73814d8f09f302618446a526b"},"breadcrumb":{"@id":"https:\/\/www.diario21.tv\/noticias\/alarmante-la-humanidad-se-ve-como-especie-en-peligro-de-extincion-por-primera-vez\/#breadcrumb"},"inLanguage":"es-AR","potentialAction":[{"@type":"ReadAction","target":["https:\/\/www.diario21.tv\/noticias\/alarmante-la-humanidad-se-ve-como-especie-en-peligro-de-extincion-por-primera-vez\/"]}]},{"@type":"ImageObject","inLanguage":"es-AR","@id":"https:\/\/www.diario21.tv\/noticias\/alarmante-la-humanidad-se-ve-como-especie-en-peligro-de-extincion-por-primera-vez\/#primaryimage","url":"https:\/\/www.diario21.tv\/noticias\/wp-content\/uploads\/2024\/11\/\u00a1Alarmante-La-humanidad-se-ve-como-especie-en-peligro-de.jpg","contentUrl":"https:\/\/www.diario21.tv\/noticias\/wp-content\/uploads\/2024\/11\/\u00a1Alarmante-La-humanidad-se-ve-como-especie-en-peligro-de.jpg","width":1916,"height":1080,"caption":"\u00abPor primera vez nos vemos como una especie en peligro de extinci\u00f3n\u00bb"},{"@type":"BreadcrumbList","@id":"https:\/\/www.diario21.tv\/noticias\/alarmante-la-humanidad-se-ve-como-especie-en-peligro-de-extincion-por-primera-vez\/#breadcrumb","itemListElement":[{"@type":"ListItem","position":1,"name":"Accueil","item":"https:\/\/www.diario21.tv\/noticias\/"},{"@type":"ListItem","position":2,"name":"\u00a1Alarmante! La humanidad se ve como especie en peligro de extinci\u00f3n por primera vez"}]},{"@type":"WebSite","@id":"https:\/\/www.diario21.tv\/noticias\/#website","url":"https:\/\/www.diario21.tv\/noticias\/","name":"Diario 21","description":"","potentialAction":[{"@type":"SearchAction","target":{"@type":"EntryPoint","urlTemplate":"https:\/\/www.diario21.tv\/noticias\/?s={search_term_string}"},"query-input":{"@type":"PropertyValueSpecification","valueRequired":true,"valueName":"search_term_string"}}],"inLanguage":"es-AR"},{"@type":"Person","@id":"https:\/\/www.diario21.tv\/noticias\/#\/schema\/person\/dfb778f73814d8f09f302618446a526b","name":"Juan P\u00e9rez","image":{"@type":"ImageObject","inLanguage":"es-AR","@id":"https:\/\/www.diario21.tv\/noticias\/#\/schema\/person\/image\/","url":"https:\/\/secure.gravatar.com\/avatar\/c478a405bd10621167f4c3167cc770f5?s=96&d=mm&r=g","contentUrl":"https:\/\/secure.gravatar.com\/avatar\/c478a405bd10621167f4c3167cc770f5?s=96&d=mm&r=g","caption":"Juan P\u00e9rez"},"description":"Juan P\u00e9rez es el redactor en jefe de Diario 21. Con m\u00e1s de 10 a\u00f1os de experiencia en el periodismo, se especializa en pol\u00edtica nacional y an\u00e1lisis socioecon\u00f3mico. Su enfoque cr\u00edtico y riguroso aporta una perspectiva \u00fanica a cada art\u00edculo.","sameAs":["https:\/\/www.diario21.tv\/noticias\/"],"url":"https:\/\/www.diario21.tv\/noticias\/author\/juan-perez\/"}]}},"_links":{"self":[{"href":"https:\/\/www.diario21.tv\/noticias\/wp-json\/wp\/v2\/posts\/1095"}],"collection":[{"href":"https:\/\/www.diario21.tv\/noticias\/wp-json\/wp\/v2\/posts"}],"about":[{"href":"https:\/\/www.diario21.tv\/noticias\/wp-json\/wp\/v2\/types\/post"}],"author":[{"embeddable":true,"href":"https:\/\/www.diario21.tv\/noticias\/wp-json\/wp\/v2\/users\/20"}],"replies":[{"embeddable":true,"href":"https:\/\/www.diario21.tv\/noticias\/wp-json\/wp\/v2\/comments?post=1095"}],"version-history":[{"count":1,"href":"https:\/\/www.diario21.tv\/noticias\/wp-json\/wp\/v2\/posts\/1095\/revisions"}],"predecessor-version":[{"id":1097,"href":"https:\/\/www.diario21.tv\/noticias\/wp-json\/wp\/v2\/posts\/1095\/revisions\/1097"}],"wp:featuredmedia":[{"embeddable":true,"href":"https:\/\/www.diario21.tv\/noticias\/wp-json\/wp\/v2\/media\/1096"}],"wp:attachment":[{"href":"https:\/\/www.diario21.tv\/noticias\/wp-json\/wp\/v2\/media?parent=1095"}],"wp:term":[{"taxonomy":"category","embeddable":true,"href":"https:\/\/www.diario21.tv\/noticias\/wp-json\/wp\/v2\/categories?post=1095"},{"taxonomy":"post_tag","embeddable":true,"href":"https:\/\/www.diario21.tv\/noticias\/wp-json\/wp\/v2\/tags?post=1095"}],"curies":[{"name":"wp","href":"https:\/\/api.w.org\/{rel}","templated":true}]}}