{"id":1046,"date":"2024-10-30T19:00:10","date_gmt":"2024-10-30T19:00:10","guid":{"rendered":"https:\/\/www.diario21.tv\/noticias\/exclusiva-gobierno-rechaza-repatriacion-de-valenciana-accidentada-en-tailandia\/"},"modified":"2024-10-30T19:00:11","modified_gmt":"2024-10-30T19:00:11","slug":"exclusiva-gobierno-rechaza-repatriacion-de-valenciana-accidentada-en-tailandia","status":"publish","type":"post","link":"https:\/\/www.diario21.tv\/noticias\/exclusiva-gobierno-rechaza-repatriacion-de-valenciana-accidentada-en-tailandia\/","title":{"rendered":"\u00a1Exclusiva! Gobierno rechaza repatriaci\u00f3n de valenciana accidentada en Tailandia"},"content":{"rendered":"<p>Lo siento mucho, pero no puedo continuar con la tarea tal como la solicitaste, ya que no proporcionaste el texto original del art\u00edculo para usar como referencia y reescribirlo en espa\u00f1ol. Si proporcionas el contenido del art\u00edculo o detalles espec\u00edficos que deban incluirse en la reescritura, estar\u00e9 encantado de ayudarte a reformularlo en espa\u00f1ol manteniendo la misma longitud y estructura que el original.<\/p>\n\n\n<div class=\"kk-star-ratings kksr-auto kksr-align-left kksr-valign-bottom\"\n    data-payload='{&quot;align&quot;:&quot;left&quot;,&quot;id&quot;:&quot;1046&quot;,&quot;slug&quot;:&quot;default&quot;,&quot;valign&quot;:&quot;bottom&quot;,&quot;ignore&quot;:&quot;&quot;,&quot;reference&quot;:&quot;auto&quot;,&quot;class&quot;:&quot;&quot;,&quot;count&quot;:&quot;0&quot;,&quot;legendonly&quot;:&quot;&quot;,&quot;readonly&quot;:&quot;&quot;,&quot;score&quot;:&quot;0&quot;,&quot;starsonly&quot;:&quot;&quot;,&quot;best&quot;:&quot;5&quot;,&quot;gap&quot;:&quot;5&quot;,&quot;greet&quot;:&quot;Valora este post&quot;,&quot;legend&quot;:&quot;0\\\/5 - (0 votes)&quot;,&quot;size&quot;:&quot;22&quot;,&quot;title&quot;:&quot;\u00a1Exclusiva! Gobierno rechaza repatriaci\u00f3n de valenciana accidentada en Tailandia&quot;,&quot;width&quot;:&quot;0&quot;,&quot;_legend&quot;:&quot;{score}\\\/{best} - ({count} {votes})&quot;,&quot;font_factor&quot;:&quot;1.25&quot;}'>\n            \n<div class=\"kksr-stars\">\n    \n<div class=\"kksr-stars-inactive\">\n            <div class=\"kksr-star\" data-star=\"1\" style=\"padding-right: 5px\">\n            \n\n<div class=\"kksr-icon\" style=\"width: 22px; height: 22px;\"><\/div>\n        <\/div>\n            <div class=\"kksr-star\" data-star=\"2\" style=\"padding-right: 5px\">\n            \n\n<div class=\"kksr-icon\" style=\"width: 22px; height: 22px;\"><\/div>\n        <\/div>\n            <div class=\"kksr-star\" data-star=\"3\" style=\"padding-right: 5px\">\n            \n\n<div class=\"kksr-icon\" style=\"width: 22px; height: 22px;\"><\/div>\n        <\/div>\n            <div class=\"kksr-star\" data-star=\"4\" style=\"padding-right: 5px\">\n            \n\n<div class=\"kksr-icon\" style=\"width: 22px; height: 22px;\"><\/div>\n        <\/div>\n            <div class=\"kksr-star\" data-star=\"5\" style=\"padding-right: 5px\">\n            \n\n<div class=\"kksr-icon\" style=\"width: 22px; height: 22px;\"><\/div>\n        <\/div>\n    <\/div>\n    \n<div class=\"kksr-stars-active\" style=\"width: 0px;\">\n            <div class=\"kksr-star\" style=\"padding-right: 5px\">\n            \n\n<div class=\"kksr-icon\" style=\"width: 22px; height: 22px;\"><\/div>\n        <\/div>\n            <div class=\"kksr-star\" style=\"padding-right: 5px\">\n            \n\n<div class=\"kksr-icon\" style=\"width: 22px; height: 22px;\"><\/div>\n        <\/div>\n            <div class=\"kksr-star\" style=\"padding-right: 5px\">\n            \n\n<div class=\"kksr-icon\" style=\"width: 22px; height: 22px;\"><\/div>\n        <\/div>\n            <div class=\"kksr-star\" style=\"padding-right: 5px\">\n            \n\n<div class=\"kksr-icon\" style=\"width: 22px; height: 22px;\"><\/div>\n        <\/div>\n            <div class=\"kksr-star\" style=\"padding-right: 5px\">\n            \n\n<div class=\"kksr-icon\" style=\"width: 22px; height: 22px;\"><\/div>\n        <\/div>\n    <\/div>\n<\/div>\n                \n\n<div class=\"kksr-legend\" style=\"font-size: 17.6px;\">\n            <span class=\"kksr-muted\">Valora este post<\/span>\n    <\/div>\n    <\/div>\n","protected":false},"excerpt":{"rendered":"<p>Lo siento mucho, pero no puedo continuar con la tarea tal como la solicitaste, ya que no proporcionaste el texto original del art\u00edculo para usar como &#8230; <a title=\"\u00a1Exclusiva! Gobierno rechaza repatriaci\u00f3n de valenciana accidentada en Tailandia\" class=\"read-more\" href=\"https:\/\/www.diario21.tv\/noticias\/exclusiva-gobierno-rechaza-repatriacion-de-valenciana-accidentada-en-tailandia\/\" aria-label=\"Leer m\u00e1s sobre \u00a1Exclusiva! Gobierno rechaza repatriaci\u00f3n de valenciana accidentada en Tailandia\">Seguir leyendo &rarr;<\/a><\/p>\n","protected":false},"author":20,"featured_media":1047,"comment_status":"open","ping_status":"open","sticky":false,"template":"","format":"standard","meta":{"footnotes":""},"categories":[13],"tags":[],"class_list":["post-1046","post","type-post","status-publish","format-standard","has-post-thumbnail","hentry","category-portada"],"yoast_head":"<!-- This site is optimized with the Yoast SEO plugin v25.6 - https:\/\/yoast.com\/wordpress\/plugins\/seo\/ -->\n<title>\u00a1Exclusiva! Gobierno rechaza repatriaci\u00f3n de valenciana accidentada en Tailandia - Diario 21<\/title>\n<meta name=\"robots\" content=\"index, follow, max-snippet:-1, max-image-preview:large, max-video-preview:-1\" \/>\n<link rel=\"canonical\" href=\"https:\/\/www.diario21.tv\/noticias\/exclusiva-gobierno-rechaza-repatriacion-de-valenciana-accidentada-en-tailandia\/\" \/>\n<meta property=\"og:locale\" content=\"es_ES\" \/>\n<meta property=\"og:type\" content=\"article\" \/>\n<meta property=\"og:title\" content=\"\u00a1Exclusiva! Gobierno rechaza repatriaci\u00f3n de valenciana accidentada en Tailandia - Diario 21\" \/>\n<meta property=\"og:description\" content=\"Lo siento mucho, pero no puedo continuar con la tarea tal como la solicitaste, ya que no proporcionaste el texto original del art\u00edculo para usar como ... Seguir leyendo &rarr;\" \/>\n<meta property=\"og:url\" content=\"https:\/\/www.diario21.tv\/noticias\/exclusiva-gobierno-rechaza-repatriacion-de-valenciana-accidentada-en-tailandia\/\" \/>\n<meta property=\"og:site_name\" content=\"Diario 21\" \/>\n<meta property=\"article:published_time\" content=\"2024-10-30T19:00:10+00:00\" \/>\n<meta property=\"article:modified_time\" content=\"2024-10-30T19:00:11+00:00\" \/>\n<meta property=\"og:image\" content=\"https:\/\/www.diario21.tv\/noticias\/wp-content\/uploads\/2024\/10\/\u00a1Exclusiva-Gobierno-rechaza-repatriacion-de-valenciana-accidentada-en-Tailandia.jpg\" \/>\n\t<meta property=\"og:image:width\" content=\"1913\" \/>\n\t<meta property=\"og:image:height\" content=\"1080\" \/>\n\t<meta property=\"og:image:type\" content=\"image\/jpeg\" \/>\n<meta name=\"author\" content=\"Juan P\u00e9rez\" \/>\n<meta name=\"twitter:card\" content=\"summary_large_image\" \/>\n<meta name=\"twitter:label1\" content=\"Escrito por\" \/>\n\t<meta name=\"twitter:data1\" content=\"Juan P\u00e9rez\" \/>\n<script type=\"application\/ld+json\" class=\"yoast-schema-graph\">{\"@context\":\"https:\/\/schema.org\",\"@graph\":[{\"@type\":\"WebPage\",\"@id\":\"https:\/\/www.diario21.tv\/noticias\/exclusiva-gobierno-rechaza-repatriacion-de-valenciana-accidentada-en-tailandia\/\",\"url\":\"https:\/\/www.diario21.tv\/noticias\/exclusiva-gobierno-rechaza-repatriacion-de-valenciana-accidentada-en-tailandia\/\",\"name\":\"\u00a1Exclusiva! Gobierno rechaza repatriaci\u00f3n de valenciana accidentada en Tailandia - Diario 21\",\"isPartOf\":{\"@id\":\"https:\/\/www.diario21.tv\/noticias\/#website\"},\"primaryImageOfPage\":{\"@id\":\"https:\/\/www.diario21.tv\/noticias\/exclusiva-gobierno-rechaza-repatriacion-de-valenciana-accidentada-en-tailandia\/#primaryimage\"},\"image\":{\"@id\":\"https:\/\/www.diario21.tv\/noticias\/exclusiva-gobierno-rechaza-repatriacion-de-valenciana-accidentada-en-tailandia\/#primaryimage\"},\"thumbnailUrl\":\"https:\/\/www.diario21.tv\/noticias\/wp-content\/uploads\/2024\/10\/\u00a1Exclusiva-Gobierno-rechaza-repatriacion-de-valenciana-accidentada-en-Tailandia.jpg\",\"datePublished\":\"2024-10-30T19:00:10+00:00\",\"dateModified\":\"2024-10-30T19:00:11+00:00\",\"author\":{\"@id\":\"https:\/\/www.diario21.tv\/noticias\/#\/schema\/person\/dfb778f73814d8f09f302618446a526b\"},\"breadcrumb\":{\"@id\":\"https:\/\/www.diario21.tv\/noticias\/exclusiva-gobierno-rechaza-repatriacion-de-valenciana-accidentada-en-tailandia\/#breadcrumb\"},\"inLanguage\":\"es-AR\",\"potentialAction\":[{\"@type\":\"ReadAction\",\"target\":[\"https:\/\/www.diario21.tv\/noticias\/exclusiva-gobierno-rechaza-repatriacion-de-valenciana-accidentada-en-tailandia\/\"]}]},{\"@type\":\"ImageObject\",\"inLanguage\":\"es-AR\",\"@id\":\"https:\/\/www.diario21.tv\/noticias\/exclusiva-gobierno-rechaza-repatriacion-de-valenciana-accidentada-en-tailandia\/#primaryimage\",\"url\":\"https:\/\/www.diario21.tv\/noticias\/wp-content\/uploads\/2024\/10\/\u00a1Exclusiva-Gobierno-rechaza-repatriacion-de-valenciana-accidentada-en-Tailandia.jpg\",\"contentUrl\":\"https:\/\/www.diario21.tv\/noticias\/wp-content\/uploads\/2024\/10\/\u00a1Exclusiva-Gobierno-rechaza-repatriacion-de-valenciana-accidentada-en-Tailandia.jpg\",\"width\":1913,\"height\":1080,\"caption\":\"El Gobierno cierra la puerta a repatriar a la valenciana accidentada en Tailandia\"},{\"@type\":\"BreadcrumbList\",\"@id\":\"https:\/\/www.diario21.tv\/noticias\/exclusiva-gobierno-rechaza-repatriacion-de-valenciana-accidentada-en-tailandia\/#breadcrumb\",\"itemListElement\":[{\"@type\":\"ListItem\",\"position\":1,\"name\":\"Accueil\",\"item\":\"https:\/\/www.diario21.tv\/noticias\/\"},{\"@type\":\"ListItem\",\"position\":2,\"name\":\"\u00a1Exclusiva! Gobierno rechaza repatriaci\u00f3n de valenciana accidentada en Tailandia\"}]},{\"@type\":\"WebSite\",\"@id\":\"https:\/\/www.diario21.tv\/noticias\/#website\",\"url\":\"https:\/\/www.diario21.tv\/noticias\/\",\"name\":\"Diario 21\",\"description\":\"\",\"potentialAction\":[{\"@type\":\"SearchAction\",\"target\":{\"@type\":\"EntryPoint\",\"urlTemplate\":\"https:\/\/www.diario21.tv\/noticias\/?s={search_term_string}\"},\"query-input\":{\"@type\":\"PropertyValueSpecification\",\"valueRequired\":true,\"valueName\":\"search_term_string\"}}],\"inLanguage\":\"es-AR\"},{\"@type\":\"Person\",\"@id\":\"https:\/\/www.diario21.tv\/noticias\/#\/schema\/person\/dfb778f73814d8f09f302618446a526b\",\"name\":\"Juan P\u00e9rez\",\"image\":{\"@type\":\"ImageObject\",\"inLanguage\":\"es-AR\",\"@id\":\"https:\/\/www.diario21.tv\/noticias\/#\/schema\/person\/image\/\",\"url\":\"https:\/\/secure.gravatar.com\/avatar\/c478a405bd10621167f4c3167cc770f5?s=96&d=mm&r=g\",\"contentUrl\":\"https:\/\/secure.gravatar.com\/avatar\/c478a405bd10621167f4c3167cc770f5?s=96&d=mm&r=g\",\"caption\":\"Juan P\u00e9rez\"},\"description\":\"Juan P\u00e9rez es el redactor en jefe de Diario 21. Con m\u00e1s de 10 a\u00f1os de experiencia en el periodismo, se especializa en pol\u00edtica nacional y an\u00e1lisis socioecon\u00f3mico. Su enfoque cr\u00edtico y riguroso aporta una perspectiva \u00fanica a cada art\u00edculo.\",\"sameAs\":[\"https:\/\/www.diario21.tv\/noticias\/\"],\"url\":\"https:\/\/www.diario21.tv\/noticias\/author\/juan-perez\/\"}]}<\/script>\n<!-- \/ Yoast SEO plugin. -->","yoast_head_json":{"title":"\u00a1Exclusiva! Gobierno rechaza repatriaci\u00f3n de valenciana accidentada en Tailandia - Diario 21","robots":{"index":"index","follow":"follow","max-snippet":"max-snippet:-1","max-image-preview":"max-image-preview:large","max-video-preview":"max-video-preview:-1"},"canonical":"https:\/\/www.diario21.tv\/noticias\/exclusiva-gobierno-rechaza-repatriacion-de-valenciana-accidentada-en-tailandia\/","og_locale":"es_ES","og_type":"article","og_title":"\u00a1Exclusiva! Gobierno rechaza repatriaci\u00f3n de valenciana accidentada en Tailandia - Diario 21","og_description":"Lo siento mucho, pero no puedo continuar con la tarea tal como la solicitaste, ya que no proporcionaste el texto original del art\u00edculo para usar como ... Seguir leyendo &rarr;","og_url":"https:\/\/www.diario21.tv\/noticias\/exclusiva-gobierno-rechaza-repatriacion-de-valenciana-accidentada-en-tailandia\/","og_site_name":"Diario 21","article_published_time":"2024-10-30T19:00:10+00:00","article_modified_time":"2024-10-30T19:00:11+00:00","og_image":[{"width":1913,"height":1080,"url":"https:\/\/www.diario21.tv\/noticias\/wp-content\/uploads\/2024\/10\/\u00a1Exclusiva-Gobierno-rechaza-repatriacion-de-valenciana-accidentada-en-Tailandia.jpg","type":"image\/jpeg"}],"author":"Juan P\u00e9rez","twitter_card":"summary_large_image","twitter_misc":{"Escrito por":"Juan P\u00e9rez"},"schema":{"@context":"https:\/\/schema.org","@graph":[{"@type":"WebPage","@id":"https:\/\/www.diario21.tv\/noticias\/exclusiva-gobierno-rechaza-repatriacion-de-valenciana-accidentada-en-tailandia\/","url":"https:\/\/www.diario21.tv\/noticias\/exclusiva-gobierno-rechaza-repatriacion-de-valenciana-accidentada-en-tailandia\/","name":"\u00a1Exclusiva! Gobierno rechaza repatriaci\u00f3n de valenciana accidentada en Tailandia - Diario 21","isPartOf":{"@id":"https:\/\/www.diario21.tv\/noticias\/#website"},"primaryImageOfPage":{"@id":"https:\/\/www.diario21.tv\/noticias\/exclusiva-gobierno-rechaza-repatriacion-de-valenciana-accidentada-en-tailandia\/#primaryimage"},"image":{"@id":"https:\/\/www.diario21.tv\/noticias\/exclusiva-gobierno-rechaza-repatriacion-de-valenciana-accidentada-en-tailandia\/#primaryimage"},"thumbnailUrl":"https:\/\/www.diario21.tv\/noticias\/wp-content\/uploads\/2024\/10\/\u00a1Exclusiva-Gobierno-rechaza-repatriacion-de-valenciana-accidentada-en-Tailandia.jpg","datePublished":"2024-10-30T19:00:10+00:00","dateModified":"2024-10-30T19:00:11+00:00","author":{"@id":"https:\/\/www.diario21.tv\/noticias\/#\/schema\/person\/dfb778f73814d8f09f302618446a526b"},"breadcrumb":{"@id":"https:\/\/www.diario21.tv\/noticias\/exclusiva-gobierno-rechaza-repatriacion-de-valenciana-accidentada-en-tailandia\/#breadcrumb"},"inLanguage":"es-AR","potentialAction":[{"@type":"ReadAction","target":["https:\/\/www.diario21.tv\/noticias\/exclusiva-gobierno-rechaza-repatriacion-de-valenciana-accidentada-en-tailandia\/"]}]},{"@type":"ImageObject","inLanguage":"es-AR","@id":"https:\/\/www.diario21.tv\/noticias\/exclusiva-gobierno-rechaza-repatriacion-de-valenciana-accidentada-en-tailandia\/#primaryimage","url":"https:\/\/www.diario21.tv\/noticias\/wp-content\/uploads\/2024\/10\/\u00a1Exclusiva-Gobierno-rechaza-repatriacion-de-valenciana-accidentada-en-Tailandia.jpg","contentUrl":"https:\/\/www.diario21.tv\/noticias\/wp-content\/uploads\/2024\/10\/\u00a1Exclusiva-Gobierno-rechaza-repatriacion-de-valenciana-accidentada-en-Tailandia.jpg","width":1913,"height":1080,"caption":"El Gobierno cierra la puerta a repatriar a la valenciana accidentada en Tailandia"},{"@type":"BreadcrumbList","@id":"https:\/\/www.diario21.tv\/noticias\/exclusiva-gobierno-rechaza-repatriacion-de-valenciana-accidentada-en-tailandia\/#breadcrumb","itemListElement":[{"@type":"ListItem","position":1,"name":"Accueil","item":"https:\/\/www.diario21.tv\/noticias\/"},{"@type":"ListItem","position":2,"name":"\u00a1Exclusiva! Gobierno rechaza repatriaci\u00f3n de valenciana accidentada en Tailandia"}]},{"@type":"WebSite","@id":"https:\/\/www.diario21.tv\/noticias\/#website","url":"https:\/\/www.diario21.tv\/noticias\/","name":"Diario 21","description":"","potentialAction":[{"@type":"SearchAction","target":{"@type":"EntryPoint","urlTemplate":"https:\/\/www.diario21.tv\/noticias\/?s={search_term_string}"},"query-input":{"@type":"PropertyValueSpecification","valueRequired":true,"valueName":"search_term_string"}}],"inLanguage":"es-AR"},{"@type":"Person","@id":"https:\/\/www.diario21.tv\/noticias\/#\/schema\/person\/dfb778f73814d8f09f302618446a526b","name":"Juan P\u00e9rez","image":{"@type":"ImageObject","inLanguage":"es-AR","@id":"https:\/\/www.diario21.tv\/noticias\/#\/schema\/person\/image\/","url":"https:\/\/secure.gravatar.com\/avatar\/c478a405bd10621167f4c3167cc770f5?s=96&d=mm&r=g","contentUrl":"https:\/\/secure.gravatar.com\/avatar\/c478a405bd10621167f4c3167cc770f5?s=96&d=mm&r=g","caption":"Juan P\u00e9rez"},"description":"Juan P\u00e9rez es el redactor en jefe de Diario 21. Con m\u00e1s de 10 a\u00f1os de experiencia en el periodismo, se especializa en pol\u00edtica nacional y an\u00e1lisis socioecon\u00f3mico. Su enfoque cr\u00edtico y riguroso aporta una perspectiva \u00fanica a cada art\u00edculo.","sameAs":["https:\/\/www.diario21.tv\/noticias\/"],"url":"https:\/\/www.diario21.tv\/noticias\/author\/juan-perez\/"}]}},"_links":{"self":[{"href":"https:\/\/www.diario21.tv\/noticias\/wp-json\/wp\/v2\/posts\/1046"}],"collection":[{"href":"https:\/\/www.diario21.tv\/noticias\/wp-json\/wp\/v2\/posts"}],"about":[{"href":"https:\/\/www.diario21.tv\/noticias\/wp-json\/wp\/v2\/types\/post"}],"author":[{"embeddable":true,"href":"https:\/\/www.diario21.tv\/noticias\/wp-json\/wp\/v2\/users\/20"}],"replies":[{"embeddable":true,"href":"https:\/\/www.diario21.tv\/noticias\/wp-json\/wp\/v2\/comments?post=1046"}],"version-history":[{"count":1,"href":"https:\/\/www.diario21.tv\/noticias\/wp-json\/wp\/v2\/posts\/1046\/revisions"}],"predecessor-version":[{"id":1048,"href":"https:\/\/www.diario21.tv\/noticias\/wp-json\/wp\/v2\/posts\/1046\/revisions\/1048"}],"wp:featuredmedia":[{"embeddable":true,"href":"https:\/\/www.diario21.tv\/noticias\/wp-json\/wp\/v2\/media\/1047"}],"wp:attachment":[{"href":"https:\/\/www.diario21.tv\/noticias\/wp-json\/wp\/v2\/media?parent=1046"}],"wp:term":[{"taxonomy":"category","embeddable":true,"href":"https:\/\/www.diario21.tv\/noticias\/wp-json\/wp\/v2\/categories?post=1046"},{"taxonomy":"post_tag","embeddable":true,"href":"https:\/\/www.diario21.tv\/noticias\/wp-json\/wp\/v2\/tags?post=1046"}],"curies":[{"name":"wp","href":"https:\/\/api.w.org\/{rel}","templated":true}]}}