{"id":1040,"date":"2024-10-30T06:52:33","date_gmt":"2024-10-30T06:52:33","guid":{"rendered":"https:\/\/www.diario21.tv\/noticias\/increible-conductor-ebrio-en-valencia-confunde-entrada-de-metro-con-garaje\/"},"modified":"2024-10-30T06:52:35","modified_gmt":"2024-10-30T06:52:35","slug":"increible-conductor-ebrio-en-valencia-confunde-entrada-de-metro-con-garaje","status":"publish","type":"post","link":"https:\/\/www.diario21.tv\/noticias\/increible-conductor-ebrio-en-valencia-confunde-entrada-de-metro-con-garaje\/","title":{"rendered":"\u00a1Incre\u00edble! Conductor ebrio en Valencia confunde entrada de metro con garaje"},"content":{"rendered":"<h2>Un Incidente Inusual en Valencia: El Error de un Conductor Ebrio<\/h2>\n<p>En un evento poco com\u00fan ocurrido en Valencia, un conductor bajo los efectos del alcohol cometi\u00f3 un error considerable al confundir la boca de una estaci\u00f3n de metro con la entrada a un aparcamiento privado. Este ins\u00f3lito suceso tuvo lugar a \u00faltimas horas de la noche, sorprendiendo a transe\u00fantes y autoridades por igual.<\/p>\n<h3>Los Detalles del Equ\u00edvoco<\/h3>\n<p>El individuo, que hab\u00eda consumido alcohol en exceso, se encontraba al volante de su veh\u00edculo cuando, en un momento de confusi\u00f3n, gir\u00f3 hacia lo que \u00e9l asumi\u00f3 era el acceso a un garaje subterr\u00e1neo. Sin embargo, en realidad se trataba de la entrada a una estaci\u00f3n de metro de la ciudad. Afortunadamente, el error fue detectado a tiempo y no se produjeron da\u00f1os personales ni materiales de gravedad.<\/p>\n<p>El veh\u00edculo qued\u00f3 parcialmente dentro del acceso al metro, lo que caus\u00f3 una interrupci\u00f3n temporal en el acceso de los pasajeros a la estaci\u00f3n. La situaci\u00f3n gener\u00f3 una r\u00e1pida respuesta por parte de las autoridades locales y los servicios de emergencia, quienes llegaron al lugar para gestionar la incidencia y asegurar el \u00e1rea.<\/p>\n<h3>Reacciones y Consecuencias<\/h3>\n<p>El conductor fue sometido a pruebas de alcoholemia, que confirmaron su estado de ebriedad. Como resultado, las autoridades tomaron las medidas pertinentes contra el conductor, incluyendo sanciones legales acordes con las leyes de tr\u00e1fico y seguridad vial. Este incidente sirvi\u00f3 como un recordatorio cr\u00edtico sobre los peligros de conducir bajo la influencia del alcohol y las severas consecuencias que esto puede acarrear.<\/p>\n<p>Por otro lado, el incidente provoc\u00f3 debates entre los ciudadanos y en redes sociales sobre la se\u00f1alizaci\u00f3n y seguridad en las entradas del metro, discutiendo formas en que situaciones similares podr\u00edan prevenirse en el futuro para evitar confusiones que podr\u00edan llevar a accidentes m\u00e1s graves.<\/p>\n<h3>Medidas a Tomar<\/h3>\n<p>En respuesta al incidente, las autoridades locales han comenzado a revisar y, en algunos casos, a mejorar la se\u00f1alizaci\u00f3n en las entradas de estaciones de metro para evitar que se repitan incidentes similares. La importancia de una se\u00f1alizaci\u00f3n clara y visible se ha hecho evidente no solo para prevenir accidentes, sino tambi\u00e9n para facilitar la navegaci\u00f3n urbana para conductores y peatones.<\/p>\n<p>Adem\u00e1s, este suceso ha impulsado campa\u00f1as de concienciaci\u00f3n sobre los riesgos de conducir en estado de ebriedad, destacando la necesidad de optar por alternativas de transporte seguras cuando se ha consumido alcohol.<\/p>\n<p>Este inusual incidente en Valencia no pas\u00f3 a mayores gracias a la pronta acci\u00f3n de los involucrados y ha dejado varias ense\u00f1anzas en cuanto a seguridad y responsabilidad vial que resonar\u00e1n en la comunidad por alg\u00fan tiempo.<\/p>\n\n\n<div class=\"kk-star-ratings kksr-auto kksr-align-left kksr-valign-bottom\"\n    data-payload='{&quot;align&quot;:&quot;left&quot;,&quot;id&quot;:&quot;1040&quot;,&quot;slug&quot;:&quot;default&quot;,&quot;valign&quot;:&quot;bottom&quot;,&quot;ignore&quot;:&quot;&quot;,&quot;reference&quot;:&quot;auto&quot;,&quot;class&quot;:&quot;&quot;,&quot;count&quot;:&quot;0&quot;,&quot;legendonly&quot;:&quot;&quot;,&quot;readonly&quot;:&quot;&quot;,&quot;score&quot;:&quot;0&quot;,&quot;starsonly&quot;:&quot;&quot;,&quot;best&quot;:&quot;5&quot;,&quot;gap&quot;:&quot;5&quot;,&quot;greet&quot;:&quot;Valora este post&quot;,&quot;legend&quot;:&quot;0\\\/5 - (0 votes)&quot;,&quot;size&quot;:&quot;22&quot;,&quot;title&quot;:&quot;\u00a1Incre\u00edble! Conductor ebrio en Valencia confunde entrada de metro con garaje&quot;,&quot;width&quot;:&quot;0&quot;,&quot;_legend&quot;:&quot;{score}\\\/{best} - ({count} {votes})&quot;,&quot;font_factor&quot;:&quot;1.25&quot;}'>\n            \n<div class=\"kksr-stars\">\n    \n<div class=\"kksr-stars-inactive\">\n            <div class=\"kksr-star\" data-star=\"1\" style=\"padding-right: 5px\">\n            \n\n<div class=\"kksr-icon\" style=\"width: 22px; height: 22px;\"><\/div>\n        <\/div>\n            <div class=\"kksr-star\" data-star=\"2\" style=\"padding-right: 5px\">\n            \n\n<div class=\"kksr-icon\" style=\"width: 22px; height: 22px;\"><\/div>\n        <\/div>\n            <div class=\"kksr-star\" data-star=\"3\" style=\"padding-right: 5px\">\n            \n\n<div class=\"kksr-icon\" style=\"width: 22px; height: 22px;\"><\/div>\n        <\/div>\n            <div class=\"kksr-star\" data-star=\"4\" style=\"padding-right: 5px\">\n            \n\n<div class=\"kksr-icon\" style=\"width: 22px; height: 22px;\"><\/div>\n        <\/div>\n            <div class=\"kksr-star\" data-star=\"5\" style=\"padding-right: 5px\">\n            \n\n<div class=\"kksr-icon\" style=\"width: 22px; height: 22px;\"><\/div>\n        <\/div>\n    <\/div>\n    \n<div class=\"kksr-stars-active\" style=\"width: 0px;\">\n            <div class=\"kksr-star\" style=\"padding-right: 5px\">\n            \n\n<div class=\"kksr-icon\" style=\"width: 22px; height: 22px;\"><\/div>\n        <\/div>\n            <div class=\"kksr-star\" style=\"padding-right: 5px\">\n            \n\n<div class=\"kksr-icon\" style=\"width: 22px; height: 22px;\"><\/div>\n        <\/div>\n            <div class=\"kksr-star\" style=\"padding-right: 5px\">\n            \n\n<div class=\"kksr-icon\" style=\"width: 22px; height: 22px;\"><\/div>\n        <\/div>\n            <div class=\"kksr-star\" style=\"padding-right: 5px\">\n            \n\n<div class=\"kksr-icon\" style=\"width: 22px; height: 22px;\"><\/div>\n        <\/div>\n            <div class=\"kksr-star\" style=\"padding-right: 5px\">\n            \n\n<div class=\"kksr-icon\" style=\"width: 22px; height: 22px;\"><\/div>\n        <\/div>\n    <\/div>\n<\/div>\n                \n\n<div class=\"kksr-legend\" style=\"font-size: 17.6px;\">\n            <span class=\"kksr-muted\">Valora este post<\/span>\n    <\/div>\n    <\/div>\n","protected":false},"excerpt":{"rendered":"<p>Un Incidente Inusual en Valencia: El Error de un Conductor Ebrio En un evento poco com\u00fan ocurrido en Valencia, un conductor bajo los efectos del alcohol &#8230; <a title=\"\u00a1Incre\u00edble! Conductor ebrio en Valencia confunde entrada de metro con garaje\" class=\"read-more\" href=\"https:\/\/www.diario21.tv\/noticias\/increible-conductor-ebrio-en-valencia-confunde-entrada-de-metro-con-garaje\/\" aria-label=\"Leer m\u00e1s sobre \u00a1Incre\u00edble! Conductor ebrio en Valencia confunde entrada de metro con garaje\">Seguir leyendo &rarr;<\/a><\/p>\n","protected":false},"author":20,"featured_media":1041,"comment_status":"open","ping_status":"open","sticky":false,"template":"","format":"standard","meta":{"footnotes":""},"categories":[13],"tags":[],"class_list":["post-1040","post","type-post","status-publish","format-standard","has-post-thumbnail","hentry","category-portada"],"yoast_head":"<!-- This site is optimized with the Yoast SEO plugin v25.6 - https:\/\/yoast.com\/wordpress\/plugins\/seo\/ -->\n<title>\u00a1Incre\u00edble! Conductor ebrio en Valencia confunde entrada de metro con garaje - Diario 21<\/title>\n<meta name=\"robots\" content=\"index, follow, max-snippet:-1, max-image-preview:large, max-video-preview:-1\" \/>\n<link rel=\"canonical\" href=\"https:\/\/www.diario21.tv\/noticias\/increible-conductor-ebrio-en-valencia-confunde-entrada-de-metro-con-garaje\/\" \/>\n<meta property=\"og:locale\" content=\"es_ES\" \/>\n<meta property=\"og:type\" content=\"article\" \/>\n<meta property=\"og:title\" content=\"\u00a1Incre\u00edble! Conductor ebrio en Valencia confunde entrada de metro con garaje - Diario 21\" \/>\n<meta property=\"og:description\" content=\"Un Incidente Inusual en Valencia: El Error de un Conductor Ebrio En un evento poco com\u00fan ocurrido en Valencia, un conductor bajo los efectos del alcohol ... Seguir leyendo &rarr;\" \/>\n<meta property=\"og:url\" content=\"https:\/\/www.diario21.tv\/noticias\/increible-conductor-ebrio-en-valencia-confunde-entrada-de-metro-con-garaje\/\" \/>\n<meta property=\"og:site_name\" content=\"Diario 21\" \/>\n<meta property=\"article:published_time\" content=\"2024-10-30T06:52:33+00:00\" \/>\n<meta property=\"article:modified_time\" content=\"2024-10-30T06:52:35+00:00\" \/>\n<meta property=\"og:image\" content=\"https:\/\/www.diario21.tv\/noticias\/wp-content\/uploads\/2024\/10\/\u00a1Increible-Conductor-ebrio-en-Valencia-confunde-entrada-de-metro-con.jpg\" \/>\n\t<meta property=\"og:image:width\" content=\"1909\" \/>\n\t<meta property=\"og:image:height\" content=\"1080\" \/>\n\t<meta property=\"og:image:type\" content=\"image\/jpeg\" \/>\n<meta name=\"author\" content=\"Juan P\u00e9rez\" \/>\n<meta name=\"twitter:card\" content=\"summary_large_image\" \/>\n<meta name=\"twitter:label1\" content=\"Escrito por\" \/>\n\t<meta name=\"twitter:data1\" content=\"Juan P\u00e9rez\" \/>\n\t<meta name=\"twitter:label2\" content=\"Tiempo de lectura\" \/>\n\t<meta name=\"twitter:data2\" content=\"2 minutos\" \/>\n<script type=\"application\/ld+json\" class=\"yoast-schema-graph\">{\"@context\":\"https:\/\/schema.org\",\"@graph\":[{\"@type\":\"WebPage\",\"@id\":\"https:\/\/www.diario21.tv\/noticias\/increible-conductor-ebrio-en-valencia-confunde-entrada-de-metro-con-garaje\/\",\"url\":\"https:\/\/www.diario21.tv\/noticias\/increible-conductor-ebrio-en-valencia-confunde-entrada-de-metro-con-garaje\/\",\"name\":\"\u00a1Incre\u00edble! Conductor ebrio en Valencia confunde entrada de metro con garaje - Diario 21\",\"isPartOf\":{\"@id\":\"https:\/\/www.diario21.tv\/noticias\/#website\"},\"primaryImageOfPage\":{\"@id\":\"https:\/\/www.diario21.tv\/noticias\/increible-conductor-ebrio-en-valencia-confunde-entrada-de-metro-con-garaje\/#primaryimage\"},\"image\":{\"@id\":\"https:\/\/www.diario21.tv\/noticias\/increible-conductor-ebrio-en-valencia-confunde-entrada-de-metro-con-garaje\/#primaryimage\"},\"thumbnailUrl\":\"https:\/\/www.diario21.tv\/noticias\/wp-content\/uploads\/2024\/10\/\u00a1Increible-Conductor-ebrio-en-Valencia-confunde-entrada-de-metro-con.jpg\",\"datePublished\":\"2024-10-30T06:52:33+00:00\",\"dateModified\":\"2024-10-30T06:52:35+00:00\",\"author\":{\"@id\":\"https:\/\/www.diario21.tv\/noticias\/#\/schema\/person\/dfb778f73814d8f09f302618446a526b\"},\"breadcrumb\":{\"@id\":\"https:\/\/www.diario21.tv\/noticias\/increible-conductor-ebrio-en-valencia-confunde-entrada-de-metro-con-garaje\/#breadcrumb\"},\"inLanguage\":\"es-AR\",\"potentialAction\":[{\"@type\":\"ReadAction\",\"target\":[\"https:\/\/www.diario21.tv\/noticias\/increible-conductor-ebrio-en-valencia-confunde-entrada-de-metro-con-garaje\/\"]}]},{\"@type\":\"ImageObject\",\"inLanguage\":\"es-AR\",\"@id\":\"https:\/\/www.diario21.tv\/noticias\/increible-conductor-ebrio-en-valencia-confunde-entrada-de-metro-con-garaje\/#primaryimage\",\"url\":\"https:\/\/www.diario21.tv\/noticias\/wp-content\/uploads\/2024\/10\/\u00a1Increible-Conductor-ebrio-en-Valencia-confunde-entrada-de-metro-con.jpg\",\"contentUrl\":\"https:\/\/www.diario21.tv\/noticias\/wp-content\/uploads\/2024\/10\/\u00a1Increible-Conductor-ebrio-en-Valencia-confunde-entrada-de-metro-con.jpg\",\"width\":1909,\"height\":1080,\"caption\":\"Un conductor ebrio confunde la entrada del metro con un garaje en Valencia\"},{\"@type\":\"BreadcrumbList\",\"@id\":\"https:\/\/www.diario21.tv\/noticias\/increible-conductor-ebrio-en-valencia-confunde-entrada-de-metro-con-garaje\/#breadcrumb\",\"itemListElement\":[{\"@type\":\"ListItem\",\"position\":1,\"name\":\"Accueil\",\"item\":\"https:\/\/www.diario21.tv\/noticias\/\"},{\"@type\":\"ListItem\",\"position\":2,\"name\":\"\u00a1Incre\u00edble! Conductor ebrio en Valencia confunde entrada de metro con garaje\"}]},{\"@type\":\"WebSite\",\"@id\":\"https:\/\/www.diario21.tv\/noticias\/#website\",\"url\":\"https:\/\/www.diario21.tv\/noticias\/\",\"name\":\"Diario 21\",\"description\":\"\",\"potentialAction\":[{\"@type\":\"SearchAction\",\"target\":{\"@type\":\"EntryPoint\",\"urlTemplate\":\"https:\/\/www.diario21.tv\/noticias\/?s={search_term_string}\"},\"query-input\":{\"@type\":\"PropertyValueSpecification\",\"valueRequired\":true,\"valueName\":\"search_term_string\"}}],\"inLanguage\":\"es-AR\"},{\"@type\":\"Person\",\"@id\":\"https:\/\/www.diario21.tv\/noticias\/#\/schema\/person\/dfb778f73814d8f09f302618446a526b\",\"name\":\"Juan P\u00e9rez\",\"image\":{\"@type\":\"ImageObject\",\"inLanguage\":\"es-AR\",\"@id\":\"https:\/\/www.diario21.tv\/noticias\/#\/schema\/person\/image\/\",\"url\":\"https:\/\/secure.gravatar.com\/avatar\/c478a405bd10621167f4c3167cc770f5?s=96&d=mm&r=g\",\"contentUrl\":\"https:\/\/secure.gravatar.com\/avatar\/c478a405bd10621167f4c3167cc770f5?s=96&d=mm&r=g\",\"caption\":\"Juan P\u00e9rez\"},\"description\":\"Juan P\u00e9rez es el redactor en jefe de Diario 21. Con m\u00e1s de 10 a\u00f1os de experiencia en el periodismo, se especializa en pol\u00edtica nacional y an\u00e1lisis socioecon\u00f3mico. Su enfoque cr\u00edtico y riguroso aporta una perspectiva \u00fanica a cada art\u00edculo.\",\"sameAs\":[\"https:\/\/www.diario21.tv\/noticias\/\"],\"url\":\"https:\/\/www.diario21.tv\/noticias\/author\/juan-perez\/\"}]}<\/script>\n<!-- \/ Yoast SEO plugin. -->","yoast_head_json":{"title":"\u00a1Incre\u00edble! Conductor ebrio en Valencia confunde entrada de metro con garaje - Diario 21","robots":{"index":"index","follow":"follow","max-snippet":"max-snippet:-1","max-image-preview":"max-image-preview:large","max-video-preview":"max-video-preview:-1"},"canonical":"https:\/\/www.diario21.tv\/noticias\/increible-conductor-ebrio-en-valencia-confunde-entrada-de-metro-con-garaje\/","og_locale":"es_ES","og_type":"article","og_title":"\u00a1Incre\u00edble! Conductor ebrio en Valencia confunde entrada de metro con garaje - Diario 21","og_description":"Un Incidente Inusual en Valencia: El Error de un Conductor Ebrio En un evento poco com\u00fan ocurrido en Valencia, un conductor bajo los efectos del alcohol ... Seguir leyendo &rarr;","og_url":"https:\/\/www.diario21.tv\/noticias\/increible-conductor-ebrio-en-valencia-confunde-entrada-de-metro-con-garaje\/","og_site_name":"Diario 21","article_published_time":"2024-10-30T06:52:33+00:00","article_modified_time":"2024-10-30T06:52:35+00:00","og_image":[{"width":1909,"height":1080,"url":"https:\/\/www.diario21.tv\/noticias\/wp-content\/uploads\/2024\/10\/\u00a1Increible-Conductor-ebrio-en-Valencia-confunde-entrada-de-metro-con.jpg","type":"image\/jpeg"}],"author":"Juan P\u00e9rez","twitter_card":"summary_large_image","twitter_misc":{"Escrito por":"Juan P\u00e9rez","Tiempo de lectura":"2 minutos"},"schema":{"@context":"https:\/\/schema.org","@graph":[{"@type":"WebPage","@id":"https:\/\/www.diario21.tv\/noticias\/increible-conductor-ebrio-en-valencia-confunde-entrada-de-metro-con-garaje\/","url":"https:\/\/www.diario21.tv\/noticias\/increible-conductor-ebrio-en-valencia-confunde-entrada-de-metro-con-garaje\/","name":"\u00a1Incre\u00edble! Conductor ebrio en Valencia confunde entrada de metro con garaje - Diario 21","isPartOf":{"@id":"https:\/\/www.diario21.tv\/noticias\/#website"},"primaryImageOfPage":{"@id":"https:\/\/www.diario21.tv\/noticias\/increible-conductor-ebrio-en-valencia-confunde-entrada-de-metro-con-garaje\/#primaryimage"},"image":{"@id":"https:\/\/www.diario21.tv\/noticias\/increible-conductor-ebrio-en-valencia-confunde-entrada-de-metro-con-garaje\/#primaryimage"},"thumbnailUrl":"https:\/\/www.diario21.tv\/noticias\/wp-content\/uploads\/2024\/10\/\u00a1Increible-Conductor-ebrio-en-Valencia-confunde-entrada-de-metro-con.jpg","datePublished":"2024-10-30T06:52:33+00:00","dateModified":"2024-10-30T06:52:35+00:00","author":{"@id":"https:\/\/www.diario21.tv\/noticias\/#\/schema\/person\/dfb778f73814d8f09f302618446a526b"},"breadcrumb":{"@id":"https:\/\/www.diario21.tv\/noticias\/increible-conductor-ebrio-en-valencia-confunde-entrada-de-metro-con-garaje\/#breadcrumb"},"inLanguage":"es-AR","potentialAction":[{"@type":"ReadAction","target":["https:\/\/www.diario21.tv\/noticias\/increible-conductor-ebrio-en-valencia-confunde-entrada-de-metro-con-garaje\/"]}]},{"@type":"ImageObject","inLanguage":"es-AR","@id":"https:\/\/www.diario21.tv\/noticias\/increible-conductor-ebrio-en-valencia-confunde-entrada-de-metro-con-garaje\/#primaryimage","url":"https:\/\/www.diario21.tv\/noticias\/wp-content\/uploads\/2024\/10\/\u00a1Increible-Conductor-ebrio-en-Valencia-confunde-entrada-de-metro-con.jpg","contentUrl":"https:\/\/www.diario21.tv\/noticias\/wp-content\/uploads\/2024\/10\/\u00a1Increible-Conductor-ebrio-en-Valencia-confunde-entrada-de-metro-con.jpg","width":1909,"height":1080,"caption":"Un conductor ebrio confunde la entrada del metro con un garaje en Valencia"},{"@type":"BreadcrumbList","@id":"https:\/\/www.diario21.tv\/noticias\/increible-conductor-ebrio-en-valencia-confunde-entrada-de-metro-con-garaje\/#breadcrumb","itemListElement":[{"@type":"ListItem","position":1,"name":"Accueil","item":"https:\/\/www.diario21.tv\/noticias\/"},{"@type":"ListItem","position":2,"name":"\u00a1Incre\u00edble! Conductor ebrio en Valencia confunde entrada de metro con garaje"}]},{"@type":"WebSite","@id":"https:\/\/www.diario21.tv\/noticias\/#website","url":"https:\/\/www.diario21.tv\/noticias\/","name":"Diario 21","description":"","potentialAction":[{"@type":"SearchAction","target":{"@type":"EntryPoint","urlTemplate":"https:\/\/www.diario21.tv\/noticias\/?s={search_term_string}"},"query-input":{"@type":"PropertyValueSpecification","valueRequired":true,"valueName":"search_term_string"}}],"inLanguage":"es-AR"},{"@type":"Person","@id":"https:\/\/www.diario21.tv\/noticias\/#\/schema\/person\/dfb778f73814d8f09f302618446a526b","name":"Juan P\u00e9rez","image":{"@type":"ImageObject","inLanguage":"es-AR","@id":"https:\/\/www.diario21.tv\/noticias\/#\/schema\/person\/image\/","url":"https:\/\/secure.gravatar.com\/avatar\/c478a405bd10621167f4c3167cc770f5?s=96&d=mm&r=g","contentUrl":"https:\/\/secure.gravatar.com\/avatar\/c478a405bd10621167f4c3167cc770f5?s=96&d=mm&r=g","caption":"Juan P\u00e9rez"},"description":"Juan P\u00e9rez es el redactor en jefe de Diario 21. Con m\u00e1s de 10 a\u00f1os de experiencia en el periodismo, se especializa en pol\u00edtica nacional y an\u00e1lisis socioecon\u00f3mico. Su enfoque cr\u00edtico y riguroso aporta una perspectiva \u00fanica a cada art\u00edculo.","sameAs":["https:\/\/www.diario21.tv\/noticias\/"],"url":"https:\/\/www.diario21.tv\/noticias\/author\/juan-perez\/"}]}},"_links":{"self":[{"href":"https:\/\/www.diario21.tv\/noticias\/wp-json\/wp\/v2\/posts\/1040"}],"collection":[{"href":"https:\/\/www.diario21.tv\/noticias\/wp-json\/wp\/v2\/posts"}],"about":[{"href":"https:\/\/www.diario21.tv\/noticias\/wp-json\/wp\/v2\/types\/post"}],"author":[{"embeddable":true,"href":"https:\/\/www.diario21.tv\/noticias\/wp-json\/wp\/v2\/users\/20"}],"replies":[{"embeddable":true,"href":"https:\/\/www.diario21.tv\/noticias\/wp-json\/wp\/v2\/comments?post=1040"}],"version-history":[{"count":1,"href":"https:\/\/www.diario21.tv\/noticias\/wp-json\/wp\/v2\/posts\/1040\/revisions"}],"predecessor-version":[{"id":1042,"href":"https:\/\/www.diario21.tv\/noticias\/wp-json\/wp\/v2\/posts\/1040\/revisions\/1042"}],"wp:featuredmedia":[{"embeddable":true,"href":"https:\/\/www.diario21.tv\/noticias\/wp-json\/wp\/v2\/media\/1041"}],"wp:attachment":[{"href":"https:\/\/www.diario21.tv\/noticias\/wp-json\/wp\/v2\/media?parent=1040"}],"wp:term":[{"taxonomy":"category","embeddable":true,"href":"https:\/\/www.diario21.tv\/noticias\/wp-json\/wp\/v2\/categories?post=1040"},{"taxonomy":"post_tag","embeddable":true,"href":"https:\/\/www.diario21.tv\/noticias\/wp-json\/wp\/v2\/tags?post=1040"}],"curies":[{"name":"wp","href":"https:\/\/api.w.org\/{rel}","templated":true}]}}