{"id":1037,"date":"2024-10-30T00:33:25","date_gmt":"2024-10-30T00:33:25","guid":{"rendered":"https:\/\/www.diario21.tv\/noticias\/alerta-la-sociedad-de-consumo-supera-a-la-salud-en-guerra-silenciosa\/"},"modified":"2024-10-30T00:33:27","modified_gmt":"2024-10-30T00:33:27","slug":"alerta-la-sociedad-de-consumo-supera-a-la-salud-en-guerra-silenciosa","status":"publish","type":"post","link":"https:\/\/www.diario21.tv\/noticias\/alerta-la-sociedad-de-consumo-supera-a-la-salud-en-guerra-silenciosa\/","title":{"rendered":"\u00a1Alerta! La sociedad de consumo supera a la salud en guerra silenciosa"},"content":{"rendered":"<h2>La Influencia del Consumismo en la Salud P\u00fablica<\/h2>\n<p>En la sociedad actual, el consumismo ha crecido de manera exponencial, afectando diversos aspectos de nuestras vidas. Uno de los impactos m\u00e1s significativos se observa en el \u00e1mbito de la salud p\u00fablica. La constante exposici\u00f3n a productos y servicios dise\u00f1ados para captar la atenci\u00f3n del consumidor est\u00e1 repercutiendo negativamente en nuestra salud f\u00edsica y mental.<\/p>\n<h3>El Impacto en la Salud F\u00edsica<\/h3>\n<p>Los estilos de vida modernos, impulsados por la publicidad y las tendencias de consumo, han conducido a un aumento en la prevalencia de enfermedades relacionadas con la dieta y el sedentarismo. La obesidad, la diabetes tipo 2 y diversas enfermedades cardiovasculares son solo algunas de las condiciones que se han visto potenciadas por un mercado saturado de alimentos procesados y opciones de entretenimiento que promueven un estilo de vida sedentario. Los consumidores son bombardeados con publicidades que glorifican el consumo de comida r\u00e1pida y snacks cargados de az\u00facares y grasas, mientras minimizan la importancia de una dieta balanceada y la actividad f\u00edsica regular.<\/p>\n<h3>Las Consecuencias para la Salud Mental<\/h3>\n<p>No solo nuestro bienestar f\u00edsico est\u00e1 en juego, sino tambi\u00e9n nuestra salud mental. La cultura de consumo perpet\u00faa un ciclo de deseo y gratificaci\u00f3n instant\u00e1nea que puede llevar a problemas como la ansiedad y la depresi\u00f3n. La constante comparaci\u00f3n con est\u00e1ndares de vida y \u00e9xito, muchas veces inalcanzables y fabricados por los medios de comunicaci\u00f3n, puede afectar negativamente la autoestima y el sentido de satisfacci\u00f3n personal.<\/p>\n<p>Adem\u00e1s, la presi\u00f3n por mantenerse al d\u00eda con las \u00faltimas tendencias y productos puede causar estr\u00e9s financiero, lo cual es otro factor que contribuye al deterioro de la salud mental. Este estr\u00e9s, combinado con un estilo de vida acelerado y poco saludable, crea un ambiente propicio para el desarrollo de trastornos psicol\u00f3gicos.<\/p>\n<h2>Buscando Soluciones Sostenibles<\/h2>\n<p>Es crucial que como sociedad reconozcamos y actuemos frente a las presiones del consumismo que est\u00e1n afectando nuestra salud. Necesitamos fomentar una cultura que valore m\u00e1s el bienestar a largo plazo y menos la gratificaci\u00f3n instant\u00e1nea. Esto puede lograrse a trav\u00e9s de la educaci\u00f3n y la implementaci\u00f3n de pol\u00edticas p\u00fablicas que promuevan h\u00e1bitos de vida saludables.<\/p>\n<p>Las instituciones educativas tienen un papel fundamental en la ense\u00f1anza de h\u00e1bitos saludables desde una edad temprana. Por otro lado, los gobiernos pueden intervenir regulando la publicidad enga\u00f1osa de alimentos poco saludables y promoviendo el acceso a opciones m\u00e1s saludables.<\/p>\n<p>Adem\u00e1s, es importante que cada individuo tome responsabilidad sobre sus propias elecciones de consumo. Optar por una dieta balanceada, dedicar tiempo a la actividad f\u00edsica regular y buscar un equilibrio en nuestra vida diaria son pasos esenciales para contrarrestar los efectos nocivos del consumismo.<\/p>\n<p>En conclusi\u00f3n, si bien el consumismo ha modelado de manera significativa nuestra sociedad, a\u00fan estamos a tiempo de cambiar el curso hacia un futuro m\u00e1s saludable. Reconocer el problema es el primer paso, pero se requiere de un esfuerzo colectivo y sostenido para superar esta batalla en favor de nuestra salud.<\/p>\n\n\n<div class=\"kk-star-ratings kksr-auto kksr-align-left kksr-valign-bottom\"\n    data-payload='{&quot;align&quot;:&quot;left&quot;,&quot;id&quot;:&quot;1037&quot;,&quot;slug&quot;:&quot;default&quot;,&quot;valign&quot;:&quot;bottom&quot;,&quot;ignore&quot;:&quot;&quot;,&quot;reference&quot;:&quot;auto&quot;,&quot;class&quot;:&quot;&quot;,&quot;count&quot;:&quot;0&quot;,&quot;legendonly&quot;:&quot;&quot;,&quot;readonly&quot;:&quot;&quot;,&quot;score&quot;:&quot;0&quot;,&quot;starsonly&quot;:&quot;&quot;,&quot;best&quot;:&quot;5&quot;,&quot;gap&quot;:&quot;5&quot;,&quot;greet&quot;:&quot;Valora este post&quot;,&quot;legend&quot;:&quot;0\\\/5 - (0 votes)&quot;,&quot;size&quot;:&quot;22&quot;,&quot;title&quot;:&quot;\u00a1Alerta! La sociedad de consumo supera a la salud en guerra silenciosa&quot;,&quot;width&quot;:&quot;0&quot;,&quot;_legend&quot;:&quot;{score}\\\/{best} - ({count} {votes})&quot;,&quot;font_factor&quot;:&quot;1.25&quot;}'>\n            \n<div class=\"kksr-stars\">\n    \n<div class=\"kksr-stars-inactive\">\n            <div class=\"kksr-star\" data-star=\"1\" style=\"padding-right: 5px\">\n            \n\n<div class=\"kksr-icon\" style=\"width: 22px; height: 22px;\"><\/div>\n        <\/div>\n            <div class=\"kksr-star\" data-star=\"2\" style=\"padding-right: 5px\">\n            \n\n<div class=\"kksr-icon\" style=\"width: 22px; height: 22px;\"><\/div>\n        <\/div>\n            <div class=\"kksr-star\" data-star=\"3\" style=\"padding-right: 5px\">\n            \n\n<div class=\"kksr-icon\" style=\"width: 22px; height: 22px;\"><\/div>\n        <\/div>\n            <div class=\"kksr-star\" data-star=\"4\" style=\"padding-right: 5px\">\n            \n\n<div class=\"kksr-icon\" style=\"width: 22px; height: 22px;\"><\/div>\n        <\/div>\n            <div class=\"kksr-star\" data-star=\"5\" style=\"padding-right: 5px\">\n            \n\n<div class=\"kksr-icon\" style=\"width: 22px; height: 22px;\"><\/div>\n        <\/div>\n    <\/div>\n    \n<div class=\"kksr-stars-active\" style=\"width: 0px;\">\n            <div class=\"kksr-star\" style=\"padding-right: 5px\">\n            \n\n<div class=\"kksr-icon\" style=\"width: 22px; height: 22px;\"><\/div>\n        <\/div>\n            <div class=\"kksr-star\" style=\"padding-right: 5px\">\n            \n\n<div class=\"kksr-icon\" style=\"width: 22px; height: 22px;\"><\/div>\n        <\/div>\n            <div class=\"kksr-star\" style=\"padding-right: 5px\">\n            \n\n<div class=\"kksr-icon\" style=\"width: 22px; height: 22px;\"><\/div>\n        <\/div>\n            <div class=\"kksr-star\" style=\"padding-right: 5px\">\n            \n\n<div class=\"kksr-icon\" style=\"width: 22px; height: 22px;\"><\/div>\n        <\/div>\n            <div class=\"kksr-star\" style=\"padding-right: 5px\">\n            \n\n<div class=\"kksr-icon\" style=\"width: 22px; height: 22px;\"><\/div>\n        <\/div>\n    <\/div>\n<\/div>\n                \n\n<div class=\"kksr-legend\" style=\"font-size: 17.6px;\">\n            <span class=\"kksr-muted\">Valora este post<\/span>\n    <\/div>\n    <\/div>\n","protected":false},"excerpt":{"rendered":"<p>La Influencia del Consumismo en la Salud P\u00fablica En la sociedad actual, el consumismo ha crecido de manera exponencial, afectando diversos aspectos de nuestras vidas. Uno &#8230; <a title=\"\u00a1Alerta! La sociedad de consumo supera a la salud en guerra silenciosa\" class=\"read-more\" href=\"https:\/\/www.diario21.tv\/noticias\/alerta-la-sociedad-de-consumo-supera-a-la-salud-en-guerra-silenciosa\/\" aria-label=\"Leer m\u00e1s sobre \u00a1Alerta! La sociedad de consumo supera a la salud en guerra silenciosa\">Seguir leyendo &rarr;<\/a><\/p>\n","protected":false},"author":20,"featured_media":1038,"comment_status":"open","ping_status":"open","sticky":false,"template":"","format":"standard","meta":{"footnotes":""},"categories":[13],"tags":[],"class_list":["post-1037","post","type-post","status-publish","format-standard","has-post-thumbnail","hentry","category-portada"],"yoast_head":"<!-- This site is optimized with the Yoast SEO plugin v25.6 - https:\/\/yoast.com\/wordpress\/plugins\/seo\/ -->\n<title>\u00a1Alerta! La sociedad de consumo supera a la salud en guerra silenciosa - Diario 21<\/title>\n<meta name=\"robots\" content=\"index, follow, max-snippet:-1, max-image-preview:large, max-video-preview:-1\" \/>\n<link rel=\"canonical\" href=\"https:\/\/www.diario21.tv\/noticias\/alerta-la-sociedad-de-consumo-supera-a-la-salud-en-guerra-silenciosa\/\" \/>\n<meta property=\"og:locale\" content=\"es_ES\" \/>\n<meta property=\"og:type\" content=\"article\" \/>\n<meta property=\"og:title\" content=\"\u00a1Alerta! La sociedad de consumo supera a la salud en guerra silenciosa - Diario 21\" \/>\n<meta property=\"og:description\" content=\"La Influencia del Consumismo en la Salud P\u00fablica En la sociedad actual, el consumismo ha crecido de manera exponencial, afectando diversos aspectos de nuestras vidas. Uno ... Seguir leyendo &rarr;\" \/>\n<meta property=\"og:url\" content=\"https:\/\/www.diario21.tv\/noticias\/alerta-la-sociedad-de-consumo-supera-a-la-salud-en-guerra-silenciosa\/\" \/>\n<meta property=\"og:site_name\" content=\"Diario 21\" \/>\n<meta property=\"article:published_time\" content=\"2024-10-30T00:33:25+00:00\" \/>\n<meta property=\"article:modified_time\" content=\"2024-10-30T00:33:27+00:00\" \/>\n<meta property=\"og:image\" content=\"https:\/\/www.diario21.tv\/noticias\/wp-content\/uploads\/2024\/10\/\u00a1Alerta-La-sociedad-de-consumo-supera-a-la-salud-en.jpg\" \/>\n\t<meta property=\"og:image:width\" content=\"1920\" \/>\n\t<meta property=\"og:image:height\" content=\"1080\" \/>\n\t<meta property=\"og:image:type\" content=\"image\/jpeg\" \/>\n<meta name=\"author\" content=\"Juan P\u00e9rez\" \/>\n<meta name=\"twitter:card\" content=\"summary_large_image\" \/>\n<meta name=\"twitter:label1\" content=\"Escrito por\" \/>\n\t<meta name=\"twitter:data1\" content=\"Juan P\u00e9rez\" \/>\n\t<meta name=\"twitter:label2\" content=\"Tiempo de lectura\" \/>\n\t<meta name=\"twitter:data2\" content=\"3 minutos\" \/>\n<script type=\"application\/ld+json\" class=\"yoast-schema-graph\">{\"@context\":\"https:\/\/schema.org\",\"@graph\":[{\"@type\":\"WebPage\",\"@id\":\"https:\/\/www.diario21.tv\/noticias\/alerta-la-sociedad-de-consumo-supera-a-la-salud-en-guerra-silenciosa\/\",\"url\":\"https:\/\/www.diario21.tv\/noticias\/alerta-la-sociedad-de-consumo-supera-a-la-salud-en-guerra-silenciosa\/\",\"name\":\"\u00a1Alerta! La sociedad de consumo supera a la salud en guerra silenciosa - Diario 21\",\"isPartOf\":{\"@id\":\"https:\/\/www.diario21.tv\/noticias\/#website\"},\"primaryImageOfPage\":{\"@id\":\"https:\/\/www.diario21.tv\/noticias\/alerta-la-sociedad-de-consumo-supera-a-la-salud-en-guerra-silenciosa\/#primaryimage\"},\"image\":{\"@id\":\"https:\/\/www.diario21.tv\/noticias\/alerta-la-sociedad-de-consumo-supera-a-la-salud-en-guerra-silenciosa\/#primaryimage\"},\"thumbnailUrl\":\"https:\/\/www.diario21.tv\/noticias\/wp-content\/uploads\/2024\/10\/\u00a1Alerta-La-sociedad-de-consumo-supera-a-la-salud-en.jpg\",\"datePublished\":\"2024-10-30T00:33:25+00:00\",\"dateModified\":\"2024-10-30T00:33:27+00:00\",\"author\":{\"@id\":\"https:\/\/www.diario21.tv\/noticias\/#\/schema\/person\/dfb778f73814d8f09f302618446a526b\"},\"breadcrumb\":{\"@id\":\"https:\/\/www.diario21.tv\/noticias\/alerta-la-sociedad-de-consumo-supera-a-la-salud-en-guerra-silenciosa\/#breadcrumb\"},\"inLanguage\":\"es-AR\",\"potentialAction\":[{\"@type\":\"ReadAction\",\"target\":[\"https:\/\/www.diario21.tv\/noticias\/alerta-la-sociedad-de-consumo-supera-a-la-salud-en-guerra-silenciosa\/\"]}]},{\"@type\":\"ImageObject\",\"inLanguage\":\"es-AR\",\"@id\":\"https:\/\/www.diario21.tv\/noticias\/alerta-la-sociedad-de-consumo-supera-a-la-salud-en-guerra-silenciosa\/#primaryimage\",\"url\":\"https:\/\/www.diario21.tv\/noticias\/wp-content\/uploads\/2024\/10\/\u00a1Alerta-La-sociedad-de-consumo-supera-a-la-salud-en.jpg\",\"contentUrl\":\"https:\/\/www.diario21.tv\/noticias\/wp-content\/uploads\/2024\/10\/\u00a1Alerta-La-sociedad-de-consumo-supera-a-la-salud-en.jpg\",\"width\":1920,\"height\":1080,\"caption\":\"\u00abLa sociedad de consumo le est\u00e1 ganando la guerra a la salud\u00bb\"},{\"@type\":\"BreadcrumbList\",\"@id\":\"https:\/\/www.diario21.tv\/noticias\/alerta-la-sociedad-de-consumo-supera-a-la-salud-en-guerra-silenciosa\/#breadcrumb\",\"itemListElement\":[{\"@type\":\"ListItem\",\"position\":1,\"name\":\"Accueil\",\"item\":\"https:\/\/www.diario21.tv\/noticias\/\"},{\"@type\":\"ListItem\",\"position\":2,\"name\":\"\u00a1Alerta! La sociedad de consumo supera a la salud en guerra silenciosa\"}]},{\"@type\":\"WebSite\",\"@id\":\"https:\/\/www.diario21.tv\/noticias\/#website\",\"url\":\"https:\/\/www.diario21.tv\/noticias\/\",\"name\":\"Diario 21\",\"description\":\"\",\"potentialAction\":[{\"@type\":\"SearchAction\",\"target\":{\"@type\":\"EntryPoint\",\"urlTemplate\":\"https:\/\/www.diario21.tv\/noticias\/?s={search_term_string}\"},\"query-input\":{\"@type\":\"PropertyValueSpecification\",\"valueRequired\":true,\"valueName\":\"search_term_string\"}}],\"inLanguage\":\"es-AR\"},{\"@type\":\"Person\",\"@id\":\"https:\/\/www.diario21.tv\/noticias\/#\/schema\/person\/dfb778f73814d8f09f302618446a526b\",\"name\":\"Juan P\u00e9rez\",\"image\":{\"@type\":\"ImageObject\",\"inLanguage\":\"es-AR\",\"@id\":\"https:\/\/www.diario21.tv\/noticias\/#\/schema\/person\/image\/\",\"url\":\"https:\/\/secure.gravatar.com\/avatar\/c478a405bd10621167f4c3167cc770f5?s=96&d=mm&r=g\",\"contentUrl\":\"https:\/\/secure.gravatar.com\/avatar\/c478a405bd10621167f4c3167cc770f5?s=96&d=mm&r=g\",\"caption\":\"Juan P\u00e9rez\"},\"description\":\"Juan P\u00e9rez es el redactor en jefe de Diario 21. Con m\u00e1s de 10 a\u00f1os de experiencia en el periodismo, se especializa en pol\u00edtica nacional y an\u00e1lisis socioecon\u00f3mico. Su enfoque cr\u00edtico y riguroso aporta una perspectiva \u00fanica a cada art\u00edculo.\",\"sameAs\":[\"https:\/\/www.diario21.tv\/noticias\/\"],\"url\":\"https:\/\/www.diario21.tv\/noticias\/author\/juan-perez\/\"}]}<\/script>\n<!-- \/ Yoast SEO plugin. -->","yoast_head_json":{"title":"\u00a1Alerta! La sociedad de consumo supera a la salud en guerra silenciosa - Diario 21","robots":{"index":"index","follow":"follow","max-snippet":"max-snippet:-1","max-image-preview":"max-image-preview:large","max-video-preview":"max-video-preview:-1"},"canonical":"https:\/\/www.diario21.tv\/noticias\/alerta-la-sociedad-de-consumo-supera-a-la-salud-en-guerra-silenciosa\/","og_locale":"es_ES","og_type":"article","og_title":"\u00a1Alerta! La sociedad de consumo supera a la salud en guerra silenciosa - Diario 21","og_description":"La Influencia del Consumismo en la Salud P\u00fablica En la sociedad actual, el consumismo ha crecido de manera exponencial, afectando diversos aspectos de nuestras vidas. Uno ... Seguir leyendo &rarr;","og_url":"https:\/\/www.diario21.tv\/noticias\/alerta-la-sociedad-de-consumo-supera-a-la-salud-en-guerra-silenciosa\/","og_site_name":"Diario 21","article_published_time":"2024-10-30T00:33:25+00:00","article_modified_time":"2024-10-30T00:33:27+00:00","og_image":[{"width":1920,"height":1080,"url":"https:\/\/www.diario21.tv\/noticias\/wp-content\/uploads\/2024\/10\/\u00a1Alerta-La-sociedad-de-consumo-supera-a-la-salud-en.jpg","type":"image\/jpeg"}],"author":"Juan P\u00e9rez","twitter_card":"summary_large_image","twitter_misc":{"Escrito por":"Juan P\u00e9rez","Tiempo de lectura":"3 minutos"},"schema":{"@context":"https:\/\/schema.org","@graph":[{"@type":"WebPage","@id":"https:\/\/www.diario21.tv\/noticias\/alerta-la-sociedad-de-consumo-supera-a-la-salud-en-guerra-silenciosa\/","url":"https:\/\/www.diario21.tv\/noticias\/alerta-la-sociedad-de-consumo-supera-a-la-salud-en-guerra-silenciosa\/","name":"\u00a1Alerta! La sociedad de consumo supera a la salud en guerra silenciosa - Diario 21","isPartOf":{"@id":"https:\/\/www.diario21.tv\/noticias\/#website"},"primaryImageOfPage":{"@id":"https:\/\/www.diario21.tv\/noticias\/alerta-la-sociedad-de-consumo-supera-a-la-salud-en-guerra-silenciosa\/#primaryimage"},"image":{"@id":"https:\/\/www.diario21.tv\/noticias\/alerta-la-sociedad-de-consumo-supera-a-la-salud-en-guerra-silenciosa\/#primaryimage"},"thumbnailUrl":"https:\/\/www.diario21.tv\/noticias\/wp-content\/uploads\/2024\/10\/\u00a1Alerta-La-sociedad-de-consumo-supera-a-la-salud-en.jpg","datePublished":"2024-10-30T00:33:25+00:00","dateModified":"2024-10-30T00:33:27+00:00","author":{"@id":"https:\/\/www.diario21.tv\/noticias\/#\/schema\/person\/dfb778f73814d8f09f302618446a526b"},"breadcrumb":{"@id":"https:\/\/www.diario21.tv\/noticias\/alerta-la-sociedad-de-consumo-supera-a-la-salud-en-guerra-silenciosa\/#breadcrumb"},"inLanguage":"es-AR","potentialAction":[{"@type":"ReadAction","target":["https:\/\/www.diario21.tv\/noticias\/alerta-la-sociedad-de-consumo-supera-a-la-salud-en-guerra-silenciosa\/"]}]},{"@type":"ImageObject","inLanguage":"es-AR","@id":"https:\/\/www.diario21.tv\/noticias\/alerta-la-sociedad-de-consumo-supera-a-la-salud-en-guerra-silenciosa\/#primaryimage","url":"https:\/\/www.diario21.tv\/noticias\/wp-content\/uploads\/2024\/10\/\u00a1Alerta-La-sociedad-de-consumo-supera-a-la-salud-en.jpg","contentUrl":"https:\/\/www.diario21.tv\/noticias\/wp-content\/uploads\/2024\/10\/\u00a1Alerta-La-sociedad-de-consumo-supera-a-la-salud-en.jpg","width":1920,"height":1080,"caption":"\u00abLa sociedad de consumo le est\u00e1 ganando la guerra a la salud\u00bb"},{"@type":"BreadcrumbList","@id":"https:\/\/www.diario21.tv\/noticias\/alerta-la-sociedad-de-consumo-supera-a-la-salud-en-guerra-silenciosa\/#breadcrumb","itemListElement":[{"@type":"ListItem","position":1,"name":"Accueil","item":"https:\/\/www.diario21.tv\/noticias\/"},{"@type":"ListItem","position":2,"name":"\u00a1Alerta! La sociedad de consumo supera a la salud en guerra silenciosa"}]},{"@type":"WebSite","@id":"https:\/\/www.diario21.tv\/noticias\/#website","url":"https:\/\/www.diario21.tv\/noticias\/","name":"Diario 21","description":"","potentialAction":[{"@type":"SearchAction","target":{"@type":"EntryPoint","urlTemplate":"https:\/\/www.diario21.tv\/noticias\/?s={search_term_string}"},"query-input":{"@type":"PropertyValueSpecification","valueRequired":true,"valueName":"search_term_string"}}],"inLanguage":"es-AR"},{"@type":"Person","@id":"https:\/\/www.diario21.tv\/noticias\/#\/schema\/person\/dfb778f73814d8f09f302618446a526b","name":"Juan P\u00e9rez","image":{"@type":"ImageObject","inLanguage":"es-AR","@id":"https:\/\/www.diario21.tv\/noticias\/#\/schema\/person\/image\/","url":"https:\/\/secure.gravatar.com\/avatar\/c478a405bd10621167f4c3167cc770f5?s=96&d=mm&r=g","contentUrl":"https:\/\/secure.gravatar.com\/avatar\/c478a405bd10621167f4c3167cc770f5?s=96&d=mm&r=g","caption":"Juan P\u00e9rez"},"description":"Juan P\u00e9rez es el redactor en jefe de Diario 21. Con m\u00e1s de 10 a\u00f1os de experiencia en el periodismo, se especializa en pol\u00edtica nacional y an\u00e1lisis socioecon\u00f3mico. Su enfoque cr\u00edtico y riguroso aporta una perspectiva \u00fanica a cada art\u00edculo.","sameAs":["https:\/\/www.diario21.tv\/noticias\/"],"url":"https:\/\/www.diario21.tv\/noticias\/author\/juan-perez\/"}]}},"_links":{"self":[{"href":"https:\/\/www.diario21.tv\/noticias\/wp-json\/wp\/v2\/posts\/1037"}],"collection":[{"href":"https:\/\/www.diario21.tv\/noticias\/wp-json\/wp\/v2\/posts"}],"about":[{"href":"https:\/\/www.diario21.tv\/noticias\/wp-json\/wp\/v2\/types\/post"}],"author":[{"embeddable":true,"href":"https:\/\/www.diario21.tv\/noticias\/wp-json\/wp\/v2\/users\/20"}],"replies":[{"embeddable":true,"href":"https:\/\/www.diario21.tv\/noticias\/wp-json\/wp\/v2\/comments?post=1037"}],"version-history":[{"count":1,"href":"https:\/\/www.diario21.tv\/noticias\/wp-json\/wp\/v2\/posts\/1037\/revisions"}],"predecessor-version":[{"id":1039,"href":"https:\/\/www.diario21.tv\/noticias\/wp-json\/wp\/v2\/posts\/1037\/revisions\/1039"}],"wp:featuredmedia":[{"embeddable":true,"href":"https:\/\/www.diario21.tv\/noticias\/wp-json\/wp\/v2\/media\/1038"}],"wp:attachment":[{"href":"https:\/\/www.diario21.tv\/noticias\/wp-json\/wp\/v2\/media?parent=1037"}],"wp:term":[{"taxonomy":"category","embeddable":true,"href":"https:\/\/www.diario21.tv\/noticias\/wp-json\/wp\/v2\/categories?post=1037"},{"taxonomy":"post_tag","embeddable":true,"href":"https:\/\/www.diario21.tv\/noticias\/wp-json\/wp\/v2\/tags?post=1037"}],"curies":[{"name":"wp","href":"https:\/\/api.w.org\/{rel}","templated":true}]}}