{"id":1010,"date":"2024-10-27T11:00:27","date_gmt":"2024-10-27T11:00:27","guid":{"rendered":"https:\/\/www.diario21.tv\/noticias\/alerta-del-papa-nueva-enciclica-revela-los-peligros-de-la-inteligencia-artificial\/"},"modified":"2024-10-27T11:00:29","modified_gmt":"2024-10-27T11:00:29","slug":"alerta-del-papa-nueva-enciclica-revela-los-peligros-de-la-inteligencia-artificial","status":"publish","type":"post","link":"https:\/\/www.diario21.tv\/noticias\/alerta-del-papa-nueva-enciclica-revela-los-peligros-de-la-inteligencia-artificial\/","title":{"rendered":"\u00a1Alerta del Papa! Nueva enc\u00edclica revela los peligros de la inteligencia artificial"},"content":{"rendered":"<h2>La Nueva Enc\u00edclica del Papa Aborda los Desaf\u00edos de la Inteligencia Artificial<\/h2>\n<p>En una reciente enc\u00edclica publicada por el Vaticano, el Papa Francisco ha expresado su preocupaci\u00f3n acerca de los avances y la aplicaci\u00f3n de la inteligencia artificial (IA). En este extenso documento, el l\u00edder de la Iglesia Cat\u00f3lica detalla varios aspectos que considera cr\u00edticos en el contexto de los desarrollos tecnol\u00f3gicos modernos, subrayando la importancia de mantener un equilibrio \u00e9tico que resguarde la dignidad humana y los derechos fundamentales.<\/p>\n<h3>Las Preocupaciones \u00c9ticas de la Inteligencia Artificial<\/h3>\n<p>El Papa Francisco ha se\u00f1alado que, aunque la inteligencia artificial puede ofrecer soluciones a numerosos problemas globales, tambi\u00e9n plantea importantes desaf\u00edos \u00e9ticos. Su preocupaci\u00f3n principal radica en el uso y control de la IA, argumentando que sin una regulaci\u00f3n adecuada, podr\u00eda ser utilizada para manipular y controlar, poniendo en riesgo la libertad y la privacidad de las personas.<\/p>\n<p>El documento papal enfatiza que la inteligencia artificial debe ser dise\u00f1ada y utilizada con una clara orientaci\u00f3n hacia el bien com\u00fan, respetando siempre los principios \u00e9ticos que protegen la dignidad humana. Adem\u00e1s, el Papa advierte sobre el peligro de depender excesivamente de la tecnolog\u00eda en nuestras vidas diarias, lo cual podr\u00eda llevar a una deshumanizaci\u00f3n de la sociedad.<\/p>\n<h3>La Necesidad de una Regulaci\u00f3n Apropiada<\/h3>\n<p>Una parte significativa de la enc\u00edclica est\u00e1 dedicada a la necesidad de crear un marco regulatorio internacional que pueda gestionar los avances en la inteligencia artificial de manera justa y equitativa. El Papa sugiere que es imperativo que las naciones trabajen conjuntamente para establecer normativas que no solo impulsen el desarrollo tecnol\u00f3gico, sino que tambi\u00e9n protejan los derechos humanos y promuevan la justicia social.<\/p>\n<p>El l\u00edder cat\u00f3lico hace un llamado a los l\u00edderes mundiales, cient\u00edficos y tecn\u00f3logos para que colaboren en la creaci\u00f3n de pol\u00edticas que dirijan la evoluci\u00f3n de la IA hacia direcciones que beneficien a toda la humanidad, evitando al mismo tiempo la acumulaci\u00f3n de poder y riqueza en pocas manos, lo cual podr\u00eda intensificar las desigualdades existentes.<\/p>\n<h3>Implicaciones para el Futuro<\/h3>\n<p>El Papa Francisco concluye su enc\u00edclica con una reflexi\u00f3n sobre el futuro, instando a la comunidad internacional a considerar seriamente las implicaciones a largo plazo de la inteligencia artificial. Hace hincapi\u00e9 en la necesidad de educar a las nuevas generaciones sobre los valores \u00e9ticos y morales que deben guiar el desarrollo tecnol\u00f3gico, para que puedan enfrentar los dilemas \u00e9ticos que la IA presenta con sabidur\u00eda y prudencia.<\/p>\n<p>Este documento del Vaticano no solo resalta los riesgos potenciales de la tecnolog\u00eda avanzada, sino que tambi\u00e9n reafirma la fe en la capacidad humana para guiar el progreso tecnol\u00f3gico en beneficio de todos. Con esta enc\u00edclica, el Papa Francisco proporciona una importante contribuci\u00f3n al debate global sobre c\u00f3mo la humanidad puede y debe moldear el futuro de la inteligencia artificial.<\/p>\n\n\n<div class=\"kk-star-ratings kksr-auto kksr-align-left kksr-valign-bottom\"\n    data-payload='{&quot;align&quot;:&quot;left&quot;,&quot;id&quot;:&quot;1010&quot;,&quot;slug&quot;:&quot;default&quot;,&quot;valign&quot;:&quot;bottom&quot;,&quot;ignore&quot;:&quot;&quot;,&quot;reference&quot;:&quot;auto&quot;,&quot;class&quot;:&quot;&quot;,&quot;count&quot;:&quot;0&quot;,&quot;legendonly&quot;:&quot;&quot;,&quot;readonly&quot;:&quot;&quot;,&quot;score&quot;:&quot;0&quot;,&quot;starsonly&quot;:&quot;&quot;,&quot;best&quot;:&quot;5&quot;,&quot;gap&quot;:&quot;5&quot;,&quot;greet&quot;:&quot;Valora este post&quot;,&quot;legend&quot;:&quot;0\\\/5 - (0 votes)&quot;,&quot;size&quot;:&quot;22&quot;,&quot;title&quot;:&quot;\u00a1Alerta del Papa! Nueva enc\u00edclica revela los peligros de la inteligencia artificial&quot;,&quot;width&quot;:&quot;0&quot;,&quot;_legend&quot;:&quot;{score}\\\/{best} - ({count} {votes})&quot;,&quot;font_factor&quot;:&quot;1.25&quot;}'>\n            \n<div class=\"kksr-stars\">\n    \n<div class=\"kksr-stars-inactive\">\n            <div class=\"kksr-star\" data-star=\"1\" style=\"padding-right: 5px\">\n            \n\n<div class=\"kksr-icon\" style=\"width: 22px; height: 22px;\"><\/div>\n        <\/div>\n            <div class=\"kksr-star\" data-star=\"2\" style=\"padding-right: 5px\">\n            \n\n<div class=\"kksr-icon\" style=\"width: 22px; height: 22px;\"><\/div>\n        <\/div>\n            <div class=\"kksr-star\" data-star=\"3\" style=\"padding-right: 5px\">\n            \n\n<div class=\"kksr-icon\" style=\"width: 22px; height: 22px;\"><\/div>\n        <\/div>\n            <div class=\"kksr-star\" data-star=\"4\" style=\"padding-right: 5px\">\n            \n\n<div class=\"kksr-icon\" style=\"width: 22px; height: 22px;\"><\/div>\n        <\/div>\n            <div class=\"kksr-star\" data-star=\"5\" style=\"padding-right: 5px\">\n            \n\n<div class=\"kksr-icon\" style=\"width: 22px; height: 22px;\"><\/div>\n        <\/div>\n    <\/div>\n    \n<div class=\"kksr-stars-active\" style=\"width: 0px;\">\n            <div class=\"kksr-star\" style=\"padding-right: 5px\">\n            \n\n<div class=\"kksr-icon\" style=\"width: 22px; height: 22px;\"><\/div>\n        <\/div>\n            <div class=\"kksr-star\" style=\"padding-right: 5px\">\n            \n\n<div class=\"kksr-icon\" style=\"width: 22px; height: 22px;\"><\/div>\n        <\/div>\n            <div class=\"kksr-star\" style=\"padding-right: 5px\">\n            \n\n<div class=\"kksr-icon\" style=\"width: 22px; height: 22px;\"><\/div>\n        <\/div>\n            <div class=\"kksr-star\" style=\"padding-right: 5px\">\n            \n\n<div class=\"kksr-icon\" style=\"width: 22px; height: 22px;\"><\/div>\n        <\/div>\n            <div class=\"kksr-star\" style=\"padding-right: 5px\">\n            \n\n<div class=\"kksr-icon\" style=\"width: 22px; height: 22px;\"><\/div>\n        <\/div>\n    <\/div>\n<\/div>\n                \n\n<div class=\"kksr-legend\" style=\"font-size: 17.6px;\">\n            <span class=\"kksr-muted\">Valora este post<\/span>\n    <\/div>\n    <\/div>\n","protected":false},"excerpt":{"rendered":"<p>La Nueva Enc\u00edclica del Papa Aborda los Desaf\u00edos de la Inteligencia Artificial En una reciente enc\u00edclica publicada por el Vaticano, el Papa Francisco ha expresado su &#8230; <a title=\"\u00a1Alerta del Papa! Nueva enc\u00edclica revela los peligros de la inteligencia artificial\" class=\"read-more\" href=\"https:\/\/www.diario21.tv\/noticias\/alerta-del-papa-nueva-enciclica-revela-los-peligros-de-la-inteligencia-artificial\/\" aria-label=\"Leer m\u00e1s sobre \u00a1Alerta del Papa! Nueva enc\u00edclica revela los peligros de la inteligencia artificial\">Seguir leyendo &rarr;<\/a><\/p>\n","protected":false},"author":20,"featured_media":1011,"comment_status":"open","ping_status":"open","sticky":false,"template":"","format":"standard","meta":{"footnotes":""},"categories":[13],"tags":[],"class_list":["post-1010","post","type-post","status-publish","format-standard","has-post-thumbnail","hentry","category-portada"],"yoast_head":"<!-- This site is optimized with the Yoast SEO plugin v25.6 - https:\/\/yoast.com\/wordpress\/plugins\/seo\/ -->\n<title>\u00a1Alerta del Papa! Nueva enc\u00edclica revela los peligros de la inteligencia artificial - Diario 21<\/title>\n<meta name=\"robots\" content=\"index, follow, max-snippet:-1, max-image-preview:large, max-video-preview:-1\" \/>\n<link rel=\"canonical\" href=\"https:\/\/www.diario21.tv\/noticias\/alerta-del-papa-nueva-enciclica-revela-los-peligros-de-la-inteligencia-artificial\/\" \/>\n<meta property=\"og:locale\" content=\"es_ES\" \/>\n<meta property=\"og:type\" content=\"article\" \/>\n<meta property=\"og:title\" content=\"\u00a1Alerta del Papa! Nueva enc\u00edclica revela los peligros de la inteligencia artificial - Diario 21\" \/>\n<meta property=\"og:description\" content=\"La Nueva Enc\u00edclica del Papa Aborda los Desaf\u00edos de la Inteligencia Artificial En una reciente enc\u00edclica publicada por el Vaticano, el Papa Francisco ha expresado su ... Seguir leyendo &rarr;\" \/>\n<meta property=\"og:url\" content=\"https:\/\/www.diario21.tv\/noticias\/alerta-del-papa-nueva-enciclica-revela-los-peligros-de-la-inteligencia-artificial\/\" \/>\n<meta property=\"og:site_name\" content=\"Diario 21\" \/>\n<meta property=\"article:published_time\" content=\"2024-10-27T11:00:27+00:00\" \/>\n<meta property=\"article:modified_time\" content=\"2024-10-27T11:00:29+00:00\" \/>\n<meta property=\"og:image\" content=\"https:\/\/www.diario21.tv\/noticias\/wp-content\/uploads\/2024\/10\/\u00a1Alerta-del-Papa-Nueva-enciclica-revela-los-peligros-de-la.jpg\" \/>\n\t<meta property=\"og:image:width\" content=\"1916\" \/>\n\t<meta property=\"og:image:height\" content=\"1080\" \/>\n\t<meta property=\"og:image:type\" content=\"image\/jpeg\" \/>\n<meta name=\"author\" content=\"Juan P\u00e9rez\" \/>\n<meta name=\"twitter:card\" content=\"summary_large_image\" \/>\n<meta name=\"twitter:label1\" content=\"Escrito por\" \/>\n\t<meta name=\"twitter:data1\" content=\"Juan P\u00e9rez\" \/>\n\t<meta name=\"twitter:label2\" content=\"Tiempo de lectura\" \/>\n\t<meta name=\"twitter:data2\" content=\"3 minutos\" \/>\n<script type=\"application\/ld+json\" class=\"yoast-schema-graph\">{\"@context\":\"https:\/\/schema.org\",\"@graph\":[{\"@type\":\"WebPage\",\"@id\":\"https:\/\/www.diario21.tv\/noticias\/alerta-del-papa-nueva-enciclica-revela-los-peligros-de-la-inteligencia-artificial\/\",\"url\":\"https:\/\/www.diario21.tv\/noticias\/alerta-del-papa-nueva-enciclica-revela-los-peligros-de-la-inteligencia-artificial\/\",\"name\":\"\u00a1Alerta del Papa! Nueva enc\u00edclica revela los peligros de la inteligencia artificial - Diario 21\",\"isPartOf\":{\"@id\":\"https:\/\/www.diario21.tv\/noticias\/#website\"},\"primaryImageOfPage\":{\"@id\":\"https:\/\/www.diario21.tv\/noticias\/alerta-del-papa-nueva-enciclica-revela-los-peligros-de-la-inteligencia-artificial\/#primaryimage\"},\"image\":{\"@id\":\"https:\/\/www.diario21.tv\/noticias\/alerta-del-papa-nueva-enciclica-revela-los-peligros-de-la-inteligencia-artificial\/#primaryimage\"},\"thumbnailUrl\":\"https:\/\/www.diario21.tv\/noticias\/wp-content\/uploads\/2024\/10\/\u00a1Alerta-del-Papa-Nueva-enciclica-revela-los-peligros-de-la.jpg\",\"datePublished\":\"2024-10-27T11:00:27+00:00\",\"dateModified\":\"2024-10-27T11:00:29+00:00\",\"author\":{\"@id\":\"https:\/\/www.diario21.tv\/noticias\/#\/schema\/person\/dfb778f73814d8f09f302618446a526b\"},\"breadcrumb\":{\"@id\":\"https:\/\/www.diario21.tv\/noticias\/alerta-del-papa-nueva-enciclica-revela-los-peligros-de-la-inteligencia-artificial\/#breadcrumb\"},\"inLanguage\":\"es-AR\",\"potentialAction\":[{\"@type\":\"ReadAction\",\"target\":[\"https:\/\/www.diario21.tv\/noticias\/alerta-del-papa-nueva-enciclica-revela-los-peligros-de-la-inteligencia-artificial\/\"]}]},{\"@type\":\"ImageObject\",\"inLanguage\":\"es-AR\",\"@id\":\"https:\/\/www.diario21.tv\/noticias\/alerta-del-papa-nueva-enciclica-revela-los-peligros-de-la-inteligencia-artificial\/#primaryimage\",\"url\":\"https:\/\/www.diario21.tv\/noticias\/wp-content\/uploads\/2024\/10\/\u00a1Alerta-del-Papa-Nueva-enciclica-revela-los-peligros-de-la.jpg\",\"contentUrl\":\"https:\/\/www.diario21.tv\/noticias\/wp-content\/uploads\/2024\/10\/\u00a1Alerta-del-Papa-Nueva-enciclica-revela-los-peligros-de-la.jpg\",\"width\":1916,\"height\":1080,\"caption\":\"El Papa advierte en su nueva enc\u00edclica sobre los l\u00edmites de la inteligencia artificial\"},{\"@type\":\"BreadcrumbList\",\"@id\":\"https:\/\/www.diario21.tv\/noticias\/alerta-del-papa-nueva-enciclica-revela-los-peligros-de-la-inteligencia-artificial\/#breadcrumb\",\"itemListElement\":[{\"@type\":\"ListItem\",\"position\":1,\"name\":\"Accueil\",\"item\":\"https:\/\/www.diario21.tv\/noticias\/\"},{\"@type\":\"ListItem\",\"position\":2,\"name\":\"\u00a1Alerta del Papa! Nueva enc\u00edclica revela los peligros de la inteligencia artificial\"}]},{\"@type\":\"WebSite\",\"@id\":\"https:\/\/www.diario21.tv\/noticias\/#website\",\"url\":\"https:\/\/www.diario21.tv\/noticias\/\",\"name\":\"Diario 21\",\"description\":\"\",\"potentialAction\":[{\"@type\":\"SearchAction\",\"target\":{\"@type\":\"EntryPoint\",\"urlTemplate\":\"https:\/\/www.diario21.tv\/noticias\/?s={search_term_string}\"},\"query-input\":{\"@type\":\"PropertyValueSpecification\",\"valueRequired\":true,\"valueName\":\"search_term_string\"}}],\"inLanguage\":\"es-AR\"},{\"@type\":\"Person\",\"@id\":\"https:\/\/www.diario21.tv\/noticias\/#\/schema\/person\/dfb778f73814d8f09f302618446a526b\",\"name\":\"Juan P\u00e9rez\",\"image\":{\"@type\":\"ImageObject\",\"inLanguage\":\"es-AR\",\"@id\":\"https:\/\/www.diario21.tv\/noticias\/#\/schema\/person\/image\/\",\"url\":\"https:\/\/secure.gravatar.com\/avatar\/c478a405bd10621167f4c3167cc770f5?s=96&d=mm&r=g\",\"contentUrl\":\"https:\/\/secure.gravatar.com\/avatar\/c478a405bd10621167f4c3167cc770f5?s=96&d=mm&r=g\",\"caption\":\"Juan P\u00e9rez\"},\"description\":\"Juan P\u00e9rez es el redactor en jefe de Diario 21. Con m\u00e1s de 10 a\u00f1os de experiencia en el periodismo, se especializa en pol\u00edtica nacional y an\u00e1lisis socioecon\u00f3mico. Su enfoque cr\u00edtico y riguroso aporta una perspectiva \u00fanica a cada art\u00edculo.\",\"sameAs\":[\"https:\/\/www.diario21.tv\/noticias\/\"],\"url\":\"https:\/\/www.diario21.tv\/noticias\/author\/juan-perez\/\"}]}<\/script>\n<!-- \/ Yoast SEO plugin. -->","yoast_head_json":{"title":"\u00a1Alerta del Papa! Nueva enc\u00edclica revela los peligros de la inteligencia artificial - Diario 21","robots":{"index":"index","follow":"follow","max-snippet":"max-snippet:-1","max-image-preview":"max-image-preview:large","max-video-preview":"max-video-preview:-1"},"canonical":"https:\/\/www.diario21.tv\/noticias\/alerta-del-papa-nueva-enciclica-revela-los-peligros-de-la-inteligencia-artificial\/","og_locale":"es_ES","og_type":"article","og_title":"\u00a1Alerta del Papa! Nueva enc\u00edclica revela los peligros de la inteligencia artificial - Diario 21","og_description":"La Nueva Enc\u00edclica del Papa Aborda los Desaf\u00edos de la Inteligencia Artificial En una reciente enc\u00edclica publicada por el Vaticano, el Papa Francisco ha expresado su ... Seguir leyendo &rarr;","og_url":"https:\/\/www.diario21.tv\/noticias\/alerta-del-papa-nueva-enciclica-revela-los-peligros-de-la-inteligencia-artificial\/","og_site_name":"Diario 21","article_published_time":"2024-10-27T11:00:27+00:00","article_modified_time":"2024-10-27T11:00:29+00:00","og_image":[{"width":1916,"height":1080,"url":"https:\/\/www.diario21.tv\/noticias\/wp-content\/uploads\/2024\/10\/\u00a1Alerta-del-Papa-Nueva-enciclica-revela-los-peligros-de-la.jpg","type":"image\/jpeg"}],"author":"Juan P\u00e9rez","twitter_card":"summary_large_image","twitter_misc":{"Escrito por":"Juan P\u00e9rez","Tiempo de lectura":"3 minutos"},"schema":{"@context":"https:\/\/schema.org","@graph":[{"@type":"WebPage","@id":"https:\/\/www.diario21.tv\/noticias\/alerta-del-papa-nueva-enciclica-revela-los-peligros-de-la-inteligencia-artificial\/","url":"https:\/\/www.diario21.tv\/noticias\/alerta-del-papa-nueva-enciclica-revela-los-peligros-de-la-inteligencia-artificial\/","name":"\u00a1Alerta del Papa! Nueva enc\u00edclica revela los peligros de la inteligencia artificial - Diario 21","isPartOf":{"@id":"https:\/\/www.diario21.tv\/noticias\/#website"},"primaryImageOfPage":{"@id":"https:\/\/www.diario21.tv\/noticias\/alerta-del-papa-nueva-enciclica-revela-los-peligros-de-la-inteligencia-artificial\/#primaryimage"},"image":{"@id":"https:\/\/www.diario21.tv\/noticias\/alerta-del-papa-nueva-enciclica-revela-los-peligros-de-la-inteligencia-artificial\/#primaryimage"},"thumbnailUrl":"https:\/\/www.diario21.tv\/noticias\/wp-content\/uploads\/2024\/10\/\u00a1Alerta-del-Papa-Nueva-enciclica-revela-los-peligros-de-la.jpg","datePublished":"2024-10-27T11:00:27+00:00","dateModified":"2024-10-27T11:00:29+00:00","author":{"@id":"https:\/\/www.diario21.tv\/noticias\/#\/schema\/person\/dfb778f73814d8f09f302618446a526b"},"breadcrumb":{"@id":"https:\/\/www.diario21.tv\/noticias\/alerta-del-papa-nueva-enciclica-revela-los-peligros-de-la-inteligencia-artificial\/#breadcrumb"},"inLanguage":"es-AR","potentialAction":[{"@type":"ReadAction","target":["https:\/\/www.diario21.tv\/noticias\/alerta-del-papa-nueva-enciclica-revela-los-peligros-de-la-inteligencia-artificial\/"]}]},{"@type":"ImageObject","inLanguage":"es-AR","@id":"https:\/\/www.diario21.tv\/noticias\/alerta-del-papa-nueva-enciclica-revela-los-peligros-de-la-inteligencia-artificial\/#primaryimage","url":"https:\/\/www.diario21.tv\/noticias\/wp-content\/uploads\/2024\/10\/\u00a1Alerta-del-Papa-Nueva-enciclica-revela-los-peligros-de-la.jpg","contentUrl":"https:\/\/www.diario21.tv\/noticias\/wp-content\/uploads\/2024\/10\/\u00a1Alerta-del-Papa-Nueva-enciclica-revela-los-peligros-de-la.jpg","width":1916,"height":1080,"caption":"El Papa advierte en su nueva enc\u00edclica sobre los l\u00edmites de la inteligencia artificial"},{"@type":"BreadcrumbList","@id":"https:\/\/www.diario21.tv\/noticias\/alerta-del-papa-nueva-enciclica-revela-los-peligros-de-la-inteligencia-artificial\/#breadcrumb","itemListElement":[{"@type":"ListItem","position":1,"name":"Accueil","item":"https:\/\/www.diario21.tv\/noticias\/"},{"@type":"ListItem","position":2,"name":"\u00a1Alerta del Papa! Nueva enc\u00edclica revela los peligros de la inteligencia artificial"}]},{"@type":"WebSite","@id":"https:\/\/www.diario21.tv\/noticias\/#website","url":"https:\/\/www.diario21.tv\/noticias\/","name":"Diario 21","description":"","potentialAction":[{"@type":"SearchAction","target":{"@type":"EntryPoint","urlTemplate":"https:\/\/www.diario21.tv\/noticias\/?s={search_term_string}"},"query-input":{"@type":"PropertyValueSpecification","valueRequired":true,"valueName":"search_term_string"}}],"inLanguage":"es-AR"},{"@type":"Person","@id":"https:\/\/www.diario21.tv\/noticias\/#\/schema\/person\/dfb778f73814d8f09f302618446a526b","name":"Juan P\u00e9rez","image":{"@type":"ImageObject","inLanguage":"es-AR","@id":"https:\/\/www.diario21.tv\/noticias\/#\/schema\/person\/image\/","url":"https:\/\/secure.gravatar.com\/avatar\/c478a405bd10621167f4c3167cc770f5?s=96&d=mm&r=g","contentUrl":"https:\/\/secure.gravatar.com\/avatar\/c478a405bd10621167f4c3167cc770f5?s=96&d=mm&r=g","caption":"Juan P\u00e9rez"},"description":"Juan P\u00e9rez es el redactor en jefe de Diario 21. Con m\u00e1s de 10 a\u00f1os de experiencia en el periodismo, se especializa en pol\u00edtica nacional y an\u00e1lisis socioecon\u00f3mico. Su enfoque cr\u00edtico y riguroso aporta una perspectiva \u00fanica a cada art\u00edculo.","sameAs":["https:\/\/www.diario21.tv\/noticias\/"],"url":"https:\/\/www.diario21.tv\/noticias\/author\/juan-perez\/"}]}},"_links":{"self":[{"href":"https:\/\/www.diario21.tv\/noticias\/wp-json\/wp\/v2\/posts\/1010"}],"collection":[{"href":"https:\/\/www.diario21.tv\/noticias\/wp-json\/wp\/v2\/posts"}],"about":[{"href":"https:\/\/www.diario21.tv\/noticias\/wp-json\/wp\/v2\/types\/post"}],"author":[{"embeddable":true,"href":"https:\/\/www.diario21.tv\/noticias\/wp-json\/wp\/v2\/users\/20"}],"replies":[{"embeddable":true,"href":"https:\/\/www.diario21.tv\/noticias\/wp-json\/wp\/v2\/comments?post=1010"}],"version-history":[{"count":1,"href":"https:\/\/www.diario21.tv\/noticias\/wp-json\/wp\/v2\/posts\/1010\/revisions"}],"predecessor-version":[{"id":1012,"href":"https:\/\/www.diario21.tv\/noticias\/wp-json\/wp\/v2\/posts\/1010\/revisions\/1012"}],"wp:featuredmedia":[{"embeddable":true,"href":"https:\/\/www.diario21.tv\/noticias\/wp-json\/wp\/v2\/media\/1011"}],"wp:attachment":[{"href":"https:\/\/www.diario21.tv\/noticias\/wp-json\/wp\/v2\/media?parent=1010"}],"wp:term":[{"taxonomy":"category","embeddable":true,"href":"https:\/\/www.diario21.tv\/noticias\/wp-json\/wp\/v2\/categories?post=1010"},{"taxonomy":"post_tag","embeddable":true,"href":"https:\/\/www.diario21.tv\/noticias\/wp-json\/wp\/v2\/tags?post=1010"}],"curies":[{"name":"wp","href":"https:\/\/api.w.org\/{rel}","templated":true}]}}